{"id":7401,"date":"2022-06-02T15:13:55","date_gmt":"2022-06-02T13:13:55","guid":{"rendered":"https:\/\/agora.xtec.cat\/iesmontbui\/?p=7401"},"modified":"2022-07-05T10:06:04","modified_gmt":"2022-07-05T08:06:04","slug":"cicle-de-xerrades-per-a-families-juny-i-juliol","status":"publish","type":"post","link":"https:\/\/agora.xtec.cat\/iesmontbui\/portada\/cicle-de-xerrades-per-a-families-juny-i-juliol\/","title":{"rendered":"Cicle de xerrades per a fam\u00edlies (juny i juliol)"},"content":{"rendered":"<p>Benvolgudes fam\u00edlies,<\/p>\n<p style=\"text-align: justify;\">us informem que durant els mesos de juny i juliol tindr\u00e0 lloc de manera telem\u00e0tica, un cicle de 3 confer\u00e8ncies destinat a tractar diferents temes que creiem s\u00f3n d&#8217;inter\u00e8s per a les fam\u00edlies del nostre alumnat i que s&#8217;ajusten a l&#8217;Objectiu de Desenvolupament sostenible n\u00famero 4<\/p>\n<p>Aquelles fam\u00edlies interessades podreu accedir-hi fent clic al seg\u00fcent enlla\u00e7, que ser\u00e0 el mateix per a totes les xerrades:<\/p>\n<p><a href=\"https:\/\/ja.cat\/xerradesfamiliesmontbui\">https:\/\/ja.cat\/xerradesfamiliesmontbui<\/a><\/p>\n<p>&nbsp;<\/p>\n<p><span style=\"text-decoration: underline;\"><strong>QUE DIF\u00cdCIL \u00c9S FER DE PARE! QUE DIF\u00cdCIL \u00c9S FER DE MARE!<\/strong><\/span><\/p>\n<p>Crian\u00e7a positiva.<\/p>\n<p style=\"text-align: justify;\">Com influeixen les emocions en la construcci\u00f3 de la personalitat? Eines perqu\u00e8 els teus fills i filles puguin desenvolupar-se positivament, sentir-se estimats i acompanyats.<\/p>\n<p>A c\u00e0rrec de Xesco Espar,\u00a0<strong>els dies 1 i 20 de juny a les 19:00 h.<\/strong><\/p>\n<p>&nbsp;<\/p>\n<p><strong><span style=\"text-decoration: underline;\">COMEN\u00c7AR A PRENDRE DECISIONS<\/span><\/strong><\/p>\n<p>Orientaci\u00f3\/Transici\u00f3 educativa.<\/p>\n<p style=\"text-align: justify;\">Com acompanyes als teus fills i filles en la presa de decisions sobre la seva traject\u00f2ria educativa? Estrat\u00e8gies comunicatives per afavorir una bona comunicaci\u00f3.<\/p>\n<p>A c\u00e0rrec d&#8217;Anna Ortiz,\u00a0<strong>els dies 15 i 22 de juny a les 18:00 h.<\/strong><\/p>\n<p>&nbsp;<\/p>\n<p><span style=\"text-decoration: underline;\"><strong>EMOCIONS, XARXES SOCIALS I FILLS. COM ELS COMBINEM?<\/strong><\/span><\/p>\n<p>Cultura digital.<\/p>\n<p style=\"text-align: justify;\">Com gestionem el nou paradigma de l&#8217;\u00fas de la tecnologia i la comunicaci\u00f3? Eines per oferir una visi\u00f3 cr\u00edtica i constructiva sobre com les emocions s\u00f3n el motor de totes les tensions, angoixes i alegries que ens aporta la nostra experi\u00e8ncia digital.<\/p>\n<p>A c\u00e0rrec de Liliana Arroyo,\u00a0<strong>el 4 de juliol a les 19:00 h.<\/strong><\/p>\n<p style=\"text-align: right;\"><strong>Comunicaci\u00f3<\/strong><\/p>\n","protected":false},"excerpt":{"rendered":"<p>Benvolgudes fam\u00edlies,<br \/>\nus informem que durant els mesos de juny i juliol tindr\u00e0 lloc de manera telem\u00e0tica, un cicle de 3 confer\u00e8ncies destinat a tractar diferents temes que creiem s\u00f3n d&#8217;inter\u00e8s per a les fam\u00edlies del nostre alumnat i que s&#8217;ajusten a l&#8217;Objectiu de Desenvolupament sostenible&hellip;  <a href=\"https:\/\/agora.xtec.cat\/iesmontbui\/portada\/cicle-de-xerrades-per-a-families-juny-i-juliol\/\" title=\"Read Cicle de xerrades per a fam\u00edlies (juny i juliol)\">Llegeix m\u00e9s\u00bb<\/a><\/p>\n","protected":false},"author":66,"featured_media":7410,"comment_status":"closed","ping_status":"closed","sticky":false,"template":"","format":"standard","meta":{"_bbp_topic_count":0,"_bbp_reply_count":0,"_bbp_total_topic_count":0,"_bbp_total_reply_count":0,"_bbp_voice_count":0,"_bbp_anonymous_reply_count":0,"_bbp_topic_count_hidden":0,"_bbp_reply_count_hidden":0,"_bbp_forum_subforum_count":0,"footnotes":""},"categories":[31,98,116,112,117,113,114,115,118,29],"tags":[],"class_list":["post-7401","post","type-post","status-publish","format-standard","has-post-thumbnail","hentry","category-ampa","category-comunicats","category-comunicats1btx","category-comunicats1","category-comunicats2btx","category-comunicats2","category-comunicats3","category-comunicats4","category-comunicatspfi","category-portada"],"post_mailing_queue_ids":[],"_links":{"self":[{"href":"https:\/\/agora.xtec.cat\/iesmontbui\/wp-json\/wp\/v2\/posts\/7401","targetHints":{"allow":["GET"]}}],"collection":[{"href":"https:\/\/agora.xtec.cat\/iesmontbui\/wp-json\/wp\/v2\/posts"}],"about":[{"href":"https:\/\/agora.xtec.cat\/iesmontbui\/wp-json\/wp\/v2\/types\/post"}],"author":[{"embeddable":true,"href":"https:\/\/agora.xtec.cat\/iesmontbui\/wp-json\/wp\/v2\/users\/66"}],"replies":[{"embeddable":true,"href":"https:\/\/agora.xtec.cat\/iesmontbui\/wp-json\/wp\/v2\/comments?post=7401"}],"version-history":[{"count":3,"href":"https:\/\/agora.xtec.cat\/iesmontbui\/wp-json\/wp\/v2\/posts\/7401\/revisions"}],"predecessor-version":[{"id":7409,"href":"https:\/\/agora.xtec.cat\/iesmontbui\/wp-json\/wp\/v2\/posts\/7401\/revisions\/7409"}],"wp:featuredmedia":[{"embeddable":true,"href":"https:\/\/agora.xtec.cat\/iesmontbui\/wp-json\/wp\/v2\/media\/7410"}],"wp:attachment":[{"href":"https:\/\/agora.xtec.cat\/iesmontbui\/wp-json\/wp\/v2\/media?parent=7401"}],"wp:term":[{"taxonomy":"category","embeddable":true,"href":"https:\/\/agora.xtec.cat\/iesmontbui\/wp-json\/wp\/v2\/categories?post=7401"},{"taxonomy":"post_tag","embeddable":true,"href":"https:\/\/agora.xtec.cat\/iesmontbui\/wp-json\/wp\/v2\/tags?post=7401"}],"curies":[{"name":"wp","href":"https:\/\/api.w.org\/{rel}","templated":true}]}}