{"id":7399,"date":"2022-06-02T10:48:50","date_gmt":"2022-06-02T08:48:50","guid":{"rendered":"https:\/\/agora.xtec.cat\/iesmontbui\/?p=7399"},"modified":"2022-06-02T10:55:57","modified_gmt":"2022-06-02T08:55:57","slug":"beques-de-lajuntament-pel-curs-2022-23","status":"publish","type":"post","link":"https:\/\/agora.xtec.cat\/iesmontbui\/portada\/beques-de-lajuntament-pel-curs-2022-23\/","title":{"rendered":"Beques de l&#8217;Ajuntament pel curs 2022-23"},"content":{"rendered":"<p style=\"text-align: justify;\"><span id=\"readspeakerPage\">Des d&#8217;avui i fins el dia 20 de juny, les fam\u00edlies poden demanar ajuts per fer front a les despeses econ\u00f2miques destinades a l\u2019escolaritzaci\u00f3, com ara la compra de llibres i\/o llic\u00e8ncies digitals.<\/span><\/p>\n<p style=\"text-align: justify;\">Poden ser benefici\u00e0ries de les subvencions les fam\u00edlies que compleixin els seg\u00fcents requisits:<\/p>\n<p>a) Estar empadronats en el municipi de Santa Margarida de Montbui (tant el pare, la mare i el\/a fill\/a com en el cas de fam\u00edlies monoparentals el pare o la mare i el\/a fill\/a).<\/p>\n<p>b)\u00a0L\u2019Alumne\/a pel qual es sol\u00b7licita l\u2019ajut ha d\u2019estar matriculat en un centre educatiu de Sta. Margarita de Montbui el curs escolar al qual es refereix la convocat\u00f2ria.<\/p>\n<p>c)\u00a0Estar inscrits al programa de reutilitzaci\u00f3 de llibres de text del Centre Escolar (en el cas que hi hagi).<\/p>\n<p>d) No es pot superar el barem econ\u00f2mic de renda per c\u00e0pita mensual que s&#8217;estableix a les\u00a0<strong><a href=\"https:\/\/www.montbui.cat\/media\/repository\/destacats\/documentes_generics\/1.BASES_MODIF_DESPESES_ESCOLARITZACIo_2022_-_2023_DEF.docx\">BASES DE LA CONVOCAT\u00d2RIA<\/a>\u00a0<\/strong>.<\/p>\n<p>e) No es pot ser titular en r\u00e8gim de propietat o copropietat de m\u00e9s d&#8217;un habitatge<\/p>\n<p>f) No es pot percebre cap altre ajut provinent d&#8217;altres administracions p\u00fabliques que cobreixin totalment el cost de l&#8217;activitat o del servei.<\/p>\n<p>g)\u00a0L&#8217;import m\u00e0xim de l\u2019ajut a l\u2019escolaritzaci\u00f3 segons el curs que estigui cursant l\u2019\/els infant\/s beneficiari\/s quedar\u00e0 definit en l\u2019Article 5 d\u2019aquestes<strong>\u00a0<a href=\"https:\/\/www.montbui.cat\/media\/repository\/destacats\/documentes_generics\/1.BASES_MODIF_DESPESES_ESCOLARITZACIo_2022_-_2023_DEF.docx\">BASES<\/a>\u00a0<\/strong>.<\/p>\n<p style=\"text-align: justify;\"><span id=\"readspeakerPage\">La sol\u00b7licitud d\u2019aquesta beca es podr\u00e0 tramitar preferentment de forma telem\u00e0tica a trav\u00e9s del\u00a0<a href=\"https:\/\/www.montbui.cat\/lajuntament\/serveis-i-tramits\/sollicitud-ajut-economic-municipal-beques-descolaritzacio-curs-2022-2023-del-1-al-20-de-juny\/\" target=\"_blank\" rel=\"noopener noreferrer\">web de l\u2019Ajuntament,<\/a>\u00a0o tamb\u00e9 amb cita pr\u00e8via trucant al tel\u00e8fon 93 804 09 09.<\/span><\/p>\n<p>Us adjuntem el cartell informatiu i els documents d&#8217;informaci\u00f3 i la sol\u00b7licitud:<\/p>\n<p><a href=\"https:\/\/www.montbui.cat\/media\/repository\/destacats\/documentes_generics\/SOL.LICITUD_AJUTS_PER_LES_DESPESES_D_ESCOLARITZACIo_2022-23.docx\">SOL.LICITUD AJUTS PER LES DESPESES D&#8217;ESCOLARITZACI\u00d3 2022-2023<\/a><\/p>\n<p><a href=\"https:\/\/www.montbui.cat\/media\/repository\/destacats\/documentes_generics\/1.BASES_MODIF_DESPESES_ESCOLARITZACIo_2022_-_2023_DEF.docx\" target=\"_blank\" rel=\"noopener\">BASES DE LA CONVOCAT\u00d2RIA 2022-2023<\/a><\/p>\n<p>Si necessiteu el &#8220;Pressupost del cost dels llibres i\/o del Chromebook, llic\u00e8ncies digitals, i\/o quota de reutilitzaci\u00f3, i\/o cost del material escolar de l\u2019etapa d\u2019infantil&#8221; (documentaci\u00f3 complement\u00e0ria n\u00ba 16), us podeu baixar el document <a href=\"https:\/\/agora.xtec.cat\/iesmontbui\/wp-content\/uploads\/usu145\/2022\/06\/Pressupost_beca.pdf\">clicant aqu\u00ed.<\/a><\/p>\n<p>Per m\u00e9s informaci\u00f3 i fer el tr\u00e0mit, visita: <a href=\"https:\/\/www.montbui.cat\/lajuntament\/serveis-i-tramits\/sollicitud-ajut-economic-municipal-beques-descolaritzacio-curs-2022-2023-del-1-al-20-de-juny\/\" target=\"_blank\" rel=\"noopener\">https:\/\/www.montbui.cat\/lajuntament\/serveis-i-tramits\/sollicitud-ajut-economic-municipal-beques-descolaritzacio-curs-2022-2023-del-1-al-20-de-juny\/<\/a><\/p>\n<p><a href=\"https:\/\/agora.xtec.cat\/iesmontbui\/wp-content\/uploads\/usu145\/2022\/06\/Ajuts_escolaritzacio__1_.png\"><img loading=\"lazy\" decoding=\"async\" class=\"alignleft wp-image-7402 size-large\" src=\"https:\/\/agora.xtec.cat\/iesmontbui\/wp-content\/uploads\/usu145\/2022\/06\/Ajuts_escolaritzacio__1_-724x1024.png\" alt=\"\" width=\"724\" height=\"1024\" srcset=\"https:\/\/agora.xtec.cat\/iesmontbui\/wp-content\/uploads\/usu145\/2022\/06\/Ajuts_escolaritzacio__1_-724x1024.png 724w, https:\/\/agora.xtec.cat\/iesmontbui\/wp-content\/uploads\/usu145\/2022\/06\/Ajuts_escolaritzacio__1_-212x300.png 212w, https:\/\/agora.xtec.cat\/iesmontbui\/wp-content\/uploads\/usu145\/2022\/06\/Ajuts_escolaritzacio__1_-768x1086.png 768w, https:\/\/agora.xtec.cat\/iesmontbui\/wp-content\/uploads\/usu145\/2022\/06\/Ajuts_escolaritzacio__1_-1086x1536.png 1086w, https:\/\/agora.xtec.cat\/iesmontbui\/wp-content\/uploads\/usu145\/2022\/06\/Ajuts_escolaritzacio__1_-1448x2048.png 1448w, https:\/\/agora.xtec.cat\/iesmontbui\/wp-content\/uploads\/usu145\/2022\/06\/Ajuts_escolaritzacio__1_.png 1587w\" sizes=\"auto, (max-width: 724px) 100vw, 724px\" \/><\/a><\/p>\n","protected":false},"excerpt":{"rendered":"<p>Des d&#8217;avui i fins el dia 20 de juny, les fam\u00edlies poden demanar ajuts per fer front a les despeses econ\u00f2miques destinades a l\u2019escolaritzaci\u00f3, com ara la compra de llibres i\/o llic\u00e8ncies digitals.<br \/>\nPoden ser benefici\u00e0ries de les subvencions les fam\u00edlies que compleixin els seg\u00fcents requisits:<br \/>\na)&hellip;  <a href=\"https:\/\/agora.xtec.cat\/iesmontbui\/portada\/beques-de-lajuntament-pel-curs-2022-23\/\" title=\"Read Beques de l&#8217;Ajuntament pel curs 2022-23\">Llegeix m\u00e9s\u00bb<\/a><\/p>\n","protected":false},"author":1,"featured_media":7403,"comment_status":"open","ping_status":"closed","sticky":false,"template":"","format":"standard","meta":{"_bbp_topic_count":0,"_bbp_reply_count":0,"_bbp_total_topic_count":0,"_bbp_total_reply_count":0,"_bbp_voice_count":0,"_bbp_anonymous_reply_count":0,"_bbp_topic_count_hidden":0,"_bbp_reply_count_hidden":0,"_bbp_forum_subforum_count":0,"footnotes":""},"categories":[98,29],"tags":[337],"class_list":["post-7399","post","type-post","status-publish","format-standard","has-post-thumbnail","hentry","category-comunicats","category-portada","tag-beca"],"post_mailing_queue_ids":[],"_links":{"self":[{"href":"https:\/\/agora.xtec.cat\/iesmontbui\/wp-json\/wp\/v2\/posts\/7399","targetHints":{"allow":["GET"]}}],"collection":[{"href":"https:\/\/agora.xtec.cat\/iesmontbui\/wp-json\/wp\/v2\/posts"}],"about":[{"href":"https:\/\/agora.xtec.cat\/iesmontbui\/wp-json\/wp\/v2\/types\/post"}],"author":[{"embeddable":true,"href":"https:\/\/agora.xtec.cat\/iesmontbui\/wp-json\/wp\/v2\/users\/1"}],"replies":[{"embeddable":true,"href":"https:\/\/agora.xtec.cat\/iesmontbui\/wp-json\/wp\/v2\/comments?post=7399"}],"version-history":[{"count":2,"href":"https:\/\/agora.xtec.cat\/iesmontbui\/wp-json\/wp\/v2\/posts\/7399\/revisions"}],"predecessor-version":[{"id":7406,"href":"https:\/\/agora.xtec.cat\/iesmontbui\/wp-json\/wp\/v2\/posts\/7399\/revisions\/7406"}],"wp:featuredmedia":[{"embeddable":true,"href":"https:\/\/agora.xtec.cat\/iesmontbui\/wp-json\/wp\/v2\/media\/7403"}],"wp:attachment":[{"href":"https:\/\/agora.xtec.cat\/iesmontbui\/wp-json\/wp\/v2\/media?parent=7399"}],"wp:term":[{"taxonomy":"category","embeddable":true,"href":"https:\/\/agora.xtec.cat\/iesmontbui\/wp-json\/wp\/v2\/categories?post=7399"},{"taxonomy":"post_tag","embeddable":true,"href":"https:\/\/agora.xtec.cat\/iesmontbui\/wp-json\/wp\/v2\/tags?post=7399"}],"curies":[{"name":"wp","href":"https:\/\/api.w.org\/{rel}","templated":true}]}}