{"id":7377,"date":"2022-05-31T09:35:08","date_gmt":"2022-05-31T07:35:08","guid":{"rendered":"https:\/\/agora.xtec.cat\/iesmontbui\/?p=7377"},"modified":"2022-05-31T09:35:16","modified_gmt":"2022-05-31T07:35:16","slug":"setmana-de-les-arts-30-maig-8-juny","status":"publish","type":"post","link":"https:\/\/agora.xtec.cat\/iesmontbui\/eso\/setmana-de-les-arts-30-maig-8-juny\/","title":{"rendered":"Setmana de les Arts (30 maig -8 juny)"},"content":{"rendered":"<p style=\"text-align: justify;\"><span style=\"font-weight: 400;\">Aquest passat dilluns 30 de maig va comen\u00e7ar la Setmana de les Arts de Montbui. Fins al dia 8 de juny podreu gaudir d&#8217;activitats i espectacles dirigits a p\u00fablic de totes les edats; des dels m\u00e9s petits (p2) -amb \u201cTrifulgues del sol i la lluna\u201d de Rah-mon Roma- fins els m\u00e9s grans &#8211; amb \u201cQui riu poc viu a mitges\u201d del conegut monologuista V\u00edctor Parrado &#8211;<\/span><\/p>\n<p style=\"text-align: justify;\"><span style=\"font-weight: 400;\">L\u2019alumnat de l\u2019Institut Montbui participar\u00e0 en tres activitats:<\/span><\/p>\n<ul>\n<li style=\"text-align: justify;\"><b>Postal de retrobament:<\/b><span style=\"font-weight: 400;\"> Activitat\u00a0 conjunta amb l\u2019alumnat de 6\u00e8 de prim\u00e0ria del municipi, organitzada pel departament de visual i pl\u00e0stica (2 de juny).<\/span><\/li>\n<li style=\"text-align: justify;\"><b>Teatre de l\u2019institut:<\/b><span style=\"font-weight: 400;\"> Obra protagonitzada per l\u2019alumnat de l\u2019extraescolar de Teatre del nostre centre, dirigits per Alicia Zamora, amb l\u2019estrena de l\u2019obra \u201cEls misteris dels deu desconeguts\u201d, ideada pel mateix grup de teatre (3 i 4 de juny)<\/span><\/li>\n<li style=\"text-align: justify;\"><b style=\"font-family: inherit; font-size: 1em;\">Concert dels violins de prim\u00e0ria, els grups instrumentals AraArt de l\u2019institut i la coral de l\u2019institut:<\/b><span style=\"font-weight: 400;\"> Obert al p\u00fablic i com a acte final d\u2019aquesta setmana de les arts (8 de juny).<\/span><\/li>\n<\/ul>\n<p>Podeu consultar totes les activitats en el <a href=\"https:\/\/agora.xtec.cat\/iesmontbui\/wp-content\/uploads\/usu145\/2022\/05\/Cartell_Setmana_de_les_Arts_22.jpeg\">cartell promocional<\/a>.<\/p>\n<p style=\"text-align: right;\"><strong>Jaume Domingo<\/strong><\/p>\n","protected":false},"excerpt":{"rendered":"<p>Aquest passat dilluns 30 de maig va comen\u00e7ar la Setmana de les Arts de Montbui. Fins al dia 8 de juny podreu gaudir d&#8217;activitats i espectacles dirigits a p\u00fablic de totes les edats; des dels m\u00e9s petits (p2) -amb \u201cTrifulgues del sol i la lluna\u201d&hellip;  <a href=\"https:\/\/agora.xtec.cat\/iesmontbui\/eso\/setmana-de-les-arts-30-maig-8-juny\/\" title=\"Read Setmana de les Arts (30 maig -8 juny)\">Llegeix m\u00e9s\u00bb<\/a><\/p>\n","protected":false},"author":66,"featured_media":7378,"comment_status":"closed","ping_status":"closed","sticky":false,"template":"","format":"standard","meta":{"_bbp_topic_count":0,"_bbp_reply_count":0,"_bbp_total_topic_count":0,"_bbp_total_reply_count":0,"_bbp_voice_count":0,"_bbp_anonymous_reply_count":0,"_bbp_topic_count_hidden":0,"_bbp_reply_count_hidden":0,"_bbp_forum_subforum_count":0,"footnotes":""},"categories":[98,116,112,117,113,114,115,118,121,3,4,5,6,7,29],"tags":[],"class_list":["post-7377","post","type-post","status-publish","format-standard","has-post-thumbnail","hentry","category-comunicats","category-comunicats1btx","category-comunicats1","category-comunicats2btx","category-comunicats2","category-comunicats3","category-comunicats4","category-comunicatspfi","category-depexpressio","category-eso","category-eso-1","category-eso-2","category-eso-3","category-eso-4","category-portada"],"post_mailing_queue_ids":[],"_links":{"self":[{"href":"https:\/\/agora.xtec.cat\/iesmontbui\/wp-json\/wp\/v2\/posts\/7377","targetHints":{"allow":["GET"]}}],"collection":[{"href":"https:\/\/agora.xtec.cat\/iesmontbui\/wp-json\/wp\/v2\/posts"}],"about":[{"href":"https:\/\/agora.xtec.cat\/iesmontbui\/wp-json\/wp\/v2\/types\/post"}],"author":[{"embeddable":true,"href":"https:\/\/agora.xtec.cat\/iesmontbui\/wp-json\/wp\/v2\/users\/66"}],"replies":[{"embeddable":true,"href":"https:\/\/agora.xtec.cat\/iesmontbui\/wp-json\/wp\/v2\/comments?post=7377"}],"version-history":[{"count":2,"href":"https:\/\/agora.xtec.cat\/iesmontbui\/wp-json\/wp\/v2\/posts\/7377\/revisions"}],"predecessor-version":[{"id":7382,"href":"https:\/\/agora.xtec.cat\/iesmontbui\/wp-json\/wp\/v2\/posts\/7377\/revisions\/7382"}],"wp:featuredmedia":[{"embeddable":true,"href":"https:\/\/agora.xtec.cat\/iesmontbui\/wp-json\/wp\/v2\/media\/7378"}],"wp:attachment":[{"href":"https:\/\/agora.xtec.cat\/iesmontbui\/wp-json\/wp\/v2\/media?parent=7377"}],"wp:term":[{"taxonomy":"category","embeddable":true,"href":"https:\/\/agora.xtec.cat\/iesmontbui\/wp-json\/wp\/v2\/categories?post=7377"},{"taxonomy":"post_tag","embeddable":true,"href":"https:\/\/agora.xtec.cat\/iesmontbui\/wp-json\/wp\/v2\/tags?post=7377"}],"curies":[{"name":"wp","href":"https:\/\/api.w.org\/{rel}","templated":true}]}}