{"id":7366,"date":"2022-05-23T20:03:13","date_gmt":"2022-05-23T18:03:13","guid":{"rendered":"https:\/\/agora.xtec.cat\/iesmontbui\/?p=7366"},"modified":"2022-05-23T20:03:13","modified_gmt":"2022-05-23T18:03:13","slug":"vaga-de-professorat-i-estudiants-25-de-maig","status":"publish","type":"post","link":"https:\/\/agora.xtec.cat\/iesmontbui\/general\/vaga-de-professorat-i-estudiants-25-de-maig\/","title":{"rendered":"Vaga de professorat i estudiants (25 de maig)"},"content":{"rendered":"<p>Benvolgudes fam\u00edlies,<\/p>\n<p>Us informem que els sindicats d\u2019ensenyament USTEC, CCOO, Intersidical, Aspepc-Sps, UGT, CGT, USOC han convocat una vaga pel dia <b>25 de maig de 2022<\/b>.<\/p>\n<p>Durant les hores de classe en les quals el professorat estigui exercint el seu dret a vaga, l\u2019alumnat estar\u00e0 vigilat, per\u00f2 no far\u00e0 classe.<\/p>\n<p>L\u2019activitat lectiva dels docents que no s\u2019acullin al dret de vaga es far\u00e0 sempre que els serveis m\u00ednims estiguin coberts.<\/p>\n<p>Us informem tamb\u00e9 que l\u2019<strong>alumnat de 3r d&#8217;ESO A, C, D i E i 1r de batxillerat B<\/strong>, complint normativa i terminis del centre, ha demanat realitzar la vaga convocada per diferents sindicats de professors i el sindicat d\u2019estudiants <strong>pel mateix dia 25 de maig<\/strong>. Recordem doncs que l\u2019alumnat que s\u2019adhereixi a la vaga i no vingui al centre ha de justificar-ho i, per tant, les fam\u00edlies que estigueu d\u2019acord amb el fet que els vostres fills exerceixin el dret a vaga cal que ompliu el justificant que l\u2019alumnat trobar\u00e0 impr\u00e8s a la consergeria del centre o que podeu descarregar <a href=\"https:\/\/agora.xtec.cat\/iesmontbui\/wp-content\/uploads\/usu145\/2021\/03\/Regulaci%C3%B3-Vagues-Estudiants.pdf\">en aquest enlla\u00e7<\/a>.<\/p>\n<p><strong>En cap cas pot acollir-se al dret de vaga l\u2019alumnat de 1r i 2n d\u2019ESO<\/strong>.<\/p>\n<p>Atentament,<\/p>\n<p><strong>Equip directiu<\/strong><\/p>\n","protected":false},"excerpt":{"rendered":"<p>Benvolgudes fam\u00edlies,<br \/>\nUs informem que els sindicats d\u2019ensenyament USTEC, CCOO, Intersidical, Aspepc-Sps, UGT, CGT, USOC han convocat una vaga pel dia 25 de maig de 2022.<br \/>\nDurant les hores de classe en les quals el professorat estigui exercint el seu dret a vaga, l\u2019alumnat estar\u00e0 vigilat, per\u00f2&hellip;  <a href=\"https:\/\/agora.xtec.cat\/iesmontbui\/general\/vaga-de-professorat-i-estudiants-25-de-maig\/\" title=\"Read Vaga de professorat i estudiants (25 de maig)\">Llegeix m\u00e9s\u00bb<\/a><\/p>\n","protected":false},"author":66,"featured_media":7368,"comment_status":"closed","ping_status":"closed","sticky":false,"template":"","format":"standard","meta":{"_bbp_topic_count":0,"_bbp_reply_count":0,"_bbp_total_topic_count":0,"_bbp_total_reply_count":0,"_bbp_voice_count":0,"_bbp_anonymous_reply_count":0,"_bbp_topic_count_hidden":0,"_bbp_reply_count_hidden":0,"_bbp_forum_subforum_count":0,"footnotes":""},"categories":[67,342,8,98,116,112,117,113,114,115,118,3,6,19,21,340,351,1,29],"tags":[],"class_list":["post-7366","post","type-post","status-publish","format-standard","has-post-thumbnail","hentry","category-batx-1","category-batx-1b","category-batxillerat","category-comunicats","category-comunicats1btx","category-comunicats1","category-comunicats2btx","category-comunicats2","category-comunicats3","category-comunicats4","category-comunicatspfi","category-eso","category-eso-3","category-eso-3a","category-eso-3c","category-eso-3d","category-eso-3e","category-general","category-portada"],"post_mailing_queue_ids":[],"_links":{"self":[{"href":"https:\/\/agora.xtec.cat\/iesmontbui\/wp-json\/wp\/v2\/posts\/7366","targetHints":{"allow":["GET"]}}],"collection":[{"href":"https:\/\/agora.xtec.cat\/iesmontbui\/wp-json\/wp\/v2\/posts"}],"about":[{"href":"https:\/\/agora.xtec.cat\/iesmontbui\/wp-json\/wp\/v2\/types\/post"}],"author":[{"embeddable":true,"href":"https:\/\/agora.xtec.cat\/iesmontbui\/wp-json\/wp\/v2\/users\/66"}],"replies":[{"embeddable":true,"href":"https:\/\/agora.xtec.cat\/iesmontbui\/wp-json\/wp\/v2\/comments?post=7366"}],"version-history":[{"count":1,"href":"https:\/\/agora.xtec.cat\/iesmontbui\/wp-json\/wp\/v2\/posts\/7366\/revisions"}],"predecessor-version":[{"id":7367,"href":"https:\/\/agora.xtec.cat\/iesmontbui\/wp-json\/wp\/v2\/posts\/7366\/revisions\/7367"}],"wp:featuredmedia":[{"embeddable":true,"href":"https:\/\/agora.xtec.cat\/iesmontbui\/wp-json\/wp\/v2\/media\/7368"}],"wp:attachment":[{"href":"https:\/\/agora.xtec.cat\/iesmontbui\/wp-json\/wp\/v2\/media?parent=7366"}],"wp:term":[{"taxonomy":"category","embeddable":true,"href":"https:\/\/agora.xtec.cat\/iesmontbui\/wp-json\/wp\/v2\/categories?post=7366"},{"taxonomy":"post_tag","embeddable":true,"href":"https:\/\/agora.xtec.cat\/iesmontbui\/wp-json\/wp\/v2\/tags?post=7366"}],"curies":[{"name":"wp","href":"https:\/\/api.w.org\/{rel}","templated":true}]}}