{"id":7284,"date":"2022-04-28T11:09:08","date_gmt":"2022-04-28T09:09:08","guid":{"rendered":"https:\/\/agora.xtec.cat\/iesmontbui\/?p=7284"},"modified":"2022-04-28T11:09:34","modified_gmt":"2022-04-28T09:09:34","slug":"sant-jordi-2022","status":"publish","type":"post","link":"https:\/\/agora.xtec.cat\/iesmontbui\/eso\/sant-jordi-2022\/","title":{"rendered":"Sant Jordi 2022"},"content":{"rendered":"<p style=\"text-align: justify;\">Aquest passat divendres 22 d&#8217;abril va tenir lloc l&#8217;acte de celebraci\u00f3 de Sant Jordi, a on es van repartir el premis del Certamen Literari del nostre centre i d&#8217;altres concursos que han tingut lloc al llarg del curs, com s\u00f3n el concurs de postals de Nadal, l&#8217;Olimp\u00edada de filosofia o la Gimcana matem\u00e0tica. Al final de l&#8217;article podreu trobar una llista amb tots els guardonats.<\/p>\n<p>Alguns dels participants al Certamen ens van obsequiar amb la lectura de les seves obres, que tamb\u00e9 podreu gaudir a continuaci\u00f3:<\/p>\n<p><em><strong>Mi lugar favorito &#8211;\u00a0<\/strong><\/em><strong>Shaiel del Pino (Batxillerat)<\/strong><br \/>\n<iframe loading=\"lazy\" src=\"https:\/\/drive.google.com\/file\/d\/1RrafZfcIbBeB87o4ueczA6Hi_evDfL8g\/preview\" width=\"800\" height=\"600\"><\/iframe><br \/>\n<strong><em>Estimada, quantes vegades has fet servir paraules per fer abra\u00e7ades?<\/em><\/strong>\u00a0<strong>&#8211; Laura Garriga (Professorat)<\/strong><br \/>\n<iframe loading=\"lazy\" src=\"https:\/\/drive.google.com\/file\/d\/1RpWig8FwNkIiUOFZKvnpAdTOm4BneMIw\/preview\" width=\"800\" height=\"600\"><span data-mce-type=\"bookmark\" style=\"display: inline-block; width: 0px; overflow: hidden; line-height: 0;\" class=\"mce_SELRES_start\">\ufeff<\/span><\/iframe><\/p>\n<p style=\"text-align: justify;\">L&#8217;acte va comptar amb l&#8217;acompanyament musical dels diversos grups del centre i tamb\u00e9 d&#8217;alguns professors. Els encarregats de l&#8217;obertura van ser els grups de l&#8217;orquestra de vent de 1r i 2n d&#8217;ESO, que van interpretar de forma conjunta el tema <em>Peque\u00f1o paseo medieval<\/em>, d&#8217;en Jos\u00e9 Palaz\u00f3n. A l&#8217;intermedi va ser el torn d&#8217;actuaci\u00f3 de l&#8217;orquestra fusi\u00f3 de 3r d&#8217;ESO, que van interpretar una versi\u00f3 instrumental del tema <em>Perfect\u00a0<\/em>d&#8217;Ed Sheeran. Finalment, l&#8217;acte es va cloure amb l&#8217;actuaci\u00f3 de la coral, que va interpretar el tema\u00a0<em>Sense t\u00fa<\/em>, de Terapia de Shock.<\/p>\n<p>Fent clic al <a href=\"https:\/\/drive.google.com\/drive\/folders\/1Vq6lBvqGPCNAkOSMUyZGKRripdFiR9_o?usp=sharing\">seg\u00fcent enlla\u00e7<\/a> podeu veure un recull fotogr\u00e0fic de tot l&#8217;acte<\/p>\n<p style=\"text-align: right;\"><strong>Comunicaci\u00f3<\/strong><\/p>\n<p><strong>PREMIS GIMCANA MATEM\u00c0TICA<\/strong><\/p>\n<table style=\"border-collapse: collapse; width: 100%;\">\n<tbody>\n<tr>\n<td style=\"width: 50%;\">Primer cicle<\/td>\n<td style=\"width: 50%;\">Maria Roman<\/p>\n<p>Lucia Rico<\/p>\n<p>Nora Romera<\/td>\n<\/tr>\n<tr>\n<td style=\"width: 50%;\">Segon cicle<\/td>\n<td style=\"width: 50%;\">Aram Roca<\/p>\n<p>Hugo Granados<\/p>\n<p>Sara Sol\u00e9<\/td>\n<\/tr>\n<\/tbody>\n<\/table>\n<p><strong>CONCURS DE POSTALS DE NADAL<\/strong><\/p>\n<table style=\"border-collapse: collapse; width: 100%;\">\n<tbody>\n<tr>\n<td style=\"width: 50%;\">Primer cicle<\/td>\n<td style=\"width: 50%;\">Irene Vicho 2n E<\/td>\n<\/tr>\n<tr>\n<td style=\"width: 50%;\">Segon cicle<\/td>\n<td style=\"width: 50%;\">Alba Garcia 4t A<\/td>\n<\/tr>\n<tr>\n<td style=\"width: 50%;\">Batxillerat<\/td>\n<td style=\"width: 50%;\">Safaa El Khamal 1r A<\/td>\n<\/tr>\n<tr>\n<td style=\"width: 50%;\">Professorat<\/td>\n<td style=\"width: 50%;\">Sandra Prat<\/td>\n<\/tr>\n<tr>\n<td style=\"width: 50%;\">Format digital<\/td>\n<td style=\"width: 50%;\">Paula Yan 2n A<\/td>\n<\/tr>\n<\/tbody>\n<\/table>\n<p><strong>OLIMP\u00cdADA DE FILOSOFIA<\/strong><\/p>\n<table style=\"border-collapse: collapse; width: 100%;\">\n<tbody>\n<tr>\n<td style=\"width: 50%;\">Dissertaci\u00f3 filos\u00f2fica<\/td>\n<td style=\"width: 50%;\">Asier Ju\u00e1rez<\/p>\n<p>Doua Azzi<\/p>\n<p>Natalia Reche<\/td>\n<\/tr>\n<tr>\n<td style=\"width: 50%;\">Concurs de cartells<\/td>\n<td style=\"width: 50%;\">Noa G\u00f3mez<\/p>\n<p>Hajar Jouhari<\/td>\n<\/tr>\n<tr>\n<td style=\"width: 50%;\">Concurs de c\u00f2mic<\/td>\n<td style=\"width: 50%;\">Doua Azzi<\/td>\n<\/tr>\n<tr>\n<td style=\"width: 50%;\">Concurs fotogr\u00e0fic<\/td>\n<td style=\"width: 50%;\">Yasmine Escalante<\/p>\n<p>Doua Azzi<\/p>\n<p>Noa G\u00f3mez<\/td>\n<\/tr>\n<\/tbody>\n<\/table>\n<p><strong>CERTAMEN LITERARI 2021-22<\/strong><\/p>\n<table style=\"border-collapse: collapse; width: 100%;\">\n<tbody>\n<tr>\n<td style=\"width: 50%;\">Primer cicle (1r i 2n ESO)<\/td>\n<td style=\"width: 50%;\"><strong>Poesia en catal\u00e0<\/strong><\/p>\n<p><em>Les guerres dels polzars &#8211;\u00a0<\/em>Irene Vicho 2n E<\/p>\n<p><strong>Prosa en catal\u00e0<\/strong><\/p>\n<p><em>Un gran descobriment &#8211;\u00a0<\/em>Mariem Mkik 1r A<\/p>\n<p><strong>Poesia en castell\u00e0<\/strong><\/p>\n<p><em>Yo no miento &#8211;\u00a0<\/em>G\u00e0lia Farhan 1r E<\/td>\n<\/tr>\n<tr>\n<td style=\"width: 50%;\">Segon cicle (3r i 4t ESO)<\/td>\n<td style=\"width: 50%;\"><strong>Poesia en catal\u00e0<\/strong><\/p>\n<p><em>De la vida i la mort &#8211;\u00a0<\/em>Ana Crespo 4t C<\/p>\n<p><strong>Prosa en catal\u00e0<\/strong><\/p>\n<p><em>Perdonar\u00e9 la lluna &#8211;\u00a0<\/em>D\u00fania Farhan 4t B<\/p>\n<p><strong>Poesia en castell\u00e0<\/strong><\/p>\n<p><em>A vosotros &#8211;\u00a0<\/em>D\u00fania Farhan 4t B<\/p>\n<p><strong>Prosa en castell\u00e0<\/strong><\/p>\n<p><em>Dos j\u00f3venes, dos bandos y una guerra &#8211;\u00a0<\/em>Xavier Alonso 3r E<\/p>\n<p><strong>Prosa en angl\u00e8s<\/strong><\/p>\n<p><em>Two different people and one big life &#8211;\u00a0<\/em>Xavier Alonso 3r E<\/td>\n<\/tr>\n<tr>\n<td style=\"width: 50%;\">Batxillerat<\/td>\n<td style=\"width: 50%;\"><strong>Poesia en catal\u00e0<\/strong><\/p>\n<p><em>La ploma &#8211;\u00a0<\/em>Asier Ju\u00e1rez 1r B<\/p>\n<p><strong>Prosa en catal\u00e0<\/strong><\/p>\n<p><em>El m\u00f3n dels homes de veritat &#8211;\u00a0<\/em>Elies Nieto 1r B<\/p>\n<p><strong>Poesia en castell\u00e0<\/strong><\/p>\n<p><em>Mi lugar favorito &#8211;\u00a0<\/em>Shaiel del Pino 2n B<\/p>\n<p><strong>Prosa en castell\u00e0<\/strong><\/p>\n<p><em>La luz &#8211;\u00a0<\/em>Asier Ju\u00e1rez 1r B<\/td>\n<\/tr>\n<tr>\n<td style=\"width: 50%;\">Professorat<\/td>\n<td style=\"width: 50%;\"><strong>Prosa en catal\u00e0<\/strong><\/p>\n<p><em>Estimada, quantes vegades has fet servir paraules per fer abra\u00e7ades? &#8211;\u00a0<\/em>Laura Garriga<\/td>\n<\/tr>\n<\/tbody>\n<\/table>\n","protected":false},"excerpt":{"rendered":"<p>Aquest passat divendres 22 d&#8217;abril va tenir lloc l&#8217;acte de celebraci\u00f3 de Sant Jordi, a on es van repartir el premis del Certamen Literari del nostre centre i d&#8217;altres concursos que han tingut lloc al llarg del curs, com s\u00f3n el concurs de postals de&hellip;  <a href=\"https:\/\/agora.xtec.cat\/iesmontbui\/eso\/sant-jordi-2022\/\" title=\"Read Sant Jordi 2022\">Llegeix m\u00e9s\u00bb<\/a><\/p>\n","protected":false},"author":66,"featured_media":7299,"comment_status":"closed","ping_status":"closed","sticky":false,"template":"","format":"standard","meta":{"_bbp_topic_count":0,"_bbp_reply_count":0,"_bbp_total_topic_count":0,"_bbp_total_reply_count":0,"_bbp_voice_count":0,"_bbp_anonymous_reply_count":0,"_bbp_topic_count_hidden":0,"_bbp_reply_count_hidden":0,"_bbp_forum_subforum_count":0,"footnotes":""},"categories":[67,341,342,68,343,344,8,161,3,4,175,10,11,185,186,5,14,15,16,187,338,6,19,20,21,340,351,7,24,25,26,66,339,29,348],"tags":[],"class_list":["post-7284","post","type-post","status-publish","format-standard","has-post-thumbnail","hentry","category-batx-1","category-batx-1a","category-batx-1b","category-batx-2","category-batx-2a","category-batx-2b","category-batxillerat","category-coral","category-eso","category-eso-1","category-eso-1a","category-eso-1b","category-eso-1c","category-eso-1d","category-eso-1e","category-eso-2","category-eso-2a","category-eso-2b","category-eso-2c","category-eso-2d","category-eso-2e","category-eso-3","category-eso-3a","category-eso-3b","category-eso-3c","category-eso-3d","category-eso-3e","category-eso-4","category-eso-4a","category-eso-4b","category-eso-4c","category-eso_4d","category-pfi","category-portada","category-st-jordi"],"post_mailing_queue_ids":[],"_links":{"self":[{"href":"https:\/\/agora.xtec.cat\/iesmontbui\/wp-json\/wp\/v2\/posts\/7284","targetHints":{"allow":["GET"]}}],"collection":[{"href":"https:\/\/agora.xtec.cat\/iesmontbui\/wp-json\/wp\/v2\/posts"}],"about":[{"href":"https:\/\/agora.xtec.cat\/iesmontbui\/wp-json\/wp\/v2\/types\/post"}],"author":[{"embeddable":true,"href":"https:\/\/agora.xtec.cat\/iesmontbui\/wp-json\/wp\/v2\/users\/66"}],"replies":[{"embeddable":true,"href":"https:\/\/agora.xtec.cat\/iesmontbui\/wp-json\/wp\/v2\/comments?post=7284"}],"version-history":[{"count":3,"href":"https:\/\/agora.xtec.cat\/iesmontbui\/wp-json\/wp\/v2\/posts\/7284\/revisions"}],"predecessor-version":[{"id":7300,"href":"https:\/\/agora.xtec.cat\/iesmontbui\/wp-json\/wp\/v2\/posts\/7284\/revisions\/7300"}],"wp:featuredmedia":[{"embeddable":true,"href":"https:\/\/agora.xtec.cat\/iesmontbui\/wp-json\/wp\/v2\/media\/7299"}],"wp:attachment":[{"href":"https:\/\/agora.xtec.cat\/iesmontbui\/wp-json\/wp\/v2\/media?parent=7284"}],"wp:term":[{"taxonomy":"category","embeddable":true,"href":"https:\/\/agora.xtec.cat\/iesmontbui\/wp-json\/wp\/v2\/categories?post=7284"},{"taxonomy":"post_tag","embeddable":true,"href":"https:\/\/agora.xtec.cat\/iesmontbui\/wp-json\/wp\/v2\/tags?post=7284"}],"curies":[{"name":"wp","href":"https:\/\/api.w.org\/{rel}","templated":true}]}}