{"id":7260,"date":"2022-04-19T21:56:10","date_gmt":"2022-04-19T19:56:10","guid":{"rendered":"https:\/\/agora.xtec.cat\/iesmontbui\/?p=7260"},"modified":"2022-04-19T21:56:10","modified_gmt":"2022-04-19T19:56:10","slug":"tallers-cientifico-tecnologics-al-campus-digualada-2n-batx","status":"publish","type":"post","link":"https:\/\/agora.xtec.cat\/iesmontbui\/general\/tallers-cientifico-tecnologics-al-campus-digualada-2n-batx\/","title":{"rendered":"Tallers cient\u00edfico-tecnol\u00f2gics al campus d&#8217;Igualada (2n Batx)"},"content":{"rendered":"<p style=\"text-align: justify;\">El passat 4 d\u2019abril, els alumnes de segon de batxillerat cient\u00edfic i tecnol\u00f2gic van realitzar una sortida al campus d\u2019Igualada de la Universitat de Lleida.<\/p>\n<p style=\"text-align: justify;\">Durant aquesta visita van poder fer dos tallers diferents en funci\u00f3 de la seva especialitat: d\u2019una banda, els alumnes de tecnologia industrial van poder programar un petit joc en angl\u00e8s fent \u00fas de plataformes en l\u00ednia de programaci\u00f3 i de l\u2019altra, els estudiants de qu\u00edmica, van fer una experimentaci\u00f3 pr\u00e0ctica als seus laboratoris per extreure la cafe\u00efna d\u2019un refresc de cola per cromatografia l\u00edquida.<\/p>\n<p style=\"text-align: justify;\">Els tallers van servir de tastet per con\u00e8ixer les instal\u00b7lacions del centre universitari i introduir els diferents graus i estudis postobligatoris dels quals disposa el campus igualad\u00ed i la Universitat de Lleida en els diferents centres. Per aquest motiu, despr\u00e9s dels tallers es va fer una presentaci\u00f3 per orientar els alumnes en el ventall de possibilitats dels estudis universitaris, on els van presentar el proper grau d\u2019enginyeria inform\u00e0tica de quatre anys que s\u2019impartir\u00e0 a partir del curs vinent, entre d\u2019altres.<\/p>\n<p style=\"text-align: justify;\">\nPer m\u00e9s informaci\u00f3 sobre els estudis de la UdL, durant les setmanes vinents es faran les jornades de portes obertes per poder fer una visita guiada i con\u00e8ixer amb m\u00e9s concreci\u00f3 les opcions que poden tenir els alumnes. Es pot reservar pla\u00e7a a <a href=\"http:\/\/www.portesobertes.udl.cat\/ca\/\">http:\/\/www.portesobertes.udl.cat\/ca\/<\/a><\/p>\n<p style=\"text-align: right;\"><strong>\u00d2scar Guerrero<\/strong><\/p>\n","protected":false},"excerpt":{"rendered":"<p>El passat 4 d\u2019abril, els alumnes de segon de batxillerat cient\u00edfic i tecnol\u00f2gic van realitzar una sortida al campus d\u2019Igualada de la Universitat de Lleida.<br \/>\nDurant aquesta visita van poder fer dos tallers diferents en funci\u00f3 de la seva especialitat: d\u2019una banda, els alumnes de tecnologia&hellip;  <a href=\"https:\/\/agora.xtec.cat\/iesmontbui\/general\/tallers-cientifico-tecnologics-al-campus-digualada-2n-batx\/\" title=\"Read Tallers cient\u00edfico-tecnol\u00f2gics al campus d&#8217;Igualada (2n Batx)\">Llegeix m\u00e9s\u00bb<\/a><\/p>\n","protected":false},"author":66,"featured_media":7261,"comment_status":"closed","ping_status":"closed","sticky":false,"template":"","format":"standard","meta":{"_bbp_topic_count":0,"_bbp_reply_count":0,"_bbp_total_topic_count":0,"_bbp_total_reply_count":0,"_bbp_voice_count":0,"_bbp_anonymous_reply_count":0,"_bbp_topic_count_hidden":0,"_bbp_reply_count_hidden":0,"_bbp_forum_subforum_count":0,"footnotes":""},"categories":[68,343,344,8,120,65,1,29],"tags":[],"class_list":["post-7260","post","type-post","status-publish","format-standard","has-post-thumbnail","hentry","category-batx-2","category-batx-2a","category-batx-2b","category-batxillerat","category-depciencies","category-estudis","category-general","category-portada"],"post_mailing_queue_ids":[],"_links":{"self":[{"href":"https:\/\/agora.xtec.cat\/iesmontbui\/wp-json\/wp\/v2\/posts\/7260","targetHints":{"allow":["GET"]}}],"collection":[{"href":"https:\/\/agora.xtec.cat\/iesmontbui\/wp-json\/wp\/v2\/posts"}],"about":[{"href":"https:\/\/agora.xtec.cat\/iesmontbui\/wp-json\/wp\/v2\/types\/post"}],"author":[{"embeddable":true,"href":"https:\/\/agora.xtec.cat\/iesmontbui\/wp-json\/wp\/v2\/users\/66"}],"replies":[{"embeddable":true,"href":"https:\/\/agora.xtec.cat\/iesmontbui\/wp-json\/wp\/v2\/comments?post=7260"}],"version-history":[{"count":1,"href":"https:\/\/agora.xtec.cat\/iesmontbui\/wp-json\/wp\/v2\/posts\/7260\/revisions"}],"predecessor-version":[{"id":7262,"href":"https:\/\/agora.xtec.cat\/iesmontbui\/wp-json\/wp\/v2\/posts\/7260\/revisions\/7262"}],"wp:featuredmedia":[{"embeddable":true,"href":"https:\/\/agora.xtec.cat\/iesmontbui\/wp-json\/wp\/v2\/media\/7261"}],"wp:attachment":[{"href":"https:\/\/agora.xtec.cat\/iesmontbui\/wp-json\/wp\/v2\/media?parent=7260"}],"wp:term":[{"taxonomy":"category","embeddable":true,"href":"https:\/\/agora.xtec.cat\/iesmontbui\/wp-json\/wp\/v2\/categories?post=7260"},{"taxonomy":"post_tag","embeddable":true,"href":"https:\/\/agora.xtec.cat\/iesmontbui\/wp-json\/wp\/v2\/tags?post=7260"}],"curies":[{"name":"wp","href":"https:\/\/api.w.org\/{rel}","templated":true}]}}