{"id":7254,"date":"2022-04-19T18:54:48","date_gmt":"2022-04-19T16:54:48","guid":{"rendered":"https:\/\/agora.xtec.cat\/iesmontbui\/?p=7254"},"modified":"2022-04-26T09:42:42","modified_gmt":"2022-04-26T07:42:42","slug":"preinscripcio-batxillerat-del-20-al-26-dabril","status":"publish","type":"post","link":"https:\/\/agora.xtec.cat\/iesmontbui\/general\/preinscripcio-batxillerat-del-20-al-26-dabril\/","title":{"rendered":"Preinscripci\u00f3 Batxillerat: del 20 al 26 d&#8217;abril"},"content":{"rendered":"<p style=\"text-align: justify;\">Des de dem\u00e0 dimecres 20 d&#8217;abril al proper 26 d&#8217;abril s&#8217;obre la preinscripci\u00f3 per cursar el Batxillerat al nostre centre.<\/p>\n<p style=\"text-align: justify;\">Han de presentar la sol\u00b7licitud de preinscripci\u00f3 les persones:<\/p>\n<ul>\n<li style=\"text-align: justify;\">que vulguin accedir al batxillerat de qualsevol modalitat en un <strong>centre diferent d\u2019aquell en qu\u00e8 estan cursant l\u2019ESO\u00a0<\/strong><\/li>\n<li style=\"text-align: justify;\">que cursin o han cursat un cicle formatiu (encara que s\u2019imparteixi en el mateix centre on estan matriculades)<\/li>\n<li style=\"text-align: justify;\">que procedeixin d\u2019un institut que no imparteixi el batxillerat<\/li>\n<\/ul>\n<p>L&#8217;alumnat que ja ha cursat 4t d&#8217;ESO a l&#8217;INS Montbui <strong>NO HA DE FER LA PREINSCRIPCI\u00d3<\/strong>, nom\u00e9s cal que retorni el full de continu\u00eftat que li entregar\u00e0 el tutor\/a.<\/p>\n<p>A partir d&#8217;aquest curs\u00a0<strong>TOTES\u00a0<\/strong>les sol\u00b7licituds es faran de forma telem\u00e0tica des d&#8217;<a href=\"http:\/\/educacio.gencat.cat\/ca\/tramits\/tramits-temes\/9388-batxillerat?category=74447ed8-a82c-11e3-a972-000c29052e2c&amp;moda=1\">aquest enlla\u00e7<\/a>.<\/p>\n<p><a href=\"https:\/\/agora.xtec.cat\/iesmontbui\/organitzacio-de-centre\/secretaria\/preinscripcio-i-matricula-batxillerat\/\">Fent clic aqu\u00ed trobareu m\u00e9s informaci\u00f3 sobre el proc\u00e9s de preinscripci\u00f3<\/a>.<\/p>\n<p style=\"text-align: justify;\">Totes aquelles fam\u00edlies que vulguin fer la preinscripci\u00f3 per al Batxillerat a l\u2019Institut Montbui i que tinguin dificultats per poder gestionar la preinscripci\u00f3 telem\u00e0tica podran concertar una cita al tel\u00e8fon 93 805 60 59 de 9:00h a 13:00h, i els guiarem en la gesti\u00f3 de la preinscripci\u00f3 telem\u00e0tica.<\/p>\n<p>A continuaci\u00f3 tamb\u00e9 us deixem la presentaci\u00f3 amb la informaci\u00f3 que es va donar a les fam\u00edlies durant les portes obertes i la xerrada d&#8217;orientaci\u00f3 de 4t d&#8217;ESO:<\/p>\n<p><iframe loading=\"lazy\" src=\"https:\/\/docs.google.com\/presentation\/d\/e\/2PACX-1vQkmdlEoPNMEFU46CbnTydFt5y_HwwNXEYZCDFeyhGK9L7tJUCxsNNdGl6R0sp9saWgaNQyIVaobYV-\/embed?start=false&amp;loop=false&amp;delayms=3000\" width=\"960\" height=\"569\" frameborder=\"0\" allowfullscreen=\"allowfullscreen\"><\/iframe><\/p>\n","protected":false},"excerpt":{"rendered":"<p>Des de dem\u00e0 dimecres 20 d&#8217;abril al proper 26 d&#8217;abril s&#8217;obre la preinscripci\u00f3 per cursar el Batxillerat al nostre centre.<br \/>\nHan de presentar la sol\u00b7licitud de preinscripci\u00f3 les persones:<\/p>\n<ul>\n<li style=\"text-align: justify;\">que vulguin accedir al batxillerat de qualsevol modalitat en un centre diferent d\u2019aquell en qu\u00e8 estan&hellip;  <a href=\"https:\/\/agora.xtec.cat\/iesmontbui\/general\/preinscripcio-batxillerat-del-20-al-26-dabril\/\" title=\"Read Preinscripci\u00f3 Batxillerat: del 20 al 26 d&#8217;abril\">Llegeix m\u00e9s\u00bb<\/a><br \/>\n","protected":false},"author":1,"featured_media":7255,"comment_status":"open","ping_status":"closed","sticky":false,"template":"","format":"standard","meta":{"_bbp_topic_count":0,"_bbp_reply_count":0,"_bbp_total_topic_count":0,"_bbp_total_reply_count":0,"_bbp_voice_count":0,"_bbp_anonymous_reply_count":0,"_bbp_topic_count_hidden":0,"_bbp_reply_count_hidden":0,"_bbp_forum_subforum_count":0,"footnotes":""},"categories":[1,29],"tags":[],"class_list":["post-7254","post","type-post","status-publish","format-standard","has-post-thumbnail","hentry","category-general","category-portada"],"post_mailing_queue_ids":[],"_links":{"self":[{"href":"https:\/\/agora.xtec.cat\/iesmontbui\/wp-json\/wp\/v2\/posts\/7254","targetHints":{"allow":["GET"]}}],"collection":[{"href":"https:\/\/agora.xtec.cat\/iesmontbui\/wp-json\/wp\/v2\/posts"}],"about":[{"href":"https:\/\/agora.xtec.cat\/iesmontbui\/wp-json\/wp\/v2\/types\/post"}],"author":[{"embeddable":true,"href":"https:\/\/agora.xtec.cat\/iesmontbui\/wp-json\/wp\/v2\/users\/1"}],"replies":[{"embeddable":true,"href":"https:\/\/agora.xtec.cat\/iesmontbui\/wp-json\/wp\/v2\/comments?post=7254"}],"version-history":[{"count":1,"href":"https:\/\/agora.xtec.cat\/iesmontbui\/wp-json\/wp\/v2\/posts\/7254\/revisions"}],"predecessor-version":[{"id":7256,"href":"https:\/\/agora.xtec.cat\/iesmontbui\/wp-json\/wp\/v2\/posts\/7254\/revisions\/7256"}],"wp:featuredmedia":[{"embeddable":true,"href":"https:\/\/agora.xtec.cat\/iesmontbui\/wp-json\/wp\/v2\/media\/7255"}],"wp:attachment":[{"href":"https:\/\/agora.xtec.cat\/iesmontbui\/wp-json\/wp\/v2\/media?parent=7254"}],"wp:term":[{"taxonomy":"category","embeddable":true,"href":"https:\/\/agora.xtec.cat\/iesmontbui\/wp-json\/wp\/v2\/categories?post=7254"},{"taxonomy":"post_tag","embeddable":true,"href":"https:\/\/agora.xtec.cat\/iesmontbui\/wp-json\/wp\/v2\/tags?post=7254"}],"curies":[{"name":"wp","href":"https:\/\/api.w.org\/{rel}","templated":true}]}}