{"id":7171,"date":"2022-03-24T11:01:14","date_gmt":"2022-03-24T10:01:14","guid":{"rendered":"https:\/\/agora.xtec.cat\/iesmontbui\/?p=7171"},"modified":"2022-03-24T11:01:14","modified_gmt":"2022-03-24T10:01:14","slug":"busquem-un-nou-logo-per-escola-verda","status":"publish","type":"post","link":"https:\/\/agora.xtec.cat\/iesmontbui\/general\/busquem-un-nou-logo-per-escola-verda\/","title":{"rendered":"Busquem un nou logo per Escola Verda"},"content":{"rendered":"<p style=\"text-align: justify;\"><span style=\"font-weight: 400;\">L\u2019Institut Montbui convoca un <\/span><b>concurs per la creaci\u00f3 i disseny d\u2019un logotip que ser\u00e0 la imatge de l\u2019escola Verda de l\u2019Institut Montbui<\/b><\/p>\n<p style=\"text-align: justify;\"><span style=\"font-weight: 400;\">1.- Objectiu:<\/span><span style=\"font-weight: 400;\"> La imatge del logotip ha de representar el projecte d\u2019Escola Verda o Escola Sostenible<\/span><\/p>\n<p style=\"text-align: justify;\"><span style=\"font-weight: 400;\">2.- Requisits\/aspectes que es valoraran:<\/span> <span style=\"font-weight: 400;\">el valor art\u00edstic, simb\u00f2lic i promocional, la idone\u00eftat, tenint presents aspectes com la lectura f\u00e0cil,<\/span> <span style=\"font-weight: 400;\">la utilitzaci\u00f3 de s\u00edmbols gr\u00e0fics que siguin comprensibles, o la possibilitat de ser reprodu\u00eft sense dificultat<\/span> <span style=\"font-weight: 400;\">per qualsevol procediment i en qualsevol\u00a0 suport.<\/span> <span style=\"font-weight: 400;\">\u00c9s condici\u00f3 indispensable que les obres siguin originals.<\/span><span style=\"font-weight: 400;\">\u00a0<\/span><\/p>\n<p style=\"text-align: justify;\"><span style=\"font-weight: 400;\">Els dissenys presentats es poden realitzar amb t\u00e8cnica lliure.<\/span> <span style=\"font-weight: 400;\">S\u2019admetran dissenys fets tant amb t\u00e8cniques pl\u00e0stiques com digitals. En cas de ser realitzat en suport digital, el logotip ha de ser dissenyat amb prou qualitat per ser reprodu\u00eft a mida gran sense afectar a la qualitat de la imatge.<\/span> <span style=\"font-weight: 400;\">En cas de ser triat, l\u2019autor\/a ha de guardar-ne una c\u00f2pia en format digital, que ser\u00e0 sol\u00b7licitada pel jurat pel seu \u00fas i reproducci\u00f3.<\/span><\/p>\n<p style=\"text-align: justify;\"><span style=\"font-weight: 400;\">Recomanaci\u00f3: les lletres amb poc detall, per poder fer reproduccions petites, tipus xapes&#8230;<\/span><\/p>\n<p style=\"text-align: justify;\"><span style=\"font-weight: 400;\">3.- Participants:<\/span><span style=\"font-weight: 400;\"> Poden participar els alumnes de l\u2019Institut Montbui.<\/span><\/p>\n<p style=\"text-align: justify;\"><span style=\"font-weight: 400;\">4.- Presentaci\u00f3: <\/span><span style=\"font-weight: 400;\">Els treballs han de presentar-se dins d\u2019un sobre tancat de mida\u00a0 A4 que contindr\u00e0:<\/span><\/p>\n<ul style=\"text-align: justify;\">\n<li aria-level=\"1\"><span style=\"font-weight: 400;\">El paper adequat a la t\u00e8cnica utilitzada a mida DINA4 amb el disseny del logotip (si \u00e9s digital en paper impr\u00e8s).\u00a0<\/span><\/li>\n<\/ul>\n<ul style=\"text-align: justify;\">\n<li aria-level=\"1\"><span style=\"font-weight: 400;\">Dins del sobre hi haur\u00e0\u00a0 el nom, cognoms i curs del participant en un paper a part.<\/span><\/li>\n<\/ul>\n<ul style=\"text-align: justify;\">\n<li aria-level=\"1\"><b>Termini de presentaci\u00f3: <\/b><span style=\"font-weight: 400;\">fins dijous 21 d\u2019abril de 2022<\/span><b>\u00a0<\/b><\/li>\n<\/ul>\n<ul style=\"text-align: justify;\">\n<li aria-level=\"1\"><b>Lloc d&#8217;entrega:<\/b><span style=\"font-weight: 400;\"> Els sobres tancats es faran arribar a les professores d\u2019E. Visual i Pl\u00e0stica.<\/span><\/li>\n<\/ul>\n<ol start=\"5\">\n<li style=\"text-align: justify;\"><span style=\"font-weight: 400;\"> Propietat intel\u00b7lectual:<\/span><span style=\"font-weight: 400;\"> El logotip podr\u00e0 ser fet servir per l\u2019Institut Montbui en el moment i forma que consideri necessari.<\/span><\/li>\n<li style=\"text-align: justify;\"><span style=\"font-weight: 400;\"> Jurat:<\/span><span style=\"font-weight: 400;\"> Estar\u00e0 format pel professorat d\u2019EVP i la comissi\u00f3 de professors d\u2019Escola Verda<\/span><\/li>\n<li style=\"text-align: justify;\"><span style=\"font-weight: 400;\"> Premi:<\/span> <span style=\"font-weight: 400;\">val de 30 euros (Abacus)<\/span><\/li>\n<\/ol>\n<p><span style=\"font-weight: 400;\">Aqu\u00ed teniu el Logo oficial, que podeu descarregar d\u2019internet, per incloure en el vostre disseny, si ho considereu oport\u00fa:<\/span><\/p>\n<p><a href=\"https:\/\/agora.xtec.cat\/iesmontbui\/wp-content\/uploads\/usu145\/2022\/03\/pagina-escola-verda-t.png\"><img loading=\"lazy\" decoding=\"async\" class=\"alignnone size-full wp-image-7172\" src=\"https:\/\/agora.xtec.cat\/iesmontbui\/wp-content\/uploads\/usu145\/2022\/03\/pagina-escola-verda-t.png\" alt=\"\" width=\"271\" height=\"245\" \/><\/a><\/p>\n<p style=\"text-align: right;\"><strong>Comissi\u00f3 d&#8217;Escola Verda<\/strong><\/p>\n","protected":false},"excerpt":{"rendered":"<p>L\u2019Institut Montbui convoca un concurs per la creaci\u00f3 i disseny d\u2019un logotip que ser\u00e0 la imatge de l\u2019escola Verda de l\u2019Institut Montbui<br \/>\n1.- Objectiu: La imatge del logotip ha de representar el projecte d\u2019Escola Verda o Escola Sostenible<br \/>\n2.- Requisits\/aspectes que es valoraran: el valor art\u00edstic, simb\u00f2lic&hellip;  <a href=\"https:\/\/agora.xtec.cat\/iesmontbui\/general\/busquem-un-nou-logo-per-escola-verda\/\" title=\"Read Busquem un nou logo per Escola Verda\">Llegeix m\u00e9s\u00bb<\/a><\/p>\n","protected":false},"author":66,"featured_media":7174,"comment_status":"open","ping_status":"closed","sticky":false,"template":"","format":"standard","meta":{"_bbp_topic_count":0,"_bbp_reply_count":0,"_bbp_total_topic_count":0,"_bbp_total_reply_count":0,"_bbp_voice_count":0,"_bbp_anonymous_reply_count":0,"_bbp_topic_count_hidden":0,"_bbp_reply_count_hidden":0,"_bbp_forum_subforum_count":0,"footnotes":""},"categories":[67,341,342,68,343,344,8,98,116,112,117,113,114,115,118,120,350,3,4,175,10,11,185,186,5,14,15,16,187,338,6,19,20,21,340,351,7,24,25,26,66,1,339,29],"tags":[],"class_list":["post-7171","post","type-post","status-publish","format-standard","has-post-thumbnail","hentry","category-batx-1","category-batx-1a","category-batx-1b","category-batx-2","category-batx-2a","category-batx-2b","category-batxillerat","category-comunicats","category-comunicats1btx","category-comunicats1","category-comunicats2btx","category-comunicats2","category-comunicats3","category-comunicats4","category-comunicatspfi","category-depciencies","category-escola-verda","category-eso","category-eso-1","category-eso-1a","category-eso-1b","category-eso-1c","category-eso-1d","category-eso-1e","category-eso-2","category-eso-2a","category-eso-2b","category-eso-2c","category-eso-2d","category-eso-2e","category-eso-3","category-eso-3a","category-eso-3b","category-eso-3c","category-eso-3d","category-eso-3e","category-eso-4","category-eso-4a","category-eso-4b","category-eso-4c","category-eso_4d","category-general","category-pfi","category-portada"],"post_mailing_queue_ids":[],"_links":{"self":[{"href":"https:\/\/agora.xtec.cat\/iesmontbui\/wp-json\/wp\/v2\/posts\/7171","targetHints":{"allow":["GET"]}}],"collection":[{"href":"https:\/\/agora.xtec.cat\/iesmontbui\/wp-json\/wp\/v2\/posts"}],"about":[{"href":"https:\/\/agora.xtec.cat\/iesmontbui\/wp-json\/wp\/v2\/types\/post"}],"author":[{"embeddable":true,"href":"https:\/\/agora.xtec.cat\/iesmontbui\/wp-json\/wp\/v2\/users\/66"}],"replies":[{"embeddable":true,"href":"https:\/\/agora.xtec.cat\/iesmontbui\/wp-json\/wp\/v2\/comments?post=7171"}],"version-history":[{"count":1,"href":"https:\/\/agora.xtec.cat\/iesmontbui\/wp-json\/wp\/v2\/posts\/7171\/revisions"}],"predecessor-version":[{"id":7175,"href":"https:\/\/agora.xtec.cat\/iesmontbui\/wp-json\/wp\/v2\/posts\/7171\/revisions\/7175"}],"wp:featuredmedia":[{"embeddable":true,"href":"https:\/\/agora.xtec.cat\/iesmontbui\/wp-json\/wp\/v2\/media\/7174"}],"wp:attachment":[{"href":"https:\/\/agora.xtec.cat\/iesmontbui\/wp-json\/wp\/v2\/media?parent=7171"}],"wp:term":[{"taxonomy":"category","embeddable":true,"href":"https:\/\/agora.xtec.cat\/iesmontbui\/wp-json\/wp\/v2\/categories?post=7171"},{"taxonomy":"post_tag","embeddable":true,"href":"https:\/\/agora.xtec.cat\/iesmontbui\/wp-json\/wp\/v2\/tags?post=7171"}],"curies":[{"name":"wp","href":"https:\/\/api.w.org\/{rel}","templated":true}]}}