{"id":7080,"date":"2022-02-27T12:31:01","date_gmt":"2022-02-27T11:31:01","guid":{"rendered":"https:\/\/agora.xtec.cat\/iesmontbui\/?p=7080"},"modified":"2022-03-08T15:51:09","modified_gmt":"2022-03-08T14:51:09","slug":"portes-obertes-2022-2023-informacio-i-reserves","status":"publish","type":"post","link":"https:\/\/agora.xtec.cat\/iesmontbui\/portada\/portes-obertes-2022-2023-informacio-i-reserves\/","title":{"rendered":"Portes obertes 2022-2023 &#8211; Informaci\u00f3 i reserves"},"content":{"rendered":"<p><span lang=\"ca-ES\">Enguany, el proc\u00e9s de portes obertes del centre <\/span><span lang=\"ca-ES\">retorna al format d\u2019abans de la pand\u00e8mia, obrint les portes del centre a tot l\u2019alumnat de 6\u00e9 de prim\u00e0ria dels centres escolars del municipi i a totes les fam\u00edlies que ens vulguin visitar. <\/span><span lang=\"ca-ES\">Per aix\u00f2, organitzem <\/span><span lang=\"ca-ES\">les <\/span><span lang=\"ca-ES\">visites presencials <\/span><span lang=\"ca-ES\">complint les diverses mesures sanit\u00e0ries preventives i d\u2019organitzaci\u00f3 que el Departament d\u2019Educaci\u00f3 ha dictat.<\/span><\/p>\n<ul>\n<li><strong>Visites presencials al centre<\/strong><\/li>\n<\/ul>\n<p align=\"justify\"><span lang=\"ca-ES\">P<\/span><span lang=\"ca-ES\">er aquelles fam\u00edlies que vulguin con\u00e8ixer en viu el centre i el seu equip directiu <\/span><span lang=\"ca-ES\">i representants del professorat<\/span><span lang=\"ca-ES\">, organitzem visites presencials el <\/span><strong><span lang=\"ca-ES\">dissabte dia <\/span><span lang=\"ca-ES\">5<\/span><span lang=\"ca-ES\"> de mar\u00e7 de 10:00 <\/span><\/strong><span lang=\"ca-ES\">a 1<\/span><span lang=\"ca-ES\">3<\/span><span lang=\"ca-ES\">:00h<\/span><span lang=\"ca-ES\">. <\/span><span lang=\"ca-ES\">La visita consistir\u00e0 en una xerrada inicial explicativa dels estudis per part de l\u2019equip directiu i posteriorment una visita a les instal\u00b7lacions del centre. L\u2019\u00fas de mascareta \u00e9s obligatori en tot moment <\/span><span lang=\"ca-ES\">i l<\/span><span lang=\"ca-ES\">\u2019acc\u00e9s al centre es realitzar\u00e0 pel carrer Lope de Vega (costat del Mercadona) en el seg\u00fcent horari:<\/span><\/p>\n<table class=\" aligncenter\" style=\"width: 53.867%; height: 162px;\">\n<tbody>\n<tr style=\"height: 49px;\">\n<td style=\"height: 49px; width: 33.0729%;\"><b>N\u00famero de grup<\/b><\/td>\n<td style=\"height: 49px; width: 43.75%;\"><b>Hora trobada al centre<\/b><\/td>\n<td style=\"height: 49px; width: 18.75%;\"><b>Estudis<\/b><\/td>\n<\/tr>\n<tr style=\"height: 33px;\">\n<td style=\"height: 33px; width: 33.0729%;\">Grup 1<\/td>\n<td style=\"height: 33px; width: 43.75%;\">10:00h<\/td>\n<td style=\"height: 33px; width: 18.75%;\">ESO<\/td>\n<\/tr>\n<tr style=\"height: 33px;\">\n<td style=\"height: 33px; width: 33.0729%;\">Grup 2<\/td>\n<td style=\"height: 33px; width: 43.75%;\">11:00h<\/td>\n<td style=\"height: 33px; width: 18.75%;\">BTX<\/td>\n<\/tr>\n<tr style=\"height: 33px;\">\n<td style=\"height: 33px; width: 33.0729%;\">Grup 3<\/td>\n<td style=\"height: 33px; width: 43.75%;\">11:30h<\/td>\n<td style=\"height: 33px; width: 18.75%;\">PFI<\/td>\n<\/tr>\n<\/tbody>\n<\/table>\n<p align=\"justify\"><span lang=\"ca-ES\">Aquestes visites es realitzaran complint les mesures sanit\u00e0ries i d\u2019organitzaci\u00f3 que el Departament d\u2019Educaci\u00f3 ha marcat <\/span><span lang=\"ca-ES\">i e<\/span><span lang=\"ca-ES\">nguany <em>no hi ha limitaci\u00f3 del nombre de membres de la fam\u00edlia per assistir<\/em> a la visita, per\u00f2 us recordem que la jornada del dissabte 5 de mar\u00e7 est\u00e0 pensada sobretot cara als adults (els nens i nenes que estudien a un centre del municipi ja visitaran el centre dimarts 1 de mar\u00e7 a la tarda amb l\u2019escola). <\/span><\/p>\n<p align=\"justify\"><span lang=\"ca-ES\">Per tal d\u2019assistir-hi <\/span><strong><span lang=\"ca-ES\">\u00e9s obligatori <\/span><\/strong><span lang=\"ca-ES\"><strong>reservar cita pr\u00e8via electr\u00f2nica<\/strong>!<\/span><\/p>\n<p><a id=\"pruebas\"><\/a>Per demanar cita pr\u00e8via, clica sobre l\u2019opci\u00f3 seg\u00fcent (segons els estudis en qu\u00e8 estiguis interessat), clica sobre reserva, <strong>busca el dissabte 5 de mar\u00e7 al calendari<\/strong> i selecciona una de les cites segons l\u2019hora desitjada. Deixa la informaci\u00f3 que es demana, i a Observacions indicar el n\u00famero d&#8217;adults i nens que assistireu:<\/p>\n<table class=\" aligncenter\" width=\"583\">\n<tbody>\n<tr>\n<td><b>CITA PR\u00c8VIA ESO<\/b><\/td>\n<td><b>CITA PR\u00c8VIA BATXILLERAT I PFI<\/b><\/td>\n<\/tr>\n<tr>\n<td><a href=\"https:\/\/aplicacions.gestioeducativa.gencat.cat\/pls\/apex\/f?p=CITA_PREVIA:4::::4:P4_TIPUS_CALENDARI,P4_DOMINI:01_JPO_O,08053352\" target=\"_blank\" rel=\"noopener noreferrer\"><img loading=\"lazy\" decoding=\"async\" class=\"aligncenter wp-image-5841 size-full\" src=\"https:\/\/agora.xtec.cat\/iesmontbui\/wp-content\/uploads\/usu145\/2021\/02\/ESO.jpg\" alt=\"\" width=\"290\" height=\"174\" \/><\/a><\/p>\n<p>Clica a la imatge o\u00a0<a href=\"https:\/\/aplicacions.gestioeducativa.gencat.cat\/pls\/apex\/f?p=CITA_PREVIA:4::::4:P4_TIPUS_CALENDARI,P4_DOMINI:01_JPO_O,08053352\">aqu\u00ed<\/a><\/td>\n<td><a href=\"https:\/\/aplicacions.gestioeducativa.gencat.cat\/pls\/apex\/f?p=CITA_PREVIA:4::::4:P4_TIPUS_CALENDARI,P4_DOMINI:01_JPO_P,08053352\" target=\"_blank\" rel=\"noopener noreferrer\"><img loading=\"lazy\" decoding=\"async\" class=\"aligncenter wp-image-5840 size-full\" src=\"https:\/\/agora.xtec.cat\/iesmontbui\/wp-content\/uploads\/usu145\/2021\/02\/btx.jpg\" alt=\"\" width=\"290\" height=\"174\" \/><\/a><\/p>\n<p>Clica a la imatge o\u00a0<a href=\"https:\/\/aplicacions.gestioeducativa.gencat.cat\/pls\/apex\/f?p=CITA_PREVIA:4::::4:P4_TIPUS_CALENDARI,P4_DOMINI:01_JPO_P,08053352\">aqu\u00ed<\/a><\/td>\n<\/tr>\n<tr>\n<td>Recorda, ESO a les 10:00h<\/td>\n<td>Recorda <strong>BTX a les 11:00 i PFI a les 11:30<\/strong><\/td>\n<\/tr>\n<\/tbody>\n<\/table>\n<p>L\u2019acc\u00e9s al centre aquest dia es realitzar\u00e0 per la porta del carrer del carrer Lope de Vega (Mercadona).<\/p>\n<p>Fent clic a\u00a0<a href=\"https:\/\/www.montbui.cat\/actualitat\/noticiesagenda-dactualitat\/montbui-prepara-una-nova-edicio-del-fem-mes-escola.html\" target=\"_blank\" rel=\"noopener\">aquest enlla\u00e7<\/a> podreu accedir a la not\u00edcia de l\u2019Ajuntament sobre les portes obertes als centres de la vil\u00b7la i el programa &#8220;Fes m\u00e9s escola&#8221;.<\/p>\n","protected":false},"excerpt":{"rendered":"<p>Enguany, el proc\u00e9s de portes obertes del centre retorna al format d\u2019abans de la pand\u00e8mia, obrint les portes del centre a tot l\u2019alumnat de 6\u00e9 de prim\u00e0ria dels centres escolars del municipi i a totes les fam\u00edlies que ens vulguin visitar. Per aix\u00f2, organitzem les&hellip;  <a href=\"https:\/\/agora.xtec.cat\/iesmontbui\/portada\/portes-obertes-2022-2023-informacio-i-reserves\/\" title=\"Read Portes obertes 2022-2023 &#8211; Informaci\u00f3 i reserves\">Llegeix m\u00e9s\u00bb<\/a><\/p>\n","protected":false},"author":1,"featured_media":7089,"comment_status":"open","ping_status":"closed","sticky":false,"template":"","format":"standard","meta":{"_bbp_topic_count":0,"_bbp_reply_count":0,"_bbp_total_topic_count":0,"_bbp_total_reply_count":0,"_bbp_voice_count":0,"_bbp_anonymous_reply_count":0,"_bbp_topic_count_hidden":0,"_bbp_reply_count_hidden":0,"_bbp_forum_subforum_count":0,"footnotes":""},"categories":[98,29],"tags":[],"class_list":["post-7080","post","type-post","status-publish","format-standard","has-post-thumbnail","hentry","category-comunicats","category-portada"],"post_mailing_queue_ids":[],"_links":{"self":[{"href":"https:\/\/agora.xtec.cat\/iesmontbui\/wp-json\/wp\/v2\/posts\/7080","targetHints":{"allow":["GET"]}}],"collection":[{"href":"https:\/\/agora.xtec.cat\/iesmontbui\/wp-json\/wp\/v2\/posts"}],"about":[{"href":"https:\/\/agora.xtec.cat\/iesmontbui\/wp-json\/wp\/v2\/types\/post"}],"author":[{"embeddable":true,"href":"https:\/\/agora.xtec.cat\/iesmontbui\/wp-json\/wp\/v2\/users\/1"}],"replies":[{"embeddable":true,"href":"https:\/\/agora.xtec.cat\/iesmontbui\/wp-json\/wp\/v2\/comments?post=7080"}],"version-history":[{"count":3,"href":"https:\/\/agora.xtec.cat\/iesmontbui\/wp-json\/wp\/v2\/posts\/7080\/revisions"}],"predecessor-version":[{"id":7086,"href":"https:\/\/agora.xtec.cat\/iesmontbui\/wp-json\/wp\/v2\/posts\/7080\/revisions\/7086"}],"wp:featuredmedia":[{"embeddable":true,"href":"https:\/\/agora.xtec.cat\/iesmontbui\/wp-json\/wp\/v2\/media\/7089"}],"wp:attachment":[{"href":"https:\/\/agora.xtec.cat\/iesmontbui\/wp-json\/wp\/v2\/media?parent=7080"}],"wp:term":[{"taxonomy":"category","embeddable":true,"href":"https:\/\/agora.xtec.cat\/iesmontbui\/wp-json\/wp\/v2\/categories?post=7080"},{"taxonomy":"post_tag","embeddable":true,"href":"https:\/\/agora.xtec.cat\/iesmontbui\/wp-json\/wp\/v2\/tags?post=7080"}],"curies":[{"name":"wp","href":"https:\/\/api.w.org\/{rel}","templated":true}]}}