{"id":7073,"date":"2022-02-25T13:33:55","date_gmt":"2022-02-25T12:33:55","guid":{"rendered":"https:\/\/agora.xtec.cat\/iesmontbui\/?p=7073"},"modified":"2022-04-25T14:15:08","modified_gmt":"2022-04-25T12:15:08","slug":"preparem-les-portes-obertes-del-centre","status":"publish","type":"post","link":"https:\/\/agora.xtec.cat\/iesmontbui\/portada\/preparem-les-portes-obertes-del-centre\/","title":{"rendered":"Preparem les Portes Obertes del centre"},"content":{"rendered":"<p style=\"text-align: justify;\">Com cada any, aquesta setmana celebrem les jornades de Portes Obertes, per tal que tothom que hi estigui interessat pugui con\u00e8ixer el nostre dia a dia com a centre: instal\u00b7lacions, activitats&#8230;<\/p>\n<p style=\"text-align: justify;\">El dimarts 1 de mar\u00e7 ens visitar\u00e0 l&#8217;alumnat de 6\u00e8 de les diferents escoles de Sta. Margarida de Montbui, i el dissabte 5 de les 10:00 a les 13:00 h ser\u00e0 el torn de les fam\u00edlies interessades a visitar-nos, que hauran de demanar pr\u00e8via a la web del centre, clicant <a href=\"https:\/\/agora.xtec.cat\/iesmontbui\/general\/portes-obertes-2022-2023-informacio-i-reserves\/\">aqu\u00ed.<\/a><\/p>\n<p style=\"text-align: justify;\">Us deixem amb el cartell promocional d&#8217;aquest any i un v\u00eddeo promocionant l&#8217;escolaritzaci\u00f3 als centres de Santa Margarida de Montbui.<\/p>\n<p><strong>EDITAT:<\/strong> tamb\u00e9 us deixem un v\u00eddeo amb la presentaci\u00f3 que es va fer a les fam\u00edlies el dissabte 5<\/p>\n<p style=\"text-align: right;\"><strong>Comunicaci\u00f3<\/strong><\/p>\n<table style=\"border-collapse: collapse; width: 100%; height: 365px;\">\n<tbody>\n<tr style=\"height: 365px;\">\n<td style=\"width: 49.9496%; height: 365px;\">\n\t\t<style type=\"text\/css\">\n\t\t\t#gallery-1 {\n\t\t\t\tmargin: auto;\n\t\t\t}\n\t\t\t#gallery-1 .gallery-item {\n\t\t\t\tfloat: left;\n\t\t\t\tmargin-top: 10px;\n\t\t\t\ttext-align: center;\n\t\t\t\twidth: 100%;\n\t\t\t}\n\t\t\t#gallery-1 img {\n\t\t\t\tborder: 2px solid #cfcfcf;\n\t\t\t}\n\t\t\t#gallery-1 .gallery-caption {\n\t\t\t\tmargin-left: 0;\n\t\t\t}\n\t\t\t\/* see gallery_shortcode() in wp-includes\/media.php *\/\n\t\t<\/style>\n\t\t<div id='gallery-1' class='gallery galleryid-7073 gallery-columns-1 gallery-size-medium'><dl class='gallery-item'>\n\t\t\t<dt class='gallery-icon portrait'>\n\t\t\t\t<a href='https:\/\/agora.xtec.cat\/iesmontbui\/portada\/preparem-les-portes-obertes-del-centre\/attachment\/whatsapp-image-2022-02-25-at-11-26-26\/'><img loading=\"lazy\" decoding=\"async\" width=\"212\" height=\"300\" src=\"https:\/\/agora.xtec.cat\/iesmontbui\/wp-content\/uploads\/usu145\/2022\/02\/WhatsApp-Image-2022-02-25-at-11.26.26-212x300.jpeg\" class=\"attachment-medium size-medium\" alt=\"\" srcset=\"https:\/\/agora.xtec.cat\/iesmontbui\/wp-content\/uploads\/usu145\/2022\/02\/WhatsApp-Image-2022-02-25-at-11.26.26-212x300.jpeg 212w, https:\/\/agora.xtec.cat\/iesmontbui\/wp-content\/uploads\/usu145\/2022\/02\/WhatsApp-Image-2022-02-25-at-11.26.26-724x1024.jpeg 724w, https:\/\/agora.xtec.cat\/iesmontbui\/wp-content\/uploads\/usu145\/2022\/02\/WhatsApp-Image-2022-02-25-at-11.26.26-768x1086.jpeg 768w, https:\/\/agora.xtec.cat\/iesmontbui\/wp-content\/uploads\/usu145\/2022\/02\/WhatsApp-Image-2022-02-25-at-11.26.26-1086x1536.jpeg 1086w, https:\/\/agora.xtec.cat\/iesmontbui\/wp-content\/uploads\/usu145\/2022\/02\/WhatsApp-Image-2022-02-25-at-11.26.26.jpeg 1414w\" sizes=\"auto, (max-width: 212px) 100vw, 212px\" \/><\/a>\n\t\t\t<\/dt><\/dl><br style=\"clear: both\" \/>\n\t\t<\/div>\n<\/td>\n<td style=\"width: 50.0504%; height: 365px;\"><div style=\"width: 426px;\" class=\"wp-video\"><!--[if lt IE 9]><script>document.createElement('video');<\/script><![endif]-->\n<video class=\"wp-video-shortcode\" id=\"video-7073-1\" width=\"426\" height=\"240\" preload=\"metadata\" controls=\"controls\"><source type=\"video\/mp4\" src=\"https:\/\/agora.xtec.cat\/iesmontbui\/wp-content\/uploads\/usu145\/2022\/02\/WhatsApp-Video-2022-02-25-at-11.01.36.mp4?_=1\" \/><a href=\"https:\/\/agora.xtec.cat\/iesmontbui\/wp-content\/uploads\/usu145\/2022\/02\/WhatsApp-Video-2022-02-25-at-11.01.36.mp4\">https:\/\/agora.xtec.cat\/iesmontbui\/wp-content\/uploads\/usu145\/2022\/02\/WhatsApp-Video-2022-02-25-at-11.01.36.mp4<\/a><\/video><\/div><\/td>\n<\/tr>\n<tr>\n<td style=\"width: 49.9496%; text-align: center;\" colspan=\"2\"><iframe loading=\"lazy\" src=\"https:\/\/drive.google.com\/file\/d\/1eA5FbRrd-dzfTLQfp5V4kp7ZkTovUokf\/preview\" width=\"640\" height=\"480\"><\/iframe><\/td>\n<\/tr>\n<\/tbody>\n<\/table>\n","protected":false},"excerpt":{"rendered":"<p>Com cada any, aquesta setmana celebrem les jornades de Portes Obertes, per tal que tothom que hi estigui interessat pugui con\u00e8ixer el nostre dia a dia com a centre: instal\u00b7lacions, activitats&#8230;<br \/>\nEl dimarts 1 de mar\u00e7 ens visitar\u00e0 l&#8217;alumnat de 6\u00e8 de les diferents escoles de&hellip;  <a href=\"https:\/\/agora.xtec.cat\/iesmontbui\/portada\/preparem-les-portes-obertes-del-centre\/\" title=\"Read Preparem les Portes Obertes del centre\">Llegeix m\u00e9s\u00bb<\/a><\/p>\n","protected":false},"author":66,"featured_media":7077,"comment_status":"open","ping_status":"closed","sticky":false,"template":"","format":"standard","meta":{"_bbp_topic_count":0,"_bbp_reply_count":0,"_bbp_total_topic_count":0,"_bbp_total_reply_count":0,"_bbp_voice_count":0,"_bbp_anonymous_reply_count":0,"_bbp_topic_count_hidden":0,"_bbp_reply_count_hidden":0,"_bbp_forum_subforum_count":0,"footnotes":""},"categories":[29],"tags":[],"class_list":["post-7073","post","type-post","status-publish","format-standard","has-post-thumbnail","hentry","category-portada"],"post_mailing_queue_ids":[],"_links":{"self":[{"href":"https:\/\/agora.xtec.cat\/iesmontbui\/wp-json\/wp\/v2\/posts\/7073","targetHints":{"allow":["GET"]}}],"collection":[{"href":"https:\/\/agora.xtec.cat\/iesmontbui\/wp-json\/wp\/v2\/posts"}],"about":[{"href":"https:\/\/agora.xtec.cat\/iesmontbui\/wp-json\/wp\/v2\/types\/post"}],"author":[{"embeddable":true,"href":"https:\/\/agora.xtec.cat\/iesmontbui\/wp-json\/wp\/v2\/users\/66"}],"replies":[{"embeddable":true,"href":"https:\/\/agora.xtec.cat\/iesmontbui\/wp-json\/wp\/v2\/comments?post=7073"}],"version-history":[{"count":3,"href":"https:\/\/agora.xtec.cat\/iesmontbui\/wp-json\/wp\/v2\/posts\/7073\/revisions"}],"predecessor-version":[{"id":7286,"href":"https:\/\/agora.xtec.cat\/iesmontbui\/wp-json\/wp\/v2\/posts\/7073\/revisions\/7286"}],"wp:featuredmedia":[{"embeddable":true,"href":"https:\/\/agora.xtec.cat\/iesmontbui\/wp-json\/wp\/v2\/media\/7077"}],"wp:attachment":[{"href":"https:\/\/agora.xtec.cat\/iesmontbui\/wp-json\/wp\/v2\/media?parent=7073"}],"wp:term":[{"taxonomy":"category","embeddable":true,"href":"https:\/\/agora.xtec.cat\/iesmontbui\/wp-json\/wp\/v2\/categories?post=7073"},{"taxonomy":"post_tag","embeddable":true,"href":"https:\/\/agora.xtec.cat\/iesmontbui\/wp-json\/wp\/v2\/tags?post=7073"}],"curies":[{"name":"wp","href":"https:\/\/api.w.org\/{rel}","templated":true}]}}