{"id":7021,"date":"2022-01-31T09:35:28","date_gmt":"2022-01-31T08:35:28","guid":{"rendered":"https:\/\/agora.xtec.cat\/iesmontbui\/?p=7021"},"modified":"2022-01-31T09:35:28","modified_gmt":"2022-01-31T08:35:28","slug":"fem-mascaretes-tecnologia-1r-eso","status":"publish","type":"post","link":"https:\/\/agora.xtec.cat\/iesmontbui\/general\/fem-mascaretes-tecnologia-1r-eso\/","title":{"rendered":"Fem mascaretes! (Tecnologia 1r ESO)"},"content":{"rendered":"<p><a href=\"https:\/\/agora.xtec.cat\/iesmontbui\/wp-content\/uploads\/usu145\/2022\/01\/personas-cosiendo-mascarilla-medica-casera_52683-37184.jpg\"><img loading=\"lazy\" decoding=\"async\" class=\"alignnone wp-image-7022 aligncenter\" src=\"https:\/\/agora.xtec.cat\/iesmontbui\/wp-content\/uploads\/usu145\/2022\/01\/personas-cosiendo-mascarilla-medica-casera_52683-37184.jpg\" alt=\"\" width=\"489\" height=\"326\" srcset=\"https:\/\/agora.xtec.cat\/iesmontbui\/wp-content\/uploads\/usu145\/2022\/01\/personas-cosiendo-mascarilla-medica-casera_52683-37184.jpg 626w, https:\/\/agora.xtec.cat\/iesmontbui\/wp-content\/uploads\/usu145\/2022\/01\/personas-cosiendo-mascarilla-medica-casera_52683-37184-300x200.jpg 300w\" sizes=\"auto, (max-width: 489px) 100vw, 489px\" \/><\/a><\/p>\n<p>Degut a la import\u00e0ncia de l&#8217;\u00fas de mascaretes en el moment actual, els alumnes de 1r d&#8217;ESO\u00a0 han estat treballant en un projecte en el qual han fabricat les seves pr\u00f2pies. L&#8217;alumnat n&#8217;ha fet fotografies del proc\u00e9s de disseny i fabricaci\u00f3, amb les quals n&#8217;ha editat un v\u00eddeo explicatiu.<\/p>\n<p>A continuaci\u00f3 us en deixem alguns exemples.<\/p>\n<div style=\"width: 852px;\" class=\"wp-video\"><!--[if lt IE 9]><script>document.createElement('video');<\/script><![endif]-->\n<video class=\"wp-video-shortcode\" id=\"video-7021-1\" width=\"852\" height=\"480\" preload=\"metadata\" controls=\"controls\"><source type=\"video\/mp4\" src=\"https:\/\/agora.xtec.cat\/iesmontbui\/wp-content\/uploads\/usu145\/2022\/01\/Mascareta-Laia-Rodriguez-1rB-\u2010-Tec.mp4?_=1\" \/><a href=\"https:\/\/agora.xtec.cat\/iesmontbui\/wp-content\/uploads\/usu145\/2022\/01\/Mascareta-Laia-Rodriguez-1rB-\u2010-Tec.mp4\">https:\/\/agora.xtec.cat\/iesmontbui\/wp-content\/uploads\/usu145\/2022\/01\/Mascareta-Laia-Rodriguez-1rB-\u2010-Tec.mp4<\/a><\/video><\/div>\n<div style=\"width: 540px;\" class=\"wp-video\"><video class=\"wp-video-shortcode\" id=\"video-7021-2\" width=\"540\" height=\"540\" preload=\"metadata\" controls=\"controls\"><source type=\"video\/mp4\" src=\"https:\/\/agora.xtec.cat\/iesmontbui\/wp-content\/uploads\/usu145\/2022\/01\/Com-crear-una-mascareta-de-tela-\u2010-Hecho-con-Clipchamp.mp4?_=2\" \/><a href=\"https:\/\/agora.xtec.cat\/iesmontbui\/wp-content\/uploads\/usu145\/2022\/01\/Com-crear-una-mascareta-de-tela-\u2010-Hecho-con-Clipchamp.mp4\">https:\/\/agora.xtec.cat\/iesmontbui\/wp-content\/uploads\/usu145\/2022\/01\/Com-crear-una-mascareta-de-tela-\u2010-Hecho-con-Clipchamp.mp4<\/a><\/video><\/div>\n<p>&nbsp;<\/p>\n","protected":false},"excerpt":{"rendered":"<p><a href=\"https:\/\/agora.xtec.cat\/iesmontbui\/wp-content\/uploads\/usu145\/2022\/01\/personas-cosiendo-mascarilla-medica-casera_52683-37184.jpg\"><\/a><br \/>\nDegut a la import\u00e0ncia de l&#8217;\u00fas de mascaretes en el moment actual, els alumnes de 1r d&#8217;ESO\u00a0 han estat treballant en un projecte en el qual han fabricat les seves pr\u00f2pies. L&#8217;alumnat n&#8217;ha fet fotografies del proc\u00e9s de disseny i fabricaci\u00f3, amb les quals&hellip;  <a href=\"https:\/\/agora.xtec.cat\/iesmontbui\/general\/fem-mascaretes-tecnologia-1r-eso\/\" title=\"Read Fem mascaretes! (Tecnologia 1r ESO)\">Llegeix m\u00e9s\u00bb<\/a><\/p>\n","protected":false},"author":59,"featured_media":7022,"comment_status":"open","ping_status":"closed","sticky":false,"template":"","format":"standard","meta":{"_bbp_topic_count":0,"_bbp_reply_count":0,"_bbp_total_topic_count":0,"_bbp_total_reply_count":0,"_bbp_voice_count":0,"_bbp_anonymous_reply_count":0,"_bbp_topic_count_hidden":0,"_bbp_reply_count_hidden":0,"_bbp_forum_subforum_count":0,"footnotes":""},"categories":[122,4,175,10,11,185,186,1,29],"tags":[],"class_list":["post-7021","post","type-post","status-publish","format-standard","has-post-thumbnail","hentry","category-deptecno","category-eso-1","category-eso-1a","category-eso-1b","category-eso-1c","category-eso-1d","category-eso-1e","category-general","category-portada"],"post_mailing_queue_ids":[],"_links":{"self":[{"href":"https:\/\/agora.xtec.cat\/iesmontbui\/wp-json\/wp\/v2\/posts\/7021","targetHints":{"allow":["GET"]}}],"collection":[{"href":"https:\/\/agora.xtec.cat\/iesmontbui\/wp-json\/wp\/v2\/posts"}],"about":[{"href":"https:\/\/agora.xtec.cat\/iesmontbui\/wp-json\/wp\/v2\/types\/post"}],"author":[{"embeddable":true,"href":"https:\/\/agora.xtec.cat\/iesmontbui\/wp-json\/wp\/v2\/users\/59"}],"replies":[{"embeddable":true,"href":"https:\/\/agora.xtec.cat\/iesmontbui\/wp-json\/wp\/v2\/comments?post=7021"}],"version-history":[{"count":2,"href":"https:\/\/agora.xtec.cat\/iesmontbui\/wp-json\/wp\/v2\/posts\/7021\/revisions"}],"predecessor-version":[{"id":7026,"href":"https:\/\/agora.xtec.cat\/iesmontbui\/wp-json\/wp\/v2\/posts\/7021\/revisions\/7026"}],"wp:featuredmedia":[{"embeddable":true,"href":"https:\/\/agora.xtec.cat\/iesmontbui\/wp-json\/wp\/v2\/media\/7022"}],"wp:attachment":[{"href":"https:\/\/agora.xtec.cat\/iesmontbui\/wp-json\/wp\/v2\/media?parent=7021"}],"wp:term":[{"taxonomy":"category","embeddable":true,"href":"https:\/\/agora.xtec.cat\/iesmontbui\/wp-json\/wp\/v2\/categories?post=7021"},{"taxonomy":"post_tag","embeddable":true,"href":"https:\/\/agora.xtec.cat\/iesmontbui\/wp-json\/wp\/v2\/tags?post=7021"}],"curies":[{"name":"wp","href":"https:\/\/api.w.org\/{rel}","templated":true}]}}