{"id":7016,"date":"2021-12-20T11:03:30","date_gmt":"2021-12-20T10:03:30","guid":{"rendered":"https:\/\/agora.xtec.cat\/iesmontbui\/?p=7016"},"modified":"2022-01-20T11:06:22","modified_gmt":"2022-01-20T10:06:22","slug":"sortida-parlament-i-human-bodies-3r-eso-d-e-i-mig-c","status":"publish","type":"post","link":"https:\/\/agora.xtec.cat\/iesmontbui\/eso\/sortida-parlament-i-human-bodies-3r-eso-d-e-i-mig-c\/","title":{"rendered":"Sortida Parlament i Human Bodies (3r ESO D, E i mig C)"},"content":{"rendered":"<p>Benvolgudes fam\u00edlies,<\/p>\n<p>ens plau indicar-vos el programa de la sortida de l\u2019assignatura de Ci\u00e8ncies naturals i Ci\u00e8ncies socials de 3r d\u2019ESO<\/p>\n<p>El dia 31 de gener l\u2019alumnat de 3r d\u2019ESO D, E i mig C acudir\u00e0 a Barcelona per visitar el Parlament de Catalunya i l&#8217;exposici\u00f3 Human Bodies.<\/p>\n<p>Se sortir\u00e0 del centre el mateix dia a les 7:30, i es preveu tornar a les 15:15.<\/p>\n<p>La sortida t\u00e9 un preu de\u00a0<strong>15<\/strong><strong> euros.<\/strong><\/p>\n<p>La data m\u00e0xima per fer el pagament \u00e9s el\u00a0<b>13 de gener.<\/b><\/p>\n<p>Trobareu m\u00e9s informaci\u00f3 al full de pagament de la sortida (<a href=\"https:\/\/agora.xtec.cat\/iesmontbui\/wp-content\/uploads\/usu145\/2022\/01\/Sortida-a-BCN-31-gener-3er-ESO-OK.pdf\">feu clic aqu\u00ed<\/a>).<\/p>\n<p><b>Com fer el pagament on-line?\u00a0<\/b><\/p>\n<ol>\n<li>Accediu a la p\u00e0gina web de l\u2019Institut Montbui:\u00a0<a href=\"https:\/\/agora.xtec.cat\/iesmontbui\/\">https:\/\/agora.xtec.cat\/iesmontbui\/<\/a><\/li>\n<li>Feu clic a la icona \u201cpagament online\u201d:<\/li>\n<\/ol>\n<ol start=\"3\">\n<li>Si apareix el missatge\u00a0<b>\u201cla connexi\u00f3 no \u00e9s del tot segura\u201d,<\/b>\u00a0cliqueu al damunt de\u00a0<b>\u201cconfiguraci\u00f3 avan\u00e7ada\u201d<\/b>\u00a0i despr\u00e9s cliqueu damunt de:<\/li>\n<\/ol>\n<p><b>\u00a0<\/b>\u201ccontinua per accedir a\u00a0<a href=\"https:\/\/www16.atutoria.com\/tpvol\/imtbui\">https:\/\/www16.atutoria.com\/tpvol\/imtbui<\/a>\u00a0(no segur)\u201d<\/p>\n<ol start=\"4\">\n<li>Aneu al desplegable \u201cSelecciona l\u2019activitat\u201d i trieu l&#8217;activitat corresponent:<\/li>\n<li>Escriviu el nom i cognoms de l\u2019alumne\/a.<\/li>\n<li>Seleccioneu el curs, grup i nivell educatiu. Si no sabeu alguna dada, seleccioneu l\u2019interrogant, ja que \u00e9s obligatori triar una opci\u00f3.<\/li>\n<li>Afegiu un correu electr\u00f2nic on rebreu el comprovant del pagament. Aquest comprovant l\u2019heu de reenviar als seg\u00fcents correus: yolanda.ruiz@imontbui.org i\/o miquel.ferrer@imontbui.org.<\/li>\n<li>Clicar a \u201cFer el pagament\u201d.<\/li>\n<li>Emplenar les dades (n\u00ba de targeta, caducitat, codi de seguretat) a la plataforma banc\u00e0ria de pagament online del BBVA.<\/li>\n<li>Guardar en PDF o Imprimir (clicant al damunt de la icona d\u2019una impressora) la confirmaci\u00f3 de pagament del banc.<\/li>\n<li>Clicar al bot\u00f3 CONTINUAR, que ens portar\u00e0 a una p\u00e0gina final del servei de pagament online.<\/li>\n<\/ol>\n","protected":false},"excerpt":{"rendered":"<p>Benvolgudes fam\u00edlies,<br \/>\nens plau indicar-vos el programa de la sortida de l\u2019assignatura de Ci\u00e8ncies naturals i Ci\u00e8ncies socials de 3r d\u2019ESO<br \/>\nEl dia 31 de gener l\u2019alumnat de 3r d\u2019ESO D, E i mig C acudir\u00e0 a Barcelona per visitar el Parlament de Catalunya i l&#8217;exposici\u00f3 Human&hellip;  <a href=\"https:\/\/agora.xtec.cat\/iesmontbui\/eso\/sortida-parlament-i-human-bodies-3r-eso-d-e-i-mig-c\/\" title=\"Read Sortida Parlament i Human Bodies (3r ESO D, E i mig C)\">Llegeix m\u00e9s\u00bb<\/a><\/p>\n","protected":false},"author":66,"featured_media":7014,"comment_status":"open","ping_status":"closed","sticky":false,"template":"","format":"standard","meta":{"_bbp_topic_count":0,"_bbp_reply_count":0,"_bbp_total_topic_count":0,"_bbp_total_reply_count":0,"_bbp_voice_count":0,"_bbp_anonymous_reply_count":0,"_bbp_topic_count_hidden":0,"_bbp_reply_count_hidden":0,"_bbp_forum_subforum_count":0,"footnotes":""},"categories":[98,114,126,120,3,6,21,340,351],"tags":[],"class_list":["post-7016","post","type-post","status-publish","format-standard","has-post-thumbnail","hentry","category-comunicats","category-comunicats3","category-dephumanitats","category-depciencies","category-eso","category-eso-3","category-eso-3c","category-eso-3d","category-eso-3e"],"post_mailing_queue_ids":[],"_links":{"self":[{"href":"https:\/\/agora.xtec.cat\/iesmontbui\/wp-json\/wp\/v2\/posts\/7016","targetHints":{"allow":["GET"]}}],"collection":[{"href":"https:\/\/agora.xtec.cat\/iesmontbui\/wp-json\/wp\/v2\/posts"}],"about":[{"href":"https:\/\/agora.xtec.cat\/iesmontbui\/wp-json\/wp\/v2\/types\/post"}],"author":[{"embeddable":true,"href":"https:\/\/agora.xtec.cat\/iesmontbui\/wp-json\/wp\/v2\/users\/66"}],"replies":[{"embeddable":true,"href":"https:\/\/agora.xtec.cat\/iesmontbui\/wp-json\/wp\/v2\/comments?post=7016"}],"version-history":[{"count":1,"href":"https:\/\/agora.xtec.cat\/iesmontbui\/wp-json\/wp\/v2\/posts\/7016\/revisions"}],"predecessor-version":[{"id":7018,"href":"https:\/\/agora.xtec.cat\/iesmontbui\/wp-json\/wp\/v2\/posts\/7016\/revisions\/7018"}],"wp:featuredmedia":[{"embeddable":true,"href":"https:\/\/agora.xtec.cat\/iesmontbui\/wp-json\/wp\/v2\/media\/7014"}],"wp:attachment":[{"href":"https:\/\/agora.xtec.cat\/iesmontbui\/wp-json\/wp\/v2\/media?parent=7016"}],"wp:term":[{"taxonomy":"category","embeddable":true,"href":"https:\/\/agora.xtec.cat\/iesmontbui\/wp-json\/wp\/v2\/categories?post=7016"},{"taxonomy":"post_tag","embeddable":true,"href":"https:\/\/agora.xtec.cat\/iesmontbui\/wp-json\/wp\/v2\/tags?post=7016"}],"curies":[{"name":"wp","href":"https:\/\/api.w.org\/{rel}","templated":true}]}}