{"id":7007,"date":"2022-01-31T09:41:59","date_gmt":"2022-01-31T08:41:59","guid":{"rendered":"https:\/\/agora.xtec.cat\/iesmontbui\/?p=7007"},"modified":"2022-02-04T13:05:06","modified_gmt":"2022-02-04T12:05:06","slug":"teatre-la-casa-de-bernarda-alba-4t-eso","status":"publish","type":"post","link":"https:\/\/agora.xtec.cat\/iesmontbui\/general\/teatre-la-casa-de-bernarda-alba-4t-eso\/","title":{"rendered":"Teatre: &#8220;La casa de Bernarda Alba&#8221; (4t ESO)"},"content":{"rendered":"<p><span style=\"font-weight: 400;\">El martes 11 de enero asistimos al teatro \u201cLa casa de Bernarda Alba\u201d en el Teatreneu en Barcelona. Anteriormente ya hab\u00edamos le\u00eddo la obra en clase de castellano y ver c\u00f3mo las actrices interpretaban la historia y los personajes que nosotros hab\u00edamos imaginado en nuestra cabeza hizo que la experiencia fuese mucho mejor.\u00a0<\/span><\/p>\n<p><span style=\"font-weight: 400;\">\u00a0\u00a0<\/span> <span style=\"font-weight: 400;\">Durante toda 1 hora, experimentamos muchas sensaciones diferentes y pudimos llegar a sentir empat\u00eda con las protagonistas. Al finalizar pudimos preguntar a las actrices sobre sus papeles, su experiencia en el escenario y las dudas que nos surgieron. El ambiente fue muy acogedor y respondieron a todas nuestras preguntas; hicieron un trabajo incre\u00edble interpretando sus personajes y fue verdaderamente incre\u00edble no solo el trabajo y preparaci\u00f3n que hab\u00eda detr\u00e1s sino tambi\u00e9n c\u00f3mo hicieron que con solo 4 actrices toda la obra se entendiera perfectamente y todos los personajes tuvieran su toque especial y \u00fanico.<\/span><\/p>\n<p><span style=\"font-weight: 400;\">\u00a0\u00a0\u00a0Tambi\u00e9n se ha de decir que previamente en clase hab\u00edamos hecho un trabajo y una interpretaci\u00f3n de la obra en grupos y\u00a0 gracias a ello sab\u00edamos lo dif\u00edcil que era conseguir interiorizar a esas mujeres oprimidas en una \u00e9poca en la que deb\u00edan acatar \u00f3rdenes, no se les ten\u00eda en cuenta y\u00a0 no ten\u00edan voz.\u00a0<\/span><\/p>\n<p><span style=\"font-weight: 400;\">Salimos muy contentos y con ganas de que la hubieran profundizado un poco m\u00e1s. M\u00e1s tarde tuvimos unas horas para pasear por Barcelona y la oportunidad de pasear por sus calles.<\/span><\/p>\n<p><span style=\"font-weight: 400;\">Recomendamos mucho ir a ver esta obra, ya que nos muestra un claro ejemplo de c\u00f3mo la sociedad y las maneras de vivir han cambiado durante todos estos a\u00f1os.\u00a0<\/span><\/p>\n<p><span style=\"font-weight: 400;\">Es una obra que al menos una vez en la vida tienes que leer.<\/span><\/p>\n<p style=\"text-align: right;\"><strong>D\u00fania Farhan y Alba Sancho<\/strong><\/p>\n\n\t\t<style type=\"text\/css\">\n\t\t\t#gallery-1 {\n\t\t\t\tmargin: auto;\n\t\t\t}\n\t\t\t#gallery-1 .gallery-item {\n\t\t\t\tfloat: left;\n\t\t\t\tmargin-top: 10px;\n\t\t\t\ttext-align: center;\n\t\t\t\twidth: 33%;\n\t\t\t}\n\t\t\t#gallery-1 img {\n\t\t\t\tborder: 2px solid #cfcfcf;\n\t\t\t}\n\t\t\t#gallery-1 .gallery-caption {\n\t\t\t\tmargin-left: 0;\n\t\t\t}\n\t\t\t\/* see gallery_shortcode() in wp-includes\/media.php *\/\n\t\t<\/style>\n\t\t<div id='gallery-1' class='gallery galleryid-7007 gallery-columns-3 gallery-size-medium'><dl class='gallery-item'>\n\t\t\t<dt class='gallery-icon portrait'>\n\t\t\t\t<a href='https:\/\/agora.xtec.cat\/iesmontbui\/general\/teatre-la-casa-de-bernarda-alba-4t-eso\/attachment\/bernarda3\/'><img loading=\"lazy\" decoding=\"async\" width=\"225\" height=\"300\" src=\"https:\/\/agora.xtec.cat\/iesmontbui\/wp-content\/uploads\/usu145\/2022\/01\/bernarda3-225x300.jpg\" class=\"attachment-medium size-medium\" alt=\"\" srcset=\"https:\/\/agora.xtec.cat\/iesmontbui\/wp-content\/uploads\/usu145\/2022\/01\/bernarda3-225x300.jpg 225w, https:\/\/agora.xtec.cat\/iesmontbui\/wp-content\/uploads\/usu145\/2022\/01\/bernarda3.jpg 768w\" sizes=\"auto, (max-width: 225px) 100vw, 225px\" \/><\/a>\n\t\t\t<\/dt><\/dl><dl class='gallery-item'>\n\t\t\t<dt class='gallery-icon portrait'>\n\t\t\t\t<a href='https:\/\/agora.xtec.cat\/iesmontbui\/general\/teatre-la-casa-de-bernarda-alba-4t-eso\/attachment\/bernarda2\/'><img loading=\"lazy\" decoding=\"async\" width=\"225\" height=\"300\" src=\"https:\/\/agora.xtec.cat\/iesmontbui\/wp-content\/uploads\/usu145\/2022\/01\/bernarda2-225x300.jpg\" class=\"attachment-medium size-medium\" alt=\"\" srcset=\"https:\/\/agora.xtec.cat\/iesmontbui\/wp-content\/uploads\/usu145\/2022\/01\/bernarda2-225x300.jpg 225w, https:\/\/agora.xtec.cat\/iesmontbui\/wp-content\/uploads\/usu145\/2022\/01\/bernarda2.jpg 768w\" sizes=\"auto, (max-width: 225px) 100vw, 225px\" \/><\/a>\n\t\t\t<\/dt><\/dl><dl class='gallery-item'>\n\t\t\t<dt class='gallery-icon landscape'>\n\t\t\t\t<a href='https:\/\/agora.xtec.cat\/iesmontbui\/general\/teatre-la-casa-de-bernarda-alba-4t-eso\/attachment\/bernarda1\/'><img loading=\"lazy\" decoding=\"async\" width=\"300\" height=\"225\" src=\"https:\/\/agora.xtec.cat\/iesmontbui\/wp-content\/uploads\/usu145\/2022\/01\/bernarda1-300x225.jpg\" class=\"attachment-medium size-medium\" alt=\"\" srcset=\"https:\/\/agora.xtec.cat\/iesmontbui\/wp-content\/uploads\/usu145\/2022\/01\/bernarda1-300x225.jpg 300w, https:\/\/agora.xtec.cat\/iesmontbui\/wp-content\/uploads\/usu145\/2022\/01\/bernarda1-768x577.jpg 768w, https:\/\/agora.xtec.cat\/iesmontbui\/wp-content\/uploads\/usu145\/2022\/01\/bernarda1-200x150.jpg 200w, https:\/\/agora.xtec.cat\/iesmontbui\/wp-content\/uploads\/usu145\/2022\/01\/bernarda1.jpg 1024w\" sizes=\"auto, (max-width: 300px) 100vw, 300px\" \/><\/a>\n\t\t\t<\/dt><\/dl><br style=\"clear: both\" \/>\n\t\t<\/div>\n\n","protected":false},"excerpt":{"rendered":"<p>El martes 11 de enero asistimos al teatro \u201cLa casa de Bernarda Alba\u201d en el Teatreneu en Barcelona. Anteriormente ya hab\u00edamos le\u00eddo la obra en clase de castellano y ver c\u00f3mo las actrices interpretaban la historia y los personajes que nosotros hab\u00edamos imaginado en nuestra&hellip;  <a href=\"https:\/\/agora.xtec.cat\/iesmontbui\/general\/teatre-la-casa-de-bernarda-alba-4t-eso\/\" title=\"Read Teatre: &#8220;La casa de Bernarda Alba&#8221; (4t ESO)\">Llegeix m\u00e9s\u00bb<\/a><\/p>\n","protected":false},"author":66,"featured_media":7027,"comment_status":"closed","ping_status":"closed","sticky":false,"template":"","format":"standard","meta":{"_bbp_topic_count":0,"_bbp_reply_count":0,"_bbp_total_topic_count":0,"_bbp_total_reply_count":0,"_bbp_voice_count":0,"_bbp_anonymous_reply_count":0,"_bbp_topic_count_hidden":0,"_bbp_reply_count_hidden":0,"_bbp_forum_subforum_count":0,"footnotes":""},"categories":[125,3,7,24,25,26,66,1,29],"tags":[],"class_list":["post-7007","post","type-post","status-publish","format-standard","has-post-thumbnail","hentry","category-depllengues","category-eso","category-eso-4","category-eso-4a","category-eso-4b","category-eso-4c","category-eso_4d","category-general","category-portada"],"post_mailing_queue_ids":[],"_links":{"self":[{"href":"https:\/\/agora.xtec.cat\/iesmontbui\/wp-json\/wp\/v2\/posts\/7007","targetHints":{"allow":["GET"]}}],"collection":[{"href":"https:\/\/agora.xtec.cat\/iesmontbui\/wp-json\/wp\/v2\/posts"}],"about":[{"href":"https:\/\/agora.xtec.cat\/iesmontbui\/wp-json\/wp\/v2\/types\/post"}],"author":[{"embeddable":true,"href":"https:\/\/agora.xtec.cat\/iesmontbui\/wp-json\/wp\/v2\/users\/66"}],"replies":[{"embeddable":true,"href":"https:\/\/agora.xtec.cat\/iesmontbui\/wp-json\/wp\/v2\/comments?post=7007"}],"version-history":[{"count":3,"href":"https:\/\/agora.xtec.cat\/iesmontbui\/wp-json\/wp\/v2\/posts\/7007\/revisions"}],"predecessor-version":[{"id":7045,"href":"https:\/\/agora.xtec.cat\/iesmontbui\/wp-json\/wp\/v2\/posts\/7007\/revisions\/7045"}],"wp:featuredmedia":[{"embeddable":true,"href":"https:\/\/agora.xtec.cat\/iesmontbui\/wp-json\/wp\/v2\/media\/7027"}],"wp:attachment":[{"href":"https:\/\/agora.xtec.cat\/iesmontbui\/wp-json\/wp\/v2\/media?parent=7007"}],"wp:term":[{"taxonomy":"category","embeddable":true,"href":"https:\/\/agora.xtec.cat\/iesmontbui\/wp-json\/wp\/v2\/categories?post=7007"},{"taxonomy":"post_tag","embeddable":true,"href":"https:\/\/agora.xtec.cat\/iesmontbui\/wp-json\/wp\/v2\/tags?post=7007"}],"curies":[{"name":"wp","href":"https:\/\/api.w.org\/{rel}","templated":true}]}}