{"id":7001,"date":"2022-01-15T09:43:43","date_gmt":"2022-01-15T08:43:43","guid":{"rendered":"https:\/\/agora.xtec.cat\/iesmontbui\/?p=7001"},"modified":"2022-02-04T13:12:59","modified_gmt":"2022-02-04T12:12:59","slug":"sortida-a-la-colonia-vidal-4t-eso-2","status":"publish","type":"post","link":"https:\/\/agora.xtec.cat\/iesmontbui\/general\/sortida-a-la-colonia-vidal-4t-eso-2\/","title":{"rendered":"Sortida a la Col\u00f2nia Vidal (4t ESO)"},"content":{"rendered":"<p style=\"text-align: justify;\">El dimecres 22 de desembre de 2021, els alumnes de 4t vam visitar el Museu de la Col\u00f2nia Vidal, a Puig-Reig.<\/p>\n<p style=\"text-align: justify;\">La Col\u00f2nia Vidal \u00e9s una de les col\u00f2nies t\u00e8xtils que es van instal\u00b7lar al peu del riu Llobregat durant l\u2019\u00faltim ter\u00e7 del segle XIX i els primers anys del segle XX, per a utilitzar la seva aigua com a font d\u2019energia. Va ocupar el darrer espai que quedava lliure entre Nav\u00e0s i Berga, la zona on es va crear la principal concentraci\u00f3 de col\u00f2nies d\u2019Europa. A partir del moment del tancament de la f\u00e0brica, les noves idees apunten cap a una revaloritzaci\u00f3 del patrimoni, la qual cosa va provocar que es donessin nous usos a les instal\u00b7lacions. Aix\u00ed neix el Museu, que permet explicar com era la vida a les col\u00f2nies.<\/p>\n<p style=\"text-align: justify;\">El Museu ens proposa con\u00e8ixer com era la vida i el treball en una col\u00f2nia t\u00e8xtil del 1900 i fa un recorregut per l\u2019interior de la Col\u00f2nia Vidal que, fins a l\u2019actualitat, ha conservat el patrimoni totalment. L\u2019experi\u00e8ncia ha estat molt entretinguda i esperem que profitosa.<\/p>\n<p style=\"text-align: justify;\">L\u2019itinerari permet visitar els serveis de la col\u00f2nia obrera, l\u2019habitatge, l\u2019escola, la biblioteca, la peixateria, el safareig, les dutxes, la sucursal de caixa Manresa i una exposici\u00f3 permanent que ens detalla el dia a dia dels homes i les dones que treballaven a la f\u00e0brica i els serveis del conjunt industrial.<\/p>\n<p>El nostre alumnat de 4t ha preparat uns v\u00eddeo-reportatges amb la seva visita, dels quals us deixem uns exemples a continuaci\u00f3.<\/p>\n<p style=\"text-align: right;\"><strong>Maria Peralta<\/strong><\/p>\n<p><iframe loading=\"lazy\" src=\"https:\/\/drive.google.com\/file\/d\/10Toa6ptVEpbyNJ4otsMyaFbsrGlY8YLy\/preview\" width=\"640\" height=\"480\"><\/iframe><\/p>\n<p><iframe loading=\"lazy\" src=\"https:\/\/drive.google.com\/file\/d\/1VnV4Jp1SyZWGEYET9s2hymhxn4EbMH66\/preview\" width=\"640\" height=\"480\"><\/iframe><\/p>\n","protected":false},"excerpt":{"rendered":"<p>El dimecres 22 de desembre de 2021, els alumnes de 4t vam visitar el Museu de la Col\u00f2nia Vidal, a Puig-Reig.<br \/>\nLa Col\u00f2nia Vidal \u00e9s una de les col\u00f2nies t\u00e8xtils que es van instal\u00b7lar al peu del riu Llobregat durant l\u2019\u00faltim ter\u00e7 del segle XIX i&hellip;  <a href=\"https:\/\/agora.xtec.cat\/iesmontbui\/general\/sortida-a-la-colonia-vidal-4t-eso-2\/\" title=\"Read Sortida a la Col\u00f2nia Vidal (4t ESO)\">Llegeix m\u00e9s\u00bb<\/a><\/p>\n","protected":false},"author":66,"featured_media":6865,"comment_status":"closed","ping_status":"closed","sticky":false,"template":"","format":"standard","meta":{"_bbp_topic_count":0,"_bbp_reply_count":0,"_bbp_total_topic_count":0,"_bbp_total_reply_count":0,"_bbp_voice_count":0,"_bbp_anonymous_reply_count":0,"_bbp_topic_count_hidden":0,"_bbp_reply_count_hidden":0,"_bbp_forum_subforum_count":0,"footnotes":""},"categories":[126,3,7,24,25,26,66,1,29],"tags":[],"class_list":["post-7001","post","type-post","status-publish","format-standard","has-post-thumbnail","hentry","category-dephumanitats","category-eso","category-eso-4","category-eso-4a","category-eso-4b","category-eso-4c","category-eso_4d","category-general","category-portada"],"post_mailing_queue_ids":[],"_links":{"self":[{"href":"https:\/\/agora.xtec.cat\/iesmontbui\/wp-json\/wp\/v2\/posts\/7001","targetHints":{"allow":["GET"]}}],"collection":[{"href":"https:\/\/agora.xtec.cat\/iesmontbui\/wp-json\/wp\/v2\/posts"}],"about":[{"href":"https:\/\/agora.xtec.cat\/iesmontbui\/wp-json\/wp\/v2\/types\/post"}],"author":[{"embeddable":true,"href":"https:\/\/agora.xtec.cat\/iesmontbui\/wp-json\/wp\/v2\/users\/66"}],"replies":[{"embeddable":true,"href":"https:\/\/agora.xtec.cat\/iesmontbui\/wp-json\/wp\/v2\/comments?post=7001"}],"version-history":[{"count":4,"href":"https:\/\/agora.xtec.cat\/iesmontbui\/wp-json\/wp\/v2\/posts\/7001\/revisions"}],"predecessor-version":[{"id":7047,"href":"https:\/\/agora.xtec.cat\/iesmontbui\/wp-json\/wp\/v2\/posts\/7001\/revisions\/7047"}],"wp:featuredmedia":[{"embeddable":true,"href":"https:\/\/agora.xtec.cat\/iesmontbui\/wp-json\/wp\/v2\/media\/6865"}],"wp:attachment":[{"href":"https:\/\/agora.xtec.cat\/iesmontbui\/wp-json\/wp\/v2\/media?parent=7001"}],"wp:term":[{"taxonomy":"category","embeddable":true,"href":"https:\/\/agora.xtec.cat\/iesmontbui\/wp-json\/wp\/v2\/categories?post=7001"},{"taxonomy":"post_tag","embeddable":true,"href":"https:\/\/agora.xtec.cat\/iesmontbui\/wp-json\/wp\/v2\/tags?post=7001"}],"curies":[{"name":"wp","href":"https:\/\/api.w.org\/{rel}","templated":true}]}}