{"id":6893,"date":"2021-11-30T09:32:08","date_gmt":"2021-11-30T08:32:08","guid":{"rendered":"https:\/\/agora.xtec.cat\/iesmontbui\/?p=6893"},"modified":"2021-11-30T09:32:08","modified_gmt":"2021-11-30T08:32:08","slug":"vaga-del-professorat-30-de-novembre","status":"publish","type":"post","link":"https:\/\/agora.xtec.cat\/iesmontbui\/eso\/vaga-del-professorat-30-de-novembre\/","title":{"rendered":"Vaga del professorat 30 de novembre"},"content":{"rendered":"<p dir=\"ltr\" style=\"text-align: justify;\">Benvolgudes fam\u00edlies,<\/p>\n<p dir=\"ltr\" style=\"text-align: justify;\">Us informem que les organitzacions sindicals IAC, I-CSC, CGT; CNT, CO.BAS i SO han comunicat una jornada de vaga adre\u00e7ada a tot el personal de les administracions i empreses p\u00fabliques catalanes per al dia 30 de novembre de 2021, de 00.00 a 24.00 hores. Tamb\u00e9 el sindicat COS ha convocat una vaga pel mateix dia i jornada per als treballadors i treballadores dependents del Departament d&#8217;Educaci\u00f3 de la Generalitat de Catalunya.<\/p>\n<p dir=\"ltr\" style=\"text-align: justify;\">En aquests moments, no podem saber l\u2019afectaci\u00f3 que pot tenir aquesta convocat\u00f2ria per a l\u2019activitat lectiva de l\u2019institut, per\u00f2 s\u00ed que us podem garantir que l\u2019institut romandr\u00e0 obert i que es cobriran els serveis m\u00ednims establerts.<\/p>\n<p dir=\"ltr\" style=\"text-align: justify;\">Durant les hores de classe en les quals el\/la professor\/a estigui exercint el seu dret a vaga, l\u2019alumnat del grup afectat, romandr\u00e0 vigilat, per\u00f2 no far\u00e0 classe.<\/p>\n<p dir=\"ltr\" style=\"text-align: justify;\">Atentament,<\/p>\n<p dir=\"ltr\"><strong>Equip directiu<\/strong><\/p>\n","protected":false},"excerpt":{"rendered":"<p>Benvolgudes fam\u00edlies,<br \/>\nUs informem que les organitzacions sindicals IAC, I-CSC, CGT; CNT, CO.BAS i SO han comunicat una jornada de vaga adre\u00e7ada a tot el personal de les administracions i empreses p\u00fabliques catalanes per al dia 30 de novembre de 2021, de 00.00 a 24.00 hores.&hellip;  <a href=\"https:\/\/agora.xtec.cat\/iesmontbui\/eso\/vaga-del-professorat-30-de-novembre\/\" title=\"Read Vaga del professorat 30 de novembre\">Llegeix m\u00e9s\u00bb<\/a><\/p>\n","protected":false},"author":66,"featured_media":6895,"comment_status":"closed","ping_status":"closed","sticky":false,"template":"","format":"standard","meta":{"_bbp_topic_count":0,"_bbp_reply_count":0,"_bbp_total_topic_count":0,"_bbp_total_reply_count":0,"_bbp_voice_count":0,"_bbp_anonymous_reply_count":0,"_bbp_topic_count_hidden":0,"_bbp_reply_count_hidden":0,"_bbp_forum_subforum_count":0,"footnotes":""},"categories":[31,67,341,342,68,343,344,8,121,126,123,120,125,124,122,119,3,4,175,10,11,185,186,5,14,15,16,187,338,6,19,20,21,340,351,7,24,25,26,66,339,29],"tags":[],"class_list":["post-6893","post","type-post","status-publish","format-standard","has-post-thumbnail","hentry","category-ampa","category-batx-1","category-batx-1a","category-batx-1b","category-batx-2","category-batx-2a","category-batx-2b","category-batxillerat","category-depexpressio","category-dephumanitats","category-deporientacio","category-depciencies","category-depllengues","category-depangles","category-deptecno","category-depmates","category-eso","category-eso-1","category-eso-1a","category-eso-1b","category-eso-1c","category-eso-1d","category-eso-1e","category-eso-2","category-eso-2a","category-eso-2b","category-eso-2c","category-eso-2d","category-eso-2e","category-eso-3","category-eso-3a","category-eso-3b","category-eso-3c","category-eso-3d","category-eso-3e","category-eso-4","category-eso-4a","category-eso-4b","category-eso-4c","category-eso_4d","category-pfi","category-portada"],"post_mailing_queue_ids":[],"_links":{"self":[{"href":"https:\/\/agora.xtec.cat\/iesmontbui\/wp-json\/wp\/v2\/posts\/6893","targetHints":{"allow":["GET"]}}],"collection":[{"href":"https:\/\/agora.xtec.cat\/iesmontbui\/wp-json\/wp\/v2\/posts"}],"about":[{"href":"https:\/\/agora.xtec.cat\/iesmontbui\/wp-json\/wp\/v2\/types\/post"}],"author":[{"embeddable":true,"href":"https:\/\/agora.xtec.cat\/iesmontbui\/wp-json\/wp\/v2\/users\/66"}],"replies":[{"embeddable":true,"href":"https:\/\/agora.xtec.cat\/iesmontbui\/wp-json\/wp\/v2\/comments?post=6893"}],"version-history":[{"count":1,"href":"https:\/\/agora.xtec.cat\/iesmontbui\/wp-json\/wp\/v2\/posts\/6893\/revisions"}],"predecessor-version":[{"id":6894,"href":"https:\/\/agora.xtec.cat\/iesmontbui\/wp-json\/wp\/v2\/posts\/6893\/revisions\/6894"}],"wp:featuredmedia":[{"embeddable":true,"href":"https:\/\/agora.xtec.cat\/iesmontbui\/wp-json\/wp\/v2\/media\/6895"}],"wp:attachment":[{"href":"https:\/\/agora.xtec.cat\/iesmontbui\/wp-json\/wp\/v2\/media?parent=6893"}],"wp:term":[{"taxonomy":"category","embeddable":true,"href":"https:\/\/agora.xtec.cat\/iesmontbui\/wp-json\/wp\/v2\/categories?post=6893"},{"taxonomy":"post_tag","embeddable":true,"href":"https:\/\/agora.xtec.cat\/iesmontbui\/wp-json\/wp\/v2\/tags?post=6893"}],"curies":[{"name":"wp","href":"https:\/\/api.w.org\/{rel}","templated":true}]}}