{"id":6852,"date":"2021-11-18T09:22:09","date_gmt":"2021-11-18T08:22:09","guid":{"rendered":"https:\/\/agora.xtec.cat\/iesmontbui\/?p=6852"},"modified":"2021-11-18T09:22:09","modified_gmt":"2021-11-18T08:22:09","slug":"videopoesia-comunicacio-audiovisual-3r-eso-d","status":"publish","type":"post","link":"https:\/\/agora.xtec.cat\/iesmontbui\/general\/videopoesia-comunicacio-audiovisual-3r-eso-d\/","title":{"rendered":"Videopoesia (Comunicaci\u00f3 audiovisual 3r ESO D)"},"content":{"rendered":"<p style=\"text-align: justify;\">Durant el primer torn de projectes l&#8217;alumnat de 3r d&#8217;ESO D ha treballat la creaci\u00f3 audiovisual amb eines digitals, una iniciativa que es porta conjuntament des dels projectes m\u00f2bils.edu i Avancem.<\/p>\n<p style=\"text-align: justify;\">L&#8217;objectiu de treball d&#8217;aquestes setmanes va ser la creaci\u00f3 d&#8217;una videopoesia. Un dels requeriments era que en algun moment era necessari fer servir la t\u00e8cnica croma, consistent en l&#8217;enregistrament sobre un fons verd, que despr\u00e9s es pot eliminar amb mitjans digitals per tal d&#8217;inserir un altre fons.<\/p>\n<p style=\"text-align: justify;\">Els diferents grups van presentar la seva feina davant de la resta de la classe el 27 d&#8217;octubre, el darrer dia del projecte, sent tots ells d&#8217;un molt bona qualitat. Aqu\u00ed us deixem una com a exemple de la seva gran creativitat.<\/p>\n<p style=\"text-align: right;\"><strong>Comunicaci\u00f3<\/strong><\/p>\n<p><iframe loading=\"lazy\" src=\"https:\/\/drive.google.com\/file\/d\/1VVjAoBFhu2ENAeC8ZeLo1nxjACSemOZt\/preview\" width=\"960\" height=\"540\"><\/iframe><\/p>\n","protected":false},"excerpt":{"rendered":"<p>Durant el primer torn de projectes l&#8217;alumnat de 3r d&#8217;ESO D ha treballat la creaci\u00f3 audiovisual amb eines digitals, una iniciativa que es porta conjuntament des dels projectes m\u00f2bils.edu i Avancem.<br \/>\nL&#8217;objectiu de treball d&#8217;aquestes setmanes va ser la creaci\u00f3 d&#8217;una videopoesia. Un dels requeriments era&hellip;  <a href=\"https:\/\/agora.xtec.cat\/iesmontbui\/general\/videopoesia-comunicacio-audiovisual-3r-eso-d\/\" title=\"Read Videopoesia (Comunicaci\u00f3 audiovisual 3r ESO D)\">Llegeix m\u00e9s\u00bb<\/a><\/p>\n","protected":false},"author":66,"featured_media":6854,"comment_status":"closed","ping_status":"closed","sticky":false,"template":"","format":"standard","meta":{"_bbp_topic_count":0,"_bbp_reply_count":0,"_bbp_total_topic_count":0,"_bbp_total_reply_count":0,"_bbp_voice_count":0,"_bbp_anonymous_reply_count":0,"_bbp_topic_count_hidden":0,"_bbp_reply_count_hidden":0,"_bbp_forum_subforum_count":0,"footnotes":""},"categories":[125,122,3,6,340,1,29],"tags":[],"class_list":["post-6852","post","type-post","status-publish","format-standard","has-post-thumbnail","hentry","category-depllengues","category-deptecno","category-eso","category-eso-3","category-eso-3d","category-general","category-portada"],"post_mailing_queue_ids":[],"_links":{"self":[{"href":"https:\/\/agora.xtec.cat\/iesmontbui\/wp-json\/wp\/v2\/posts\/6852","targetHints":{"allow":["GET"]}}],"collection":[{"href":"https:\/\/agora.xtec.cat\/iesmontbui\/wp-json\/wp\/v2\/posts"}],"about":[{"href":"https:\/\/agora.xtec.cat\/iesmontbui\/wp-json\/wp\/v2\/types\/post"}],"author":[{"embeddable":true,"href":"https:\/\/agora.xtec.cat\/iesmontbui\/wp-json\/wp\/v2\/users\/66"}],"replies":[{"embeddable":true,"href":"https:\/\/agora.xtec.cat\/iesmontbui\/wp-json\/wp\/v2\/comments?post=6852"}],"version-history":[{"count":1,"href":"https:\/\/agora.xtec.cat\/iesmontbui\/wp-json\/wp\/v2\/posts\/6852\/revisions"}],"predecessor-version":[{"id":6855,"href":"https:\/\/agora.xtec.cat\/iesmontbui\/wp-json\/wp\/v2\/posts\/6852\/revisions\/6855"}],"wp:featuredmedia":[{"embeddable":true,"href":"https:\/\/agora.xtec.cat\/iesmontbui\/wp-json\/wp\/v2\/media\/6854"}],"wp:attachment":[{"href":"https:\/\/agora.xtec.cat\/iesmontbui\/wp-json\/wp\/v2\/media?parent=6852"}],"wp:term":[{"taxonomy":"category","embeddable":true,"href":"https:\/\/agora.xtec.cat\/iesmontbui\/wp-json\/wp\/v2\/categories?post=6852"},{"taxonomy":"post_tag","embeddable":true,"href":"https:\/\/agora.xtec.cat\/iesmontbui\/wp-json\/wp\/v2\/tags?post=6852"}],"curies":[{"name":"wp","href":"https:\/\/api.w.org\/{rel}","templated":true}]}}