{"id":6829,"date":"2021-11-11T09:54:53","date_gmt":"2021-11-11T08:54:53","guid":{"rendered":"https:\/\/agora.xtec.cat\/iesmontbui\/?p=6829"},"modified":"2021-11-11T09:54:53","modified_gmt":"2021-11-11T08:54:53","slug":"sortida-cda-can-santoi-comunicacio-3r-eso-d-e-i-a","status":"publish","type":"post","link":"https:\/\/agora.xtec.cat\/iesmontbui\/eso\/sortida-cda-can-santoi-comunicacio-3r-eso-d-e-i-a\/","title":{"rendered":"Sortida CdA Can Santoi (Comunicaci\u00f3 3r ESO D, E i A)"},"content":{"rendered":"<p>Benvolgudes fam\u00edlies,<\/p>\n<p>ens plau indicar-vos el programa de la sortida del projecte de Comunicaci\u00f3 de 3r d&#8217;ESO.<\/p>\n<p>El dia 3 de desembre l\u2019alumnat de 3r d&#8217;ESO del projecte de Comunicaci\u00f3 (grups D, E i A) anir\u00e0 al CdA Can Santoi per visitar la Col\u00f2nia G\u00fcell.<\/p>\n<p>Se sortir\u00e0 del centre el mateix dia a les 8:00, i es preveu tornar a les 14:30.<\/p>\n<p>La sortida t\u00e9 un preu de <strong>1<\/strong><strong>5 euros<\/strong>, i el concepte de pagament \u00e9s\u00a0<strong>\u201cCdA Can Santoi 3r ESO\u201d<\/strong><\/p>\n<p>La data m\u00e0xima per fer el pagament \u00e9s el\u00a0<strong>24 de novembre<\/strong>.<\/p>\n<p><b>Com fer el pagament on-line?\u00a0<\/b><\/p>\n<ol>\n<li>Accediu a la p\u00e0gina web de l\u2019Institut Montbui:\u00a0<a href=\"https:\/\/agora.xtec.cat\/iesmontbui\/\">https:\/\/agora.xtec.cat\/iesmontbui\/<\/a><\/li>\n<li>Feu clic a la icona \u201cpagament online\u201d:<\/li>\n<\/ol>\n<ol start=\"3\">\n<li>Si apareix el missatge\u00a0<b>\u201cla connexi\u00f3 no \u00e9s del tot segura\u201d,<\/b>\u00a0cliqueu al damunt de\u00a0<b>\u201cconfiguraci\u00f3 avan\u00e7ada\u201d<\/b>\u00a0i despr\u00e9s cliqueu damunt de:<\/li>\n<\/ol>\n<p><b>\u00a0<\/b>\u201ccontinua per accedir a\u00a0<a href=\"https:\/\/www16.atutoria.com\/tpvol\/imtbui\">https:\/\/www16.atutoria.com\/tpvol\/imtbui<\/a>\u00a0(no segur)\u201d<\/p>\n<ol start=\"4\">\n<li>Aneu al desplegable \u201cSelecciona l\u2019activitat\u201d i trieu aquesta activitat:<\/li>\n<\/ol>\n<p><strong>\u201cCdA Can Santoi 3r ESO\u201d<\/strong><\/p>\n<ol start=\"5\">\n<li>Escriviu el nom i cognoms de l\u2019alumne\/a.<\/li>\n<li>Seleccioneu el curs, grup i nivell educatiu. Si no sabeu alguna dada, seleccioneu l\u2019interrogant, ja que \u00e9s obligatori triar una opci\u00f3.<\/li>\n<li>Afegiu un correu electr\u00f2nic on rebreu el comprovant del pagament. Aquest comprovant \u00e9s per la fam\u00edlia i NO caldr\u00e0 entregar-lo ni enviar-lo.<\/li>\n<li>Clicar a \u201cFer el pagament\u201d.<\/li>\n<li>Emplenar les dades (n\u00ba de targeta, caducitat, codi de seguretat) a la plataforma banc\u00e0ria de pagament online del BBVA.<\/li>\n<li>Guardar en PDF o Imprimir (clicant al damunt de la icona d\u2019una impressora) la confirmaci\u00f3 de pagament del banc.<\/li>\n<li>Clicar al bot\u00f3 CONTINUAR, que ens portar\u00e0 a una p\u00e0gina final del servei de pagament online.<\/li>\n<\/ol>\n","protected":false},"excerpt":{"rendered":"<p>Benvolgudes fam\u00edlies,<br \/>\nens plau indicar-vos el programa de la sortida del projecte de Comunicaci\u00f3 de 3r d&#8217;ESO.<br \/>\nEl dia 3 de desembre l\u2019alumnat de 3r d&#8217;ESO del projecte de Comunicaci\u00f3 (grups D, E i A) anir\u00e0 al CdA Can Santoi per visitar la Col\u00f2nia G\u00fcell.<br \/>\nSe sortir\u00e0 del&hellip;  <a href=\"https:\/\/agora.xtec.cat\/iesmontbui\/eso\/sortida-cda-can-santoi-comunicacio-3r-eso-d-e-i-a\/\" title=\"Read Sortida CdA Can Santoi (Comunicaci\u00f3 3r ESO D, E i A)\">Llegeix m\u00e9s\u00bb<\/a><\/p>\n","protected":false},"author":66,"featured_media":6113,"comment_status":"closed","ping_status":"closed","sticky":false,"template":"","format":"standard","meta":{"_bbp_topic_count":0,"_bbp_reply_count":0,"_bbp_total_topic_count":0,"_bbp_total_reply_count":0,"_bbp_voice_count":0,"_bbp_anonymous_reply_count":0,"_bbp_topic_count_hidden":0,"_bbp_reply_count_hidden":0,"_bbp_forum_subforum_count":0,"footnotes":""},"categories":[98,114,3,6,19,340,351],"tags":[],"class_list":["post-6829","post","type-post","status-publish","format-standard","has-post-thumbnail","hentry","category-comunicats","category-comunicats3","category-eso","category-eso-3","category-eso-3a","category-eso-3d","category-eso-3e"],"post_mailing_queue_ids":[],"_links":{"self":[{"href":"https:\/\/agora.xtec.cat\/iesmontbui\/wp-json\/wp\/v2\/posts\/6829","targetHints":{"allow":["GET"]}}],"collection":[{"href":"https:\/\/agora.xtec.cat\/iesmontbui\/wp-json\/wp\/v2\/posts"}],"about":[{"href":"https:\/\/agora.xtec.cat\/iesmontbui\/wp-json\/wp\/v2\/types\/post"}],"author":[{"embeddable":true,"href":"https:\/\/agora.xtec.cat\/iesmontbui\/wp-json\/wp\/v2\/users\/66"}],"replies":[{"embeddable":true,"href":"https:\/\/agora.xtec.cat\/iesmontbui\/wp-json\/wp\/v2\/comments?post=6829"}],"version-history":[{"count":1,"href":"https:\/\/agora.xtec.cat\/iesmontbui\/wp-json\/wp\/v2\/posts\/6829\/revisions"}],"predecessor-version":[{"id":6830,"href":"https:\/\/agora.xtec.cat\/iesmontbui\/wp-json\/wp\/v2\/posts\/6829\/revisions\/6830"}],"wp:featuredmedia":[{"embeddable":true,"href":"https:\/\/agora.xtec.cat\/iesmontbui\/wp-json\/wp\/v2\/media\/6113"}],"wp:attachment":[{"href":"https:\/\/agora.xtec.cat\/iesmontbui\/wp-json\/wp\/v2\/media?parent=6829"}],"wp:term":[{"taxonomy":"category","embeddable":true,"href":"https:\/\/agora.xtec.cat\/iesmontbui\/wp-json\/wp\/v2\/categories?post=6829"},{"taxonomy":"post_tag","embeddable":true,"href":"https:\/\/agora.xtec.cat\/iesmontbui\/wp-json\/wp\/v2\/tags?post=6829"}],"curies":[{"name":"wp","href":"https:\/\/api.w.org\/{rel}","templated":true}]}}