{"id":6791,"date":"2021-11-03T14:57:37","date_gmt":"2021-11-03T13:57:37","guid":{"rendered":"https:\/\/agora.xtec.cat\/iesmontbui\/?p=6791"},"modified":"2021-11-25T15:14:40","modified_gmt":"2021-11-25T14:14:40","slug":"eleccions-consell-escolar-2","status":"publish","type":"post","link":"https:\/\/agora.xtec.cat\/iesmontbui\/portada\/eleccions-consell-escolar-2\/","title":{"rendered":"Candidatures i informaci\u00f3 de les Eleccions Consell Escolar"},"content":{"rendered":"<p><strong>Aquest mes de novembre es realitzar\u00e0 les eleccions al consell escolar, l<\/strong><em><strong>\u2019<\/strong><\/em><strong>\u00f2rgan de participaci\u00f3 de la comunitat escolar en el govern del centre. Al Consell escolar hi estan representats tots els sectors implicats: Fam\u00edlies, Alumnat, Professorat, Personal d\u2019Administraci\u00f3 i Serveis, Direcci\u00f3 i Ajuntament del municipi.<\/strong><\/p>\n<p>Nom\u00e9s des d\u2019aquesta pluralitat de representaci\u00f3 (professorat, fam\u00edlies, alumnat, personal no docent i ajuntament) podem aconseguir un institut de qualitat, obert i dialogant que defensi una aut\u00e8ntica interacci\u00f3 per viure i conviure amb harmonia. \u00c9s per aix\u00f2 que us demanem la vostra participaci\u00f3, tant per a la presentaci\u00f3 de candidatures, com per venir a votar els i les vostres representants. Aquesta actuaci\u00f3 democr\u00e0tica \u00e9s bona per al funcionament de l\u2019institut i \u00e9s una actuaci\u00f3 exemplificadora per a les noves generacions.<\/p>\n<p>Els representants del consell escolar s\u00f3n escollits per un per\u00edode de quatre anys, per\u00f2 cada dos anys es convoquen eleccions per renovar la meitat dels seus membres.<\/p>\n<p>Les vacants del consell escolar s\u2019ocupen segons els resultats de les eleccions. Si un membre deixa el consell, passar\u00e0 a ocupar el seu lloc la seg\u00fcent candidatura m\u00e9s votada en les darreres eleccions. Si no hi ha m\u00e9s candidats per cobrir la pla\u00e7a, queda vacant fins a la propera renovaci\u00f3 del consell escolar.<\/p>\n<div>\n<h4>Candidatures presentades, ordenades per sectors:<\/h4>\n<h5>Sector mares, pares i tutors legals (votacions dimarts 23 de 18 a 20h):<\/h5>\n<ul>\n<li>Antonio Manuel Jurado Mart\u00ednez<\/li>\n<li>Javier Gamez Ca\u00f1adas<\/li>\n<li>Nuria S\u00e1nchez Palos<\/li>\n<li>Toni Ruiz Rodr\u00edguez<\/li>\n<\/ul>\n<h5>Sector alumnat (votacions dijous 25 a partir de les 8:30h):<\/h5>\n<ul>\n<li>Daniela Jim\u00e9nez Maldonado (3r A)<\/li>\n<li>Judit Gonz\u00e1lez Berbel (3r C)<\/li>\n<li>Marwa Koubi (2n B)<\/li>\n<li>Jana P\u00e9rez Villariezo (3r B)<\/li>\n<li>Nayara Redondo Oca\u00f1a (3r B)<\/li>\n<\/ul>\n<h5>Sector professorat (votacions dimarts 23 a les 15:30h):<\/h5>\n<ul>\n<li>N\u00faria Mart\u00ed Ninot<\/li>\n<li>M Merc\u00e8 Carta\u00f1\u00e0 Arcediano<\/li>\n<li>Cristina de la Cruz Lorente<\/li>\n<li>Manuel Duarte Dom\u00ednguez<\/li>\n<\/ul>\n<h5>Sector PAS\/PAE (votacions dimarts 23 a les 10:30):<\/h5>\n<ul>\n<li>Jordi Malpartida Esteban<\/li>\n<\/ul>\n<h4><strong>Nombre de representants a renovar en la present convocat\u00f2ria<\/strong><\/h4>\n<\/div>\n<ol>\n<li>Professorat: 3 membres<\/li>\n<li>Pares, mares i tutors legals dels alumnes (fam\u00edlies): 1 membre<\/li>\n<li>Alumnat: 2 membres<\/li>\n<li>PAS\/PAE: 1 membre<\/li>\n<\/ol>\n<h4>Calendari eleccions Novembre 2021<\/h4>\n<ul>\n<li>Del 2 al 26 de novembre: Exposici\u00f3 del cens dels diferents sectors al taulell d\u2019anuncis del centre<\/li>\n<li>Del 3 al 7 de novembre: Reclamacions del cens dels diferents sectors mitjan\u00e7ant escrit dirigit a la directora del centre<\/li>\n<li>4 de novembre: Sorteig per designar els membres vocals de les diferents meses electorals<\/li>\n<li>Fins l\u201911 de novembre: Presentaci\u00f3 de sol\u00b7licituds per actuar com a supervisor del proc\u00e9s<\/li>\n<li>11 de novembre: Constituci\u00f3 de les meses electorals d\u2019alumnat i fam\u00edlies, estudi de les reclamacions del cens i aprovaci\u00f3 de les sol\u00b7licituds de supervisors<\/li>\n<li>Fins el 17 de novembre: Presentaci\u00f3 de candidatures dels diferents sectors mitjan\u00e7ant formulari (<a href=\"https:\/\/agora.xtec.cat\/iesmontbui\/wp-content\/uploads\/usu145\/2021\/11\/candidatura-Montbui.pdf\">enlla\u00e7at aqu\u00ed<\/a> o consergeria). Entregar en paper a consergeria o digitalment a <a href=\"mailto:secretaria@imontbui.org\">secretaria@imontbui.org<\/a><\/li>\n<li>18 de novembre: Proclamaci\u00f3 f\u00edsicament i virtual de les candidatures acceptades<\/li>\n<li>Del 19 al 22 de novembre: Difusi\u00f3 de les candidatures presentades dels diferents sectors<\/li>\n<li>23 de novembre: A les 10:30h, votaci\u00f3 del sector PAS\/PAE<\/li>\n<li>23 de novembre: A les 15:30h, claustre extraordinari per realitzar les votacions del sector professorat<\/li>\n<li>23 de novembre: De 18 a 20h, votaci\u00f3 del sector de fam\u00edlies, al vest\u00edbul del centre<\/li>\n<li>25 de novembre: Durant el mat\u00ed, votaci\u00f3 del sector de l\u2019alumnat<\/li>\n<li>Abans del 20 de desembre, constituci\u00f3 del nou consell escolar<\/li>\n<\/ul>\n<h4>Presentaci\u00f3 de candidatures (abans del dimecres 17 de novembre)<\/h4>\n<p>Per presentar la vostra candidatura, cal que ompliu amb les vostres dades el formulari seg\u00fcent, en format digital o en paper: <a href=\"https:\/\/agora.xtec.cat\/iesmontbui\/wp-content\/uploads\/usu145\/2021\/11\/candidatura-Montbui.pdf\" target=\"_blank\" rel=\"noopener\">FORMULARI<\/a>. Tamb\u00e9 podeu trobar c\u00f2pies en paper a la consergeria del centre.<\/p>\n<p>Un cop omplert, es pot enviar digitalment per correu electr\u00f2nic (original, escanejat o fotografia) a secretaria@imontbui.org; o b\u00e9 entregar en paper a la secretaria del centre.<\/p>\n<h4><a href=\"https:\/\/agora.xtec.cat\/iesmontbui\/wp-content\/uploads\/usu145\/2021\/11\/candidatura-Montbui.pdf\"><img loading=\"lazy\" decoding=\"async\" class=\"wp-image-6795 alignleft\" src=\"https:\/\/agora.xtec.cat\/iesmontbui\/wp-content\/uploads\/usu145\/2021\/11\/icono-PDF-258x300.png\" alt=\"\" width=\"45\" height=\"52\" srcset=\"https:\/\/agora.xtec.cat\/iesmontbui\/wp-content\/uploads\/usu145\/2021\/11\/icono-PDF-258x300.png 258w, https:\/\/agora.xtec.cat\/iesmontbui\/wp-content\/uploads\/usu145\/2021\/11\/icono-PDF.png 360w\" sizes=\"auto, (max-width: 45px) 100vw, 45px\" \/><\/a><\/h4>\n<p>Descarrega el formulari de presentaci\u00f3 de candidatura<\/p>\n<h4><\/h4>\n<h4><\/h4>\n<h4>Sector fam\u00edlies, us animem a participar del Consell Escolar!<\/h4>\n<h4>Quines funcions t\u00e9 el consell escolar?<\/h4>\n<p>Corresponen al consell escolar les funcions seg\u00fcents:<\/p>\n<ul>\n<li>Aprovar el projecte educatiu i les modificacions corresponents per una majoria de tres cinquenes parts dels membres.<\/li>\n<li>Aprovar la programaci\u00f3 general anual del centre i avaluar-ne el desenvolupament i els resultats.<\/li>\n<li>Aprovar les propostes d\u2019acords de corresponsabilitat, convenis i altres acords de col\u00b7laboraci\u00f3 del centre amb entitats o institucions.<\/li>\n<li>Aprovar les normes d\u2019organitzaci\u00f3 i funcionament i les modificacions corresponents.<\/li>\n<li>Aprovar la carta de comprom\u00eds educatiu.<\/li>\n<li>Aprovar el pressupost del centre i el rendiment de comptes.<\/li>\n<li>Participar en el procediment de selecci\u00f3 i en la proposta de cessament del director o directora.<\/li>\n<li>Intervenir en la resoluci\u00f3 dels conflictes i, si escau, revisar les sancions als alumnes.<\/li>\n<li>Aprovar les directrius per a la programaci\u00f3 d\u2019activitats escolars complement\u00e0ries i d\u2019activitats extraescolars, i avaluar-ne el desenvolupament.<\/li>\n<li>Participar en les an\u00e0lisis i les avaluacions del funcionament general del centre i con\u00e8ixer l\u2019evoluci\u00f3 del rendiment escolar.<\/li>\n<li>Aprovar els criteris de col\u00b7laboraci\u00f3 amb altres centres i amb l\u2019entorn.<\/li>\n<li>Qualsevol altra que li sigui atribu\u00efda per les normes legals o reglament\u00e0ries.<\/li>\n<\/ul>\n<p>A nivell de tasques, comporta el comprom\u00eds de participaci\u00f3 de forma digital o presencial a les reunions del Consell Escolar, entre 4 i 5 al llarg de tot el curs. Generalment es realitzen dimarts o dimecres a les 19h.<\/p>\n<h5><strong>Com podem participar les fam\u00edlies en les eleccions del consell escolar?<\/strong><\/h5>\n<p>En les eleccions, les fam\u00edlies hi podeu participar de dues maneres diferents:<\/p>\n<ul>\n<li>Presentant-vos com a candidats o candidates per representar les fam\u00edlies al consell escolar.<\/li>\n<li>Participant el dia que el centre convoqui les eleccions votant les candidatures que considereu m\u00e9s representatives.<\/li>\n<\/ul>\n<h5><strong>Per qu\u00e8 \u00e9s important que les fam\u00edlies participem en les eleccions al consell escolar?<\/strong><\/h5>\n<p>L&#8217;equip de professionals dels centres i les fam\u00edlies compartim un objectiu: l&#8217;\u00e8xit social i personal dels fills i de les filles. Les decisions que es prenen al consell escolar s\u00f3n clau per al funcionament i la millora del centre i, per tant, tamb\u00e9 per a l&#8217;\u00e8xit educatiu de tot l&#8217;alumnat. \u00c9s per aquest motiu que la participaci\u00f3 i implicaci\u00f3 dels pares i mares en les eleccions al consell escolar \u00e9s tan important.<\/p>\n<p>Quan les fam\u00edlies participeu en les eleccions, doneu suport al vostre candidat o candidata i hi delegueu la vostra veu i vot. Aix\u00ed feu arribar les vostres opinions i aportacions. Per tant, \u00e9s important que participeu en les eleccions al consell escolar pels motius seg\u00fcents:<\/p>\n<ul>\n<li>Sou els responsables de la formaci\u00f3 dels vostres fills i filles i \u00e9s important tenir una bona representaci\u00f3 al consell escolar que us informi i faci arribar la vostra veu.<\/li>\n<li>Les fam\u00edlies i els equips de docents compartim un mateix objectiu: l&#8217;\u00e8xit acad\u00e8mic, social i personal dels fills i filles. Per aix\u00f2 hem de ser capa\u00e7os de treballar de manera conjunta i decidir a qu\u00e8 ens comprometem per aconseguir-ho.<\/li>\n<li>Les fam\u00edlies teniu el dret de participar de manera democr\u00e0tica en l&#8217;organitzaci\u00f3 del centre. Aquesta \u00e9s una manera de valorar l&#8217;escola i tamb\u00e9 contribu\u00efu que el vostre fill o filla la valori.<\/li>\n<li>L&#8217;\u00e8xit educatiu del vostre fill o filla tamb\u00e9 dep\u00e8n del funcionament i el clima de centre. Implicar-vos en el seguiment i l&#8217;avaluaci\u00f3 d&#8217;aquest funcionament \u00e9s implicar-vos en el seu desenvolupament i creixement personal.<\/li>\n<li>\u00c9s la manera de fer arribar la vostra veu en temes que us poden preocupar, com activitats extraescolars o\u00a0 l&#8217;alimentaci\u00f3 en el menjador escolar.<\/li>\n<li>\u00c9s important tenir una escola oberta a l&#8217;entorn, que col\u00b7labori amb els altres centres i les diferents entitats i que entre tots pugueu fer del vostre municipi, barri o poble un entorn m\u00e9s educatiu i cohesionat. El consell escolar decideix quines han de ser aquestes relacions.<\/li>\n<\/ul>\n<p>Per a m\u00e9s informaci\u00f3: <a href=\"https:\/\/educacio.gencat.cat\/ca\/arees-actuacio\/families\/recursos\/recomanacions\/eleccions-consells-escolars\/\" target=\"_blank\" rel=\"noopener\">https:\/\/educacio.gencat.cat\/ca\/arees-actuacio\/families\/recursos\/recomanacions\/eleccions-consells-escolars\/<\/a><\/p>\n","protected":false},"excerpt":{"rendered":"<p>Aquest mes de novembre es realitzar\u00e0 les eleccions al consell escolar, l\u2019\u00f2rgan de participaci\u00f3 de la comunitat escolar en el govern del centre. Al Consell escolar hi estan representats tots els sectors implicats: Fam\u00edlies, Alumnat, Professorat, Personal d\u2019Administraci\u00f3 i Serveis, Direcci\u00f3 i Ajuntament del municipi.<br \/>\nNom\u00e9s&hellip;  <a href=\"https:\/\/agora.xtec.cat\/iesmontbui\/portada\/eleccions-consell-escolar-2\/\" title=\"Read Candidatures i informaci\u00f3 de les Eleccions Consell Escolar\">Llegeix m\u00e9s\u00bb<\/a><\/p>\n","protected":false},"author":1,"featured_media":6792,"comment_status":"open","ping_status":"closed","sticky":false,"template":"","format":"standard","meta":{"_bbp_topic_count":0,"_bbp_reply_count":0,"_bbp_total_topic_count":0,"_bbp_total_reply_count":0,"_bbp_voice_count":0,"_bbp_anonymous_reply_count":0,"_bbp_topic_count_hidden":0,"_bbp_reply_count_hidden":0,"_bbp_forum_subforum_count":0,"footnotes":""},"categories":[98,29],"tags":[],"class_list":["post-6791","post","type-post","status-publish","format-standard","has-post-thumbnail","hentry","category-comunicats","category-portada"],"post_mailing_queue_ids":[],"_links":{"self":[{"href":"https:\/\/agora.xtec.cat\/iesmontbui\/wp-json\/wp\/v2\/posts\/6791","targetHints":{"allow":["GET"]}}],"collection":[{"href":"https:\/\/agora.xtec.cat\/iesmontbui\/wp-json\/wp\/v2\/posts"}],"about":[{"href":"https:\/\/agora.xtec.cat\/iesmontbui\/wp-json\/wp\/v2\/types\/post"}],"author":[{"embeddable":true,"href":"https:\/\/agora.xtec.cat\/iesmontbui\/wp-json\/wp\/v2\/users\/1"}],"replies":[{"embeddable":true,"href":"https:\/\/agora.xtec.cat\/iesmontbui\/wp-json\/wp\/v2\/comments?post=6791"}],"version-history":[{"count":3,"href":"https:\/\/agora.xtec.cat\/iesmontbui\/wp-json\/wp\/v2\/posts\/6791\/revisions"}],"predecessor-version":[{"id":6862,"href":"https:\/\/agora.xtec.cat\/iesmontbui\/wp-json\/wp\/v2\/posts\/6791\/revisions\/6862"}],"wp:featuredmedia":[{"embeddable":true,"href":"https:\/\/agora.xtec.cat\/iesmontbui\/wp-json\/wp\/v2\/media\/6792"}],"wp:attachment":[{"href":"https:\/\/agora.xtec.cat\/iesmontbui\/wp-json\/wp\/v2\/media?parent=6791"}],"wp:term":[{"taxonomy":"category","embeddable":true,"href":"https:\/\/agora.xtec.cat\/iesmontbui\/wp-json\/wp\/v2\/categories?post=6791"},{"taxonomy":"post_tag","embeddable":true,"href":"https:\/\/agora.xtec.cat\/iesmontbui\/wp-json\/wp\/v2\/tags?post=6791"}],"curies":[{"name":"wp","href":"https:\/\/api.w.org\/{rel}","templated":true}]}}