{"id":6774,"date":"2021-10-25T09:22:39","date_gmt":"2021-10-25T07:22:39","guid":{"rendered":"https:\/\/agora.xtec.cat\/iesmontbui\/?p=6774"},"modified":"2021-10-25T09:22:39","modified_gmt":"2021-10-25T07:22:39","slug":"el-comerc-tambe-educa-economia-1r-batx","status":"publish","type":"post","link":"https:\/\/agora.xtec.cat\/iesmontbui\/general\/el-comerc-tambe-educa-economia-1r-batx\/","title":{"rendered":"El comer\u00e7 tamb\u00e9 educa (Economia 1r Batx)"},"content":{"rendered":"<p class=\"\" style=\"text-align: justify;\">Organitzem unes jornades amb els alumnes de 1r de batxillerat de l&#8217;INS Montbui on visitarem diferents comer\u00e7os de la nostra vila.<\/p>\n<p class=\"\" style=\"text-align: justify;\">El comer\u00e7 presencial t\u00e9 moltes virtuts i avantatges en comparaci\u00f3 amb el comer\u00e7 electr\u00f2nic. \u00c9s la forma de comprar m\u00e9s distesa i l\u00fadica.<\/p>\n<p class=\"\" style=\"text-align: justify;\">Tractarem el comer\u00e7 de proximitat, sostenible, models d\u2019empresa, mobilitat, per\u00f2 sobretot els alumnes gaudiran del nostre comer\u00e7 en primera persona.<\/p>\n<p class=\"\" style=\"text-align: justify;\">Les activitats han estat dissenyades en conjunt amb l\u2019equip de direcci\u00f3 de l&#8217;INS Montbui encap\u00e7alat per l\u2019Eva Raich i la professora de l\u2019assignatura d\u2019economia Rosa Langa.<\/p>\n<ul style=\"text-align: justify;\" data-rte-list=\"default\">\n<li>\n<p class=\"\">Dijous 14. Presentaci\u00f3 i inici a l\u2019aula<\/p>\n<\/li>\n<li>\n<p class=\"\">Visites:<br \/>\nDilluns 18 anirem a visitar a la fruiteria Cal Lluis, la gestoria i autoescola Cid i la carnisseria Cal Pepe<br \/>\nDimecres 20 visitarem la botiga de roba Gonzalo, la perruqueria Cabells i el centre en formaci\u00f3 en ter\u00e0pies Therana.<\/p>\n<\/li>\n<li>\n<p class=\"\">Divendres 29. Conclusions finals a l\u2019aula.<\/p>\n<\/li>\n<\/ul>\n<p class=\"\" style=\"text-align: justify;\">Amb la col\u00b7laboraci\u00f3 de l\u2019Ajuntament de Montbui, la Mancomunitat de la Conca d\u2019\u00d2dena i el presentador d\u2019esdeveniments i conferenciant Jes\u00fas Gal\u00e1n.<\/p>\n<p style=\"text-align: right;\"><strong>Uni\u00f3 d&#8217;Establiments de Montbui<\/strong><\/p>\n<p style=\"text-align: center;\"><a href=\"https:\/\/agora.xtec.cat\/iesmontbui\/wp-content\/uploads\/usu145\/2021\/10\/Screenshot-2021-10-25-09.21.14.png\"><img loading=\"lazy\" decoding=\"async\" class=\"alignnone size-full wp-image-6775\" src=\"https:\/\/agora.xtec.cat\/iesmontbui\/wp-content\/uploads\/usu145\/2021\/10\/Screenshot-2021-10-25-09.21.14.png\" alt=\"\" width=\"643\" height=\"363\" srcset=\"https:\/\/agora.xtec.cat\/iesmontbui\/wp-content\/uploads\/usu145\/2021\/10\/Screenshot-2021-10-25-09.21.14.png 643w, https:\/\/agora.xtec.cat\/iesmontbui\/wp-content\/uploads\/usu145\/2021\/10\/Screenshot-2021-10-25-09.21.14-300x169.png 300w\" sizes=\"auto, (max-width: 643px) 100vw, 643px\" \/><\/a><\/p>\n","protected":false},"excerpt":{"rendered":"<p>Organitzem unes jornades amb els alumnes de 1r de batxillerat de l&#8217;INS Montbui on visitarem diferents comer\u00e7os de la nostra vila.<br \/>\nEl comer\u00e7 presencial t\u00e9 moltes virtuts i avantatges en comparaci\u00f3 amb el comer\u00e7 electr\u00f2nic. \u00c9s la forma de comprar m\u00e9s distesa i l\u00fadica.<br \/>\nTractarem el comer\u00e7&hellip;  <a href=\"https:\/\/agora.xtec.cat\/iesmontbui\/general\/el-comerc-tambe-educa-economia-1r-batx\/\" title=\"Read El comer\u00e7 tamb\u00e9 educa (Economia 1r Batx)\">Llegeix m\u00e9s\u00bb<\/a><\/p>\n","protected":false},"author":66,"featured_media":6775,"comment_status":"closed","ping_status":"closed","sticky":false,"template":"","format":"standard","meta":{"_bbp_topic_count":0,"_bbp_reply_count":0,"_bbp_total_topic_count":0,"_bbp_total_reply_count":0,"_bbp_voice_count":0,"_bbp_anonymous_reply_count":0,"_bbp_topic_count_hidden":0,"_bbp_reply_count_hidden":0,"_bbp_forum_subforum_count":0,"footnotes":""},"categories":[67,341,342,119,65,1,29],"tags":[],"class_list":["post-6774","post","type-post","status-publish","format-standard","has-post-thumbnail","hentry","category-batx-1","category-batx-1a","category-batx-1b","category-depmates","category-estudis","category-general","category-portada"],"post_mailing_queue_ids":[],"_links":{"self":[{"href":"https:\/\/agora.xtec.cat\/iesmontbui\/wp-json\/wp\/v2\/posts\/6774","targetHints":{"allow":["GET"]}}],"collection":[{"href":"https:\/\/agora.xtec.cat\/iesmontbui\/wp-json\/wp\/v2\/posts"}],"about":[{"href":"https:\/\/agora.xtec.cat\/iesmontbui\/wp-json\/wp\/v2\/types\/post"}],"author":[{"embeddable":true,"href":"https:\/\/agora.xtec.cat\/iesmontbui\/wp-json\/wp\/v2\/users\/66"}],"replies":[{"embeddable":true,"href":"https:\/\/agora.xtec.cat\/iesmontbui\/wp-json\/wp\/v2\/comments?post=6774"}],"version-history":[{"count":1,"href":"https:\/\/agora.xtec.cat\/iesmontbui\/wp-json\/wp\/v2\/posts\/6774\/revisions"}],"predecessor-version":[{"id":6776,"href":"https:\/\/agora.xtec.cat\/iesmontbui\/wp-json\/wp\/v2\/posts\/6774\/revisions\/6776"}],"wp:featuredmedia":[{"embeddable":true,"href":"https:\/\/agora.xtec.cat\/iesmontbui\/wp-json\/wp\/v2\/media\/6775"}],"wp:attachment":[{"href":"https:\/\/agora.xtec.cat\/iesmontbui\/wp-json\/wp\/v2\/media?parent=6774"}],"wp:term":[{"taxonomy":"category","embeddable":true,"href":"https:\/\/agora.xtec.cat\/iesmontbui\/wp-json\/wp\/v2\/categories?post=6774"},{"taxonomy":"post_tag","embeddable":true,"href":"https:\/\/agora.xtec.cat\/iesmontbui\/wp-json\/wp\/v2\/tags?post=6774"}],"curies":[{"name":"wp","href":"https:\/\/api.w.org\/{rel}","templated":true}]}}