{"id":6756,"date":"2021-10-17T22:57:09","date_gmt":"2021-10-17T20:57:09","guid":{"rendered":"https:\/\/agora.xtec.cat\/iesmontbui\/?p=6756"},"modified":"2021-10-17T22:57:09","modified_gmt":"2021-10-17T20:57:09","slug":"concurs-de-disfresses-de-halloween","status":"publish","type":"post","link":"https:\/\/agora.xtec.cat\/iesmontbui\/general\/concurs-de-disfresses-de-halloween\/","title":{"rendered":"Concurs de disfresses de Halloween"},"content":{"rendered":"<p>Com cada any ja tenim a punt el concurs de disfresses de Halloween.<\/p>\n<p>El concurs, que tindr\u00e0 lloc el dia 29 d&#8217;octubre, est\u00e0 obert a tot l&#8217;alumnat del centre, que pot participar en diferents categories i tem\u00e0tiques: individual, per grups i per classes, amb la tem\u00e0tica de Halloween o de la Castanyada.<\/p>\n<p>Aquells que vulgueu participar haureu de venir disfressats al centre el dia 29 d&#8217;octubre, i desfilar durant el primer pati davant d&#8217;un jurat que seleccionar\u00e0 als guanyadors i guanyadores de les diferents categories.<\/p>\n<p>A continuaci\u00f3 us deixem el cartell promocional.<\/p>\n<p>\u00c0nims i molta sort!<\/p>\n<p style=\"text-align: right;\"><strong>Coordinadora d&#8217;Activitats i Serveis<\/strong><\/p>\n<p><a href=\"https:\/\/agora.xtec.cat\/iesmontbui\/wp-content\/uploads\/usu145\/2021\/10\/Halloweenpor.jpg\"><img loading=\"lazy\" decoding=\"async\" class=\"alignnone size-full wp-image-6757\" src=\"https:\/\/agora.xtec.cat\/iesmontbui\/wp-content\/uploads\/usu145\/2021\/10\/Halloweenpor.jpg\" alt=\"\" width=\"1024\" height=\"724\" srcset=\"https:\/\/agora.xtec.cat\/iesmontbui\/wp-content\/uploads\/usu145\/2021\/10\/Halloweenpor.jpg 1024w, https:\/\/agora.xtec.cat\/iesmontbui\/wp-content\/uploads\/usu145\/2021\/10\/Halloweenpor-300x212.jpg 300w, https:\/\/agora.xtec.cat\/iesmontbui\/wp-content\/uploads\/usu145\/2021\/10\/Halloweenpor-768x543.jpg 768w\" sizes=\"auto, (max-width: 1024px) 100vw, 1024px\" \/><\/a><\/p>\n<p>&nbsp;<\/p>\n","protected":false},"excerpt":{"rendered":"<p>Com cada any ja tenim a punt el concurs de disfresses de Halloween.<br \/>\nEl concurs, que tindr\u00e0 lloc el dia 29 d&#8217;octubre, est\u00e0 obert a tot l&#8217;alumnat del centre, que pot participar en diferents categories i tem\u00e0tiques: individual, per grups i per classes, amb la tem\u00e0tica&hellip;  <a href=\"https:\/\/agora.xtec.cat\/iesmontbui\/general\/concurs-de-disfresses-de-halloween\/\" title=\"Read Concurs de disfresses de Halloween\">Llegeix m\u00e9s\u00bb<\/a><\/p>\n","protected":false},"author":66,"featured_media":6757,"comment_status":"closed","ping_status":"closed","sticky":false,"template":"","format":"standard","meta":{"_bbp_topic_count":0,"_bbp_reply_count":0,"_bbp_total_topic_count":0,"_bbp_total_reply_count":0,"_bbp_voice_count":0,"_bbp_anonymous_reply_count":0,"_bbp_topic_count_hidden":0,"_bbp_reply_count_hidden":0,"_bbp_forum_subforum_count":0,"footnotes":""},"categories":[67,341,342,68,343,344,8,121,3,4,175,10,11,185,186,5,14,15,16,187,338,6,19,20,21,340,351,7,24,25,26,66,1,339,29],"tags":[],"class_list":["post-6756","post","type-post","status-publish","format-standard","has-post-thumbnail","hentry","category-batx-1","category-batx-1a","category-batx-1b","category-batx-2","category-batx-2a","category-batx-2b","category-batxillerat","category-depexpressio","category-eso","category-eso-1","category-eso-1a","category-eso-1b","category-eso-1c","category-eso-1d","category-eso-1e","category-eso-2","category-eso-2a","category-eso-2b","category-eso-2c","category-eso-2d","category-eso-2e","category-eso-3","category-eso-3a","category-eso-3b","category-eso-3c","category-eso-3d","category-eso-3e","category-eso-4","category-eso-4a","category-eso-4b","category-eso-4c","category-eso_4d","category-general","category-pfi","category-portada"],"post_mailing_queue_ids":[],"_links":{"self":[{"href":"https:\/\/agora.xtec.cat\/iesmontbui\/wp-json\/wp\/v2\/posts\/6756","targetHints":{"allow":["GET"]}}],"collection":[{"href":"https:\/\/agora.xtec.cat\/iesmontbui\/wp-json\/wp\/v2\/posts"}],"about":[{"href":"https:\/\/agora.xtec.cat\/iesmontbui\/wp-json\/wp\/v2\/types\/post"}],"author":[{"embeddable":true,"href":"https:\/\/agora.xtec.cat\/iesmontbui\/wp-json\/wp\/v2\/users\/66"}],"replies":[{"embeddable":true,"href":"https:\/\/agora.xtec.cat\/iesmontbui\/wp-json\/wp\/v2\/comments?post=6756"}],"version-history":[{"count":1,"href":"https:\/\/agora.xtec.cat\/iesmontbui\/wp-json\/wp\/v2\/posts\/6756\/revisions"}],"predecessor-version":[{"id":6759,"href":"https:\/\/agora.xtec.cat\/iesmontbui\/wp-json\/wp\/v2\/posts\/6756\/revisions\/6759"}],"wp:featuredmedia":[{"embeddable":true,"href":"https:\/\/agora.xtec.cat\/iesmontbui\/wp-json\/wp\/v2\/media\/6757"}],"wp:attachment":[{"href":"https:\/\/agora.xtec.cat\/iesmontbui\/wp-json\/wp\/v2\/media?parent=6756"}],"wp:term":[{"taxonomy":"category","embeddable":true,"href":"https:\/\/agora.xtec.cat\/iesmontbui\/wp-json\/wp\/v2\/categories?post=6756"},{"taxonomy":"post_tag","embeddable":true,"href":"https:\/\/agora.xtec.cat\/iesmontbui\/wp-json\/wp\/v2\/tags?post=6756"}],"curies":[{"name":"wp","href":"https:\/\/api.w.org\/{rel}","templated":true}]}}