{"id":6725,"date":"2021-06-20T14:16:11","date_gmt":"2021-06-20T12:16:11","guid":{"rendered":"https:\/\/agora.xtec.cat\/iesmontbui\/?p=6725"},"modified":"2021-10-08T14:22:52","modified_gmt":"2021-10-08T12:22:52","slug":"estades-linguistiques-gratuites-al-juliol","status":"publish","type":"post","link":"https:\/\/agora.xtec.cat\/iesmontbui\/general\/estades-linguistiques-gratuites-al-juliol\/","title":{"rendered":"Estades ling\u00fc\u00edstiques gratu\u00eftes al juliol"},"content":{"rendered":"<p style=\"font-weight: 400;\">En el marc de les actuacions finan\u00e7ades pel Fons Socials Europeu (2014-20) i del Programa d&#8217;orientaci\u00f3 i refor\u00e7 per a l&#8217;avan\u00e7 i suport a l&#8217;educaci\u00f3 del Ministeri d\u2019Educaci\u00f3 i Formaci\u00f3 Professional, tenim l\u2019oportunitat que el nostre alumnat participi gratu\u00eftament<strong> d&#8217;una estada d&#8217;immersi\u00f3 ling\u00fc\u00edstica al juliol als albergs de la Xanascat per a la millora de la compet\u00e8ncia en llengua angles<\/strong>.<\/p>\n<p style=\"font-weight: 400;\">Les\u00a0estades\u00a0que oferim\u00a0 s\u00f3n de 5 dies i 4 nits (de dilluns a divendres), en r\u00e8gim de pensi\u00f3 completa, a la xarxa d\u2019albergs socials de XANASCAT. L&#8217;alumnats s\u00f3n acompanyats en tot moment per monitors de la Xanascat. El per\u00edode per gaudir-les va de finals de juny a finals de juliol, en diferents torns. De moment tenim un m\u00e0xim de places assignades.<\/p>\n<p>Us animem a participar d&#8217;aquesta convocat\u00f2ria i a fer millorar la comprensi\u00f3 oral de l&#8217;alumnat tot divertint-se!<\/p>\n<p><a href=\"https:\/\/agora.xtec.cat\/iesmontbui\/wp-content\/uploads\/usu145\/2021\/09\/logo.png\">Programa operatiu d\u2019ocupaci\u00f3, formaci\u00f3 i educaci\u00f3, FSE 2014-2020<br \/>\nPrograma finan\u00e7at pel Ministeri d\u2019Educaci\u00f3 i Formaci\u00f3 Professional i cofinan\u00e7at pel Fons Social Europeu<img loading=\"lazy\" decoding=\"async\" class=\"aligncenter size-medium wp-image-6712\" src=\"https:\/\/agora.xtec.cat\/iesmontbui\/wp-content\/uploads\/usu145\/2021\/09\/logo-300x32.png\" alt=\"\" width=\"300\" height=\"32\" srcset=\"https:\/\/agora.xtec.cat\/iesmontbui\/wp-content\/uploads\/usu145\/2021\/09\/logo-300x32.png 300w, https:\/\/agora.xtec.cat\/iesmontbui\/wp-content\/uploads\/usu145\/2021\/09\/logo-1024x110.png 1024w, https:\/\/agora.xtec.cat\/iesmontbui\/wp-content\/uploads\/usu145\/2021\/09\/logo-768x83.png 768w, https:\/\/agora.xtec.cat\/iesmontbui\/wp-content\/uploads\/usu145\/2021\/09\/logo.png 1069w\" sizes=\"auto, (max-width: 300px) 100vw, 300px\" \/><\/a><\/p>\n","protected":false},"excerpt":{"rendered":"<p>En el marc de les actuacions finan\u00e7ades pel Fons Socials Europeu (2014-20) i del Programa d&#8217;orientaci\u00f3 i refor\u00e7 per a l&#8217;avan\u00e7 i suport a l&#8217;educaci\u00f3 del Ministeri d\u2019Educaci\u00f3 i Formaci\u00f3 Professional, tenim l\u2019oportunitat que el nostre alumnat participi gratu\u00eftament d&#8217;una estada d&#8217;immersi\u00f3 ling\u00fc\u00edstica al juliol&hellip;  <a href=\"https:\/\/agora.xtec.cat\/iesmontbui\/general\/estades-linguistiques-gratuites-al-juliol\/\" title=\"Read Estades ling\u00fc\u00edstiques gratu\u00eftes al juliol\">Llegeix m\u00e9s\u00bb<\/a><\/p>\n","protected":false},"author":1,"featured_media":6726,"comment_status":"open","ping_status":"closed","sticky":false,"template":"","format":"standard","meta":{"_bbp_topic_count":0,"_bbp_reply_count":0,"_bbp_total_topic_count":0,"_bbp_total_reply_count":0,"_bbp_voice_count":0,"_bbp_anonymous_reply_count":0,"_bbp_topic_count_hidden":0,"_bbp_reply_count_hidden":0,"_bbp_forum_subforum_count":0,"footnotes":""},"categories":[1],"tags":[],"class_list":["post-6725","post","type-post","status-publish","format-standard","has-post-thumbnail","hentry","category-general"],"post_mailing_queue_ids":[],"_links":{"self":[{"href":"https:\/\/agora.xtec.cat\/iesmontbui\/wp-json\/wp\/v2\/posts\/6725","targetHints":{"allow":["GET"]}}],"collection":[{"href":"https:\/\/agora.xtec.cat\/iesmontbui\/wp-json\/wp\/v2\/posts"}],"about":[{"href":"https:\/\/agora.xtec.cat\/iesmontbui\/wp-json\/wp\/v2\/types\/post"}],"author":[{"embeddable":true,"href":"https:\/\/agora.xtec.cat\/iesmontbui\/wp-json\/wp\/v2\/users\/1"}],"replies":[{"embeddable":true,"href":"https:\/\/agora.xtec.cat\/iesmontbui\/wp-json\/wp\/v2\/comments?post=6725"}],"version-history":[{"count":1,"href":"https:\/\/agora.xtec.cat\/iesmontbui\/wp-json\/wp\/v2\/posts\/6725\/revisions"}],"predecessor-version":[{"id":6727,"href":"https:\/\/agora.xtec.cat\/iesmontbui\/wp-json\/wp\/v2\/posts\/6725\/revisions\/6727"}],"wp:featuredmedia":[{"embeddable":true,"href":"https:\/\/agora.xtec.cat\/iesmontbui\/wp-json\/wp\/v2\/media\/6726"}],"wp:attachment":[{"href":"https:\/\/agora.xtec.cat\/iesmontbui\/wp-json\/wp\/v2\/media?parent=6725"}],"wp:term":[{"taxonomy":"category","embeddable":true,"href":"https:\/\/agora.xtec.cat\/iesmontbui\/wp-json\/wp\/v2\/categories?post=6725"},{"taxonomy":"post_tag","embeddable":true,"href":"https:\/\/agora.xtec.cat\/iesmontbui\/wp-json\/wp\/v2\/tags?post=6725"}],"curies":[{"name":"wp","href":"https:\/\/api.w.org\/{rel}","templated":true}]}}