{"id":6674,"date":"2021-09-29T08:58:52","date_gmt":"2021-09-29T06:58:52","guid":{"rendered":"https:\/\/agora.xtec.cat\/iesmontbui\/?p=6674"},"modified":"2021-10-05T09:59:37","modified_gmt":"2021-10-05T07:59:37","slug":"oferta-dextraescolars-i-estudi-assistit-pel-curs-21-22","status":"publish","type":"post","link":"https:\/\/agora.xtec.cat\/iesmontbui\/general\/oferta-dextraescolars-i-estudi-assistit-pel-curs-21-22\/","title":{"rendered":"Oferta d&#8217;extraescolar(t)s i estudi assistit pel curs 21-22"},"content":{"rendered":"<p style=\"text-align: justify;\">Com cada l&#8217;any l&#8217;INS Montbui ofereix una \u00e0mplia varietat d&#8217;extraescolars, aix\u00ed tothom podr\u00e0 trobar una activitat que vagi amb els seus interessos, o fins i tot trobar-ne de nous!<\/p>\n<p style=\"text-align: justify;\">Aquestes activitats compten amb el suport del Programa d&#8217;orientaci\u00f3 i refor\u00e7 per a l&#8217;avan\u00e7 i suport a l&#8217;educaci\u00f3 del Ministeri d\u2019Educaci\u00f3 i Formaci\u00f3 Professional i est\u00e0 cofinan\u00e7at pel Programa operatiu d\u2019ocupaci\u00f3, formaci\u00f3 i educaci\u00f3 del Fons Social Europeu 2014-2020; i tamb\u00e9 compta amb el suport d&#8217;entitats locals com l\u2019Associaci\u00f3 Esportiva Escolar<\/p>\n<p style=\"text-align: justify;\">L\u2019oferta d\u2019extraescolars per aquest curs \u00e9s la seg\u00fcent<\/p>\n<ul>\n<li>Extraescolars del centre<br \/>\n<table>\n<tbody>\n<tr>\n<td><strong>ACTIVITAT<\/strong><\/td>\n<td><strong>HORARI<\/strong><\/td>\n<td><strong>DIES<\/strong><\/td>\n<td><strong>PREU<\/strong><\/td>\n<\/tr>\n<tr>\n<td>TEATRE<\/td>\n<td>17:30 \u2013 19:00<\/td>\n<td>Dimecres<\/td>\n<td>25 \u20ac<\/td>\n<\/tr>\n<tr>\n<td>ESTUDI ASSISTIT (ESO)<\/td>\n<td>16:00 \u2013 17:00<\/td>\n<td>Dimarts i dijous<\/td>\n<td>25 \u20ac<\/td>\n<\/tr>\n<tr>\n<td>TABALS<\/td>\n<td>16:30 \u2013 17:30<\/td>\n<td>Dimarts<\/td>\n<td>25 \u20ac<\/td>\n<\/tr>\n<tr>\n<td>ESTUDI ASSISTIT (BATX.)<\/td>\n<td>16:00 \u2013 17:00<\/td>\n<td>Dilluns i dimecres<\/td>\n<td>25 \u20ac<\/td>\n<\/tr>\n<tr>\n<td>GUITARRA<\/td>\n<td>15:30 \u2013 16:30<\/td>\n<td>Dilluns<\/td>\n<td>25 \u20ac<\/td>\n<\/tr>\n<\/tbody>\n<\/table>\n<p>Us podeu descarregar el d\u00edptic informatiu aqu\u00ed \u2014&gt; <a href=\"https:\/\/agora.xtec.cat\/iesmontbui\/wp-content\/uploads\/usu145\/2021\/09\/Diptic-Extraescolars-2122.pdf\" target=\"_blank\" rel=\"noopener\">D\u00edptic Extraescolar(t)s Institut Montbui<\/a><\/li>\n<li>Extraescolars de l\u2019Associaci\u00f3 Esportiva Escolar (AEE)<br \/>\n<table>\n<tbody>\n<tr>\n<td><strong>ACTIVITAT<\/strong><\/td>\n<td><strong>QUOTA ANUAL<\/strong><\/td>\n<td><strong>DIA<\/strong><\/td>\n<td><strong>HORARI<\/strong><\/td>\n<td><strong>DURADA\u00a0<\/strong><\/td>\n<\/tr>\n<tr>\n<td>HIP-HOP<\/td>\n<td>60 \u20ac<\/td>\n<td>Dimarts i dijous<\/td>\n<td>16:00 \u2013 17:00<\/td>\n<td>1 H<\/td>\n<\/tr>\n<tr>\n<td>BTT<\/td>\n<td>70 \u20ac<\/td>\n<td>Dilluns<\/td>\n<td>15:45 \u2013 18:15<\/td>\n<td>2,30 H<\/td>\n<\/tr>\n<tr>\n<td>TENNIS TAULA<\/td>\n<td>30 \u20ac<\/td>\n<td>Dimecres<\/td>\n<td>16:00 \u2013 17:00<\/td>\n<td>1H<\/td>\n<\/tr>\n<tr>\n<td>FUTBOL SALA<\/td>\n<td>110 \u20ac<\/td>\n<td>Dilluns i dimecres<\/td>\n<td>15:45 \u2013 16:45<\/td>\n<td>1H<\/td>\n<\/tr>\n<\/tbody>\n<\/table>\n<p>Us podeu descarregar la butlleta d\u2019inscripci\u00f3 aqu\u00ed \u2014&gt; <a href=\"https:\/\/agora.xtec.cat\/iesmontbui\/wp-content\/uploads\/usu145\/2021\/09\/Aee21-22.pdf\">D\u00edptic Extraescolars esportives 21-22<\/a><\/li>\n<\/ul>\n<p style=\"text-align: justify;\">Donada la situaci\u00f3 d&#8217;excepcionalitat en que ens trobem, \u00e9s probable que algunes extraescolars s&#8217;hagin de quedar en suspens de manera temporal. Us informarem puntualment en cada cas.<\/p>\n\n\t\t<style type=\"text\/css\">\n\t\t\t#gallery-1 {\n\t\t\t\tmargin: auto;\n\t\t\t}\n\t\t\t#gallery-1 .gallery-item {\n\t\t\t\tfloat: left;\n\t\t\t\tmargin-top: 10px;\n\t\t\t\ttext-align: center;\n\t\t\t\twidth: 33%;\n\t\t\t}\n\t\t\t#gallery-1 img {\n\t\t\t\tborder: 2px solid #cfcfcf;\n\t\t\t}\n\t\t\t#gallery-1 .gallery-caption {\n\t\t\t\tmargin-left: 0;\n\t\t\t}\n\t\t\t\/* see gallery_shortcode() in wp-includes\/media.php *\/\n\t\t<\/style>\n\t\t<div id='gallery-1' class='gallery galleryid-6674 gallery-columns-3 gallery-size-thumbnail'><dl class='gallery-item'>\n\t\t\t<dt class='gallery-icon landscape'>\n\t\t\t\t<a href='https:\/\/agora.xtec.cat\/iesmontbui\/general\/oferta-dextraescolars-de-lins-montbui\/attachment\/btt2\/'><img loading=\"lazy\" decoding=\"async\" width=\"150\" height=\"150\" src=\"https:\/\/agora.xtec.cat\/iesmontbui\/wp-content\/uploads\/usu145\/2020\/11\/BTT2-150x150.jpg\" class=\"attachment-thumbnail size-thumbnail\" alt=\"\" aria-describedby=\"gallery-1-5298\" \/><\/a>\n\t\t\t<\/dt>\n\t\t\t\t<dd class='wp-caption-text gallery-caption' id='gallery-1-5298'>\n\t\t\t\tBTT\n\t\t\t\t<\/dd><\/dl><dl class='gallery-item'>\n\t\t\t<dt class='gallery-icon portrait'>\n\t\t\t\t<a href='https:\/\/agora.xtec.cat\/iesmontbui\/general\/oferta-dextraescolars-de-lins-montbui\/attachment\/btt1\/'><img loading=\"lazy\" decoding=\"async\" width=\"150\" height=\"150\" src=\"https:\/\/agora.xtec.cat\/iesmontbui\/wp-content\/uploads\/usu145\/2020\/11\/BTT1-150x150.jpg\" class=\"attachment-thumbnail size-thumbnail\" alt=\"\" aria-describedby=\"gallery-1-5299\" \/><\/a>\n\t\t\t<\/dt>\n\t\t\t\t<dd class='wp-caption-text gallery-caption' id='gallery-1-5299'>\n\t\t\t\tBTT\n\t\t\t\t<\/dd><\/dl><dl class='gallery-item'>\n\t\t\t<dt class='gallery-icon landscape'>\n\t\t\t\t<a href='https:\/\/agora.xtec.cat\/iesmontbui\/general\/oferta-dextraescolars-de-lins-montbui\/attachment\/ping-pong\/'><img loading=\"lazy\" decoding=\"async\" width=\"150\" height=\"150\" src=\"https:\/\/agora.xtec.cat\/iesmontbui\/wp-content\/uploads\/usu145\/2020\/11\/Ping-pong-150x150.jpg\" class=\"attachment-thumbnail size-thumbnail\" alt=\"\" aria-describedby=\"gallery-1-5300\" \/><\/a>\n\t\t\t<\/dt>\n\t\t\t\t<dd class='wp-caption-text gallery-caption' id='gallery-1-5300'>\n\t\t\t\tPing-Pong\n\t\t\t\t<\/dd><\/dl><br style=\"clear: both\" \/><dl class='gallery-item'>\n\t\t\t<dt class='gallery-icon portrait'>\n\t\t\t\t<a href='https:\/\/agora.xtec.cat\/iesmontbui\/general\/oferta-dextraescolars-de-lins-montbui\/attachment\/teatre-2\/'><img loading=\"lazy\" decoding=\"async\" width=\"150\" height=\"150\" src=\"https:\/\/agora.xtec.cat\/iesmontbui\/wp-content\/uploads\/usu145\/2020\/11\/Teatre-150x150.jpeg\" class=\"attachment-thumbnail size-thumbnail\" alt=\"\" aria-describedby=\"gallery-1-5304\" \/><\/a>\n\t\t\t<\/dt>\n\t\t\t\t<dd class='wp-caption-text gallery-caption' id='gallery-1-5304'>\n\t\t\t\tTeatre\n\t\t\t\t<\/dd><\/dl><dl class='gallery-item'>\n\t\t\t<dt class='gallery-icon landscape'>\n\t\t\t\t<a href='https:\/\/agora.xtec.cat\/iesmontbui\/general\/oferta-dextraescolars-de-lins-montbui\/attachment\/estudi-1\/'><img loading=\"lazy\" decoding=\"async\" width=\"150\" height=\"150\" src=\"https:\/\/agora.xtec.cat\/iesmontbui\/wp-content\/uploads\/usu145\/2020\/11\/estudi-1-150x150.jpg\" class=\"attachment-thumbnail size-thumbnail\" alt=\"\" aria-describedby=\"gallery-1-5332\" \/><\/a>\n\t\t\t<\/dt>\n\t\t\t\t<dd class='wp-caption-text gallery-caption' id='gallery-1-5332'>\n\t\t\t\tEstudi assistit\n\t\t\t\t<\/dd><\/dl>\n\t\t\t<br style='clear: both' \/>\n\t\t<\/div>\n\n<p style=\"text-align: right;\"><strong>Comunicaci\u00f3<\/strong><\/p>\n<p style=\"text-align: justify;\">Aquesta actuaci\u00f3 forma part del Programa d\u2019orientaci\u00f3 i refor\u00e7 per a l\u2019avan\u00e7 i suport a l\u2019educaci\u00f3 del Ministeri d\u2019Educaci\u00f3 i Formaci\u00f3 Professional i est\u00e0 cofinan\u00e7at pel Programa operatiu d\u2019ocupaci\u00f3, formaci\u00f3 i educaci\u00f3 del Fons Social Europeu 2014-2020<\/p>\n","protected":false},"excerpt":{"rendered":"<p>Com cada l&#8217;any l&#8217;INS Montbui ofereix una \u00e0mplia varietat d&#8217;extraescolars, aix\u00ed tothom podr\u00e0 trobar una activitat que vagi amb els seus interessos, o fins i tot trobar-ne de nous!<br \/>\nAquestes activitats compten amb el suport del Programa d&#8217;orientaci\u00f3 i refor\u00e7 per a l&#8217;avan\u00e7 i suport a&hellip;  <a href=\"https:\/\/agora.xtec.cat\/iesmontbui\/general\/oferta-dextraescolars-i-estudi-assistit-pel-curs-21-22\/\" title=\"Read Oferta d&#8217;extraescolar(t)s i estudi assistit pel curs 21-22\">Llegeix m\u00e9s\u00bb<\/a><\/p>\n","protected":false},"author":66,"featured_media":5332,"comment_status":"closed","ping_status":"closed","sticky":false,"template":"","format":"standard","meta":{"_bbp_topic_count":0,"_bbp_reply_count":0,"_bbp_total_topic_count":0,"_bbp_total_reply_count":0,"_bbp_voice_count":0,"_bbp_anonymous_reply_count":0,"_bbp_topic_count_hidden":0,"_bbp_reply_count_hidden":0,"_bbp_forum_subforum_count":0,"footnotes":""},"categories":[67,341,342,68,343,344,4,175,10,11,185,186,5,14,15,16,187,338,6,19,20,21,340,351,7,24,25,26,66,1,339,29],"tags":[],"class_list":["post-6674","post","type-post","status-publish","format-standard","has-post-thumbnail","hentry","category-batx-1","category-batx-1a","category-batx-1b","category-batx-2","category-batx-2a","category-batx-2b","category-eso-1","category-eso-1a","category-eso-1b","category-eso-1c","category-eso-1d","category-eso-1e","category-eso-2","category-eso-2a","category-eso-2b","category-eso-2c","category-eso-2d","category-eso-2e","category-eso-3","category-eso-3a","category-eso-3b","category-eso-3c","category-eso-3d","category-eso-3e","category-eso-4","category-eso-4a","category-eso-4b","category-eso-4c","category-eso_4d","category-general","category-pfi","category-portada"],"post_mailing_queue_ids":[],"_links":{"self":[{"href":"https:\/\/agora.xtec.cat\/iesmontbui\/wp-json\/wp\/v2\/posts\/6674","targetHints":{"allow":["GET"]}}],"collection":[{"href":"https:\/\/agora.xtec.cat\/iesmontbui\/wp-json\/wp\/v2\/posts"}],"about":[{"href":"https:\/\/agora.xtec.cat\/iesmontbui\/wp-json\/wp\/v2\/types\/post"}],"author":[{"embeddable":true,"href":"https:\/\/agora.xtec.cat\/iesmontbui\/wp-json\/wp\/v2\/users\/66"}],"replies":[{"embeddable":true,"href":"https:\/\/agora.xtec.cat\/iesmontbui\/wp-json\/wp\/v2\/comments?post=6674"}],"version-history":[{"count":3,"href":"https:\/\/agora.xtec.cat\/iesmontbui\/wp-json\/wp\/v2\/posts\/6674\/revisions"}],"predecessor-version":[{"id":6688,"href":"https:\/\/agora.xtec.cat\/iesmontbui\/wp-json\/wp\/v2\/posts\/6674\/revisions\/6688"}],"wp:featuredmedia":[{"embeddable":true,"href":"https:\/\/agora.xtec.cat\/iesmontbui\/wp-json\/wp\/v2\/media\/5332"}],"wp:attachment":[{"href":"https:\/\/agora.xtec.cat\/iesmontbui\/wp-json\/wp\/v2\/media?parent=6674"}],"wp:term":[{"taxonomy":"category","embeddable":true,"href":"https:\/\/agora.xtec.cat\/iesmontbui\/wp-json\/wp\/v2\/categories?post=6674"},{"taxonomy":"post_tag","embeddable":true,"href":"https:\/\/agora.xtec.cat\/iesmontbui\/wp-json\/wp\/v2\/tags?post=6674"}],"curies":[{"name":"wp","href":"https:\/\/api.w.org\/{rel}","templated":true}]}}