{"id":6661,"date":"2021-09-24T11:48:17","date_gmt":"2021-09-24T09:48:17","guid":{"rendered":"https:\/\/agora.xtec.cat\/iesmontbui\/?p=6661"},"modified":"2021-09-24T11:48:26","modified_gmt":"2021-09-24T09:48:26","slug":"teatre-ins-montbui-presenta-esta-cena-va-para-largo","status":"publish","type":"post","link":"https:\/\/agora.xtec.cat\/iesmontbui\/general\/teatre-ins-montbui-presenta-esta-cena-va-para-largo\/","title":{"rendered":"Teatre INS Montbui presenta: &#8220;Esta cena va para largo&#8221;"},"content":{"rendered":"<p style=\"text-align: justify;\">L&#8217;extraescolar de teatre de l&#8217;INS Montbui estrenar\u00e0 el divendres 24 i dissabte 25 a les 19h al teatre Mont-\u00c0gora l&#8217;obra &#8220;Esta cena va para largo&#8221;, creada pels mateixos participants amb l&#8217;ajuda de l\u2019Al\u00edcia Zamora, directora del grup.<\/p>\n<p style=\"text-align: justify;\">Tal i com ells mateixos ens informen\u00a0<em><strong>&#8220;Esta cena va para largo&#8221; es una obra de teatro cuya creaci\u00f3n ha sido colectiva. A partir de la extraescolar de teatro, el alumnado ha creado unos personajes muy peculiares, con sus vicisitudes y defectos. La historia transcurre una noche de fin de a\u00f1o, bajo el pretexto de hacer el reparto de un boleto de loteria premiado. La cena no saldr\u00e1 del todo como se espera: los fantasmas del pasado y los traumas personales saldr\u00e1n a la luz&#8230;<\/strong><\/em><\/p>\n<p style=\"text-align: right;\"><strong>Comunicaci\u00f3<\/strong><\/p>\n<p style=\"text-align: center;\"><a href=\"https:\/\/agora.xtec.cat\/iesmontbui\/wp-content\/uploads\/usu145\/2021\/09\/Teatre-1.jpeg\"><img loading=\"lazy\" decoding=\"async\" class=\"alignnone size-full wp-image-6663\" src=\"https:\/\/agora.xtec.cat\/iesmontbui\/wp-content\/uploads\/usu145\/2021\/09\/Teatre-1.jpeg\" alt=\"\" width=\"490\" height=\"673\" srcset=\"https:\/\/agora.xtec.cat\/iesmontbui\/wp-content\/uploads\/usu145\/2021\/09\/Teatre-1.jpeg 490w, https:\/\/agora.xtec.cat\/iesmontbui\/wp-content\/uploads\/usu145\/2021\/09\/Teatre-1-218x300.jpeg 218w\" sizes=\"auto, (max-width: 490px) 100vw, 490px\" \/><\/a><\/p>\n","protected":false},"excerpt":{"rendered":"<p>L&#8217;extraescolar de teatre de l&#8217;INS Montbui estrenar\u00e0 el divendres 24 i dissabte 25 a les 19h al teatre Mont-\u00c0gora l&#8217;obra &#8220;Esta cena va para largo&#8221;, creada pels mateixos participants amb l&#8217;ajuda de l\u2019Al\u00edcia Zamora, directora del grup.<br \/>\nTal i com ells mateixos ens informen\u00a0&#8220;Esta cena va&hellip;  <a href=\"https:\/\/agora.xtec.cat\/iesmontbui\/general\/teatre-ins-montbui-presenta-esta-cena-va-para-largo\/\" title=\"Read Teatre INS Montbui presenta: &#8220;Esta cena va para largo&#8221;\">Llegeix m\u00e9s\u00bb<\/a><\/p>\n","protected":false},"author":66,"featured_media":6662,"comment_status":"closed","ping_status":"closed","sticky":false,"template":"","format":"standard","meta":{"_bbp_topic_count":0,"_bbp_reply_count":0,"_bbp_total_topic_count":0,"_bbp_total_reply_count":0,"_bbp_voice_count":0,"_bbp_anonymous_reply_count":0,"_bbp_topic_count_hidden":0,"_bbp_reply_count_hidden":0,"_bbp_forum_subforum_count":0,"footnotes":""},"categories":[67,341,342,68,343,344,4,175,10,11,185,186,5,14,15,16,187,338,6,19,20,21,340,351,7,24,25,26,66,1,29],"tags":[],"class_list":["post-6661","post","type-post","status-publish","format-standard","has-post-thumbnail","hentry","category-batx-1","category-batx-1a","category-batx-1b","category-batx-2","category-batx-2a","category-batx-2b","category-eso-1","category-eso-1a","category-eso-1b","category-eso-1c","category-eso-1d","category-eso-1e","category-eso-2","category-eso-2a","category-eso-2b","category-eso-2c","category-eso-2d","category-eso-2e","category-eso-3","category-eso-3a","category-eso-3b","category-eso-3c","category-eso-3d","category-eso-3e","category-eso-4","category-eso-4a","category-eso-4b","category-eso-4c","category-eso_4d","category-general","category-portada"],"post_mailing_queue_ids":[],"_links":{"self":[{"href":"https:\/\/agora.xtec.cat\/iesmontbui\/wp-json\/wp\/v2\/posts\/6661","targetHints":{"allow":["GET"]}}],"collection":[{"href":"https:\/\/agora.xtec.cat\/iesmontbui\/wp-json\/wp\/v2\/posts"}],"about":[{"href":"https:\/\/agora.xtec.cat\/iesmontbui\/wp-json\/wp\/v2\/types\/post"}],"author":[{"embeddable":true,"href":"https:\/\/agora.xtec.cat\/iesmontbui\/wp-json\/wp\/v2\/users\/66"}],"replies":[{"embeddable":true,"href":"https:\/\/agora.xtec.cat\/iesmontbui\/wp-json\/wp\/v2\/comments?post=6661"}],"version-history":[{"count":1,"href":"https:\/\/agora.xtec.cat\/iesmontbui\/wp-json\/wp\/v2\/posts\/6661\/revisions"}],"predecessor-version":[{"id":6664,"href":"https:\/\/agora.xtec.cat\/iesmontbui\/wp-json\/wp\/v2\/posts\/6661\/revisions\/6664"}],"wp:featuredmedia":[{"embeddable":true,"href":"https:\/\/agora.xtec.cat\/iesmontbui\/wp-json\/wp\/v2\/media\/6662"}],"wp:attachment":[{"href":"https:\/\/agora.xtec.cat\/iesmontbui\/wp-json\/wp\/v2\/media?parent=6661"}],"wp:term":[{"taxonomy":"category","embeddable":true,"href":"https:\/\/agora.xtec.cat\/iesmontbui\/wp-json\/wp\/v2\/categories?post=6661"},{"taxonomy":"post_tag","embeddable":true,"href":"https:\/\/agora.xtec.cat\/iesmontbui\/wp-json\/wp\/v2\/tags?post=6661"}],"curies":[{"name":"wp","href":"https:\/\/api.w.org\/{rel}","templated":true}]}}