{"id":662,"date":"2016-06-01T08:50:36","date_gmt":"2016-06-01T07:50:36","guid":{"rendered":"http:\/\/agora.xtec.cat\/iesmontbui\/?p=662"},"modified":"2016-06-13T12:05:15","modified_gmt":"2016-06-13T11:05:15","slug":"clean-up-day","status":"publish","type":"post","link":"https:\/\/agora.xtec.cat\/iesmontbui\/general\/clean-up-day\/","title":{"rendered":"Clean Up Day"},"content":{"rendered":"<p><a href=\"http:\/\/agora.xtec.cat\/iesmontbui\/wp-content\/uploads\/usu145\/2016\/06\/clean-up-day.jpg\" rel=\"attachment wp-att-676\"><img loading=\"lazy\" decoding=\"async\" class=\"alignnone wp-image-676\" src=\"http:\/\/agora.xtec.cat\/iesmontbui\/wp-content\/uploads\/usu145\/2016\/06\/clean-up-day.jpg\" alt=\"clean-up-day\" width=\"735\" height=\"551\" srcset=\"https:\/\/agora.xtec.cat\/iesmontbui\/wp-content\/uploads\/usu145\/2016\/06\/clean-up-day.jpg 800w, https:\/\/agora.xtec.cat\/iesmontbui\/wp-content\/uploads\/usu145\/2016\/06\/clean-up-day-300x225.jpg 300w, https:\/\/agora.xtec.cat\/iesmontbui\/wp-content\/uploads\/usu145\/2016\/06\/clean-up-day-768x576.jpg 768w, https:\/\/agora.xtec.cat\/iesmontbui\/wp-content\/uploads\/usu145\/2016\/06\/clean-up-day-200x150.jpg 200w\" sizes=\"auto, (max-width: 735px) 100vw, 735px\" \/><\/a><\/p>\n<p style=\"text-align: center;\">El passat dissabte 7 de maig un grup d&#8217;alumnes voluntaris de quart d&#8217;ESO i primer de batxillerat van participar en la jornada de neteja de l&#8217;entorn del riu Anoia que va organitzar l&#8217;Ajuntament de Montbui. Juntament amb la resta de voluntaris del municipi van recollir un cami\u00f3 de residus, que un cop a la deixalleria municipal, van classificar en els contenidors corresponents. Es va fer ress\u00f2 de la not\u00edcia <a href=\"http:\/\/www.elpuntavui.cat\/societat\/article\/5-societat\/970129-alumnes-de-lies-montbui-al-clean-up-day.html\">El Punt-Avui<\/a>.<\/p>\n","protected":false},"excerpt":{"rendered":"<p><a href=\"http:\/\/agora.xtec.cat\/iesmontbui\/wp-content\/uploads\/usu145\/2016\/06\/clean-up-day.jpg\" rel=\"attachment wp-att-676\"><\/a><br \/>\nEl passat dissabte 7 de maig un grup d&#8217;alumnes voluntaris de quart d&#8217;ESO i primer de batxillerat van participar en la jornada de neteja de l&#8217;entorn del riu Anoia que va organitzar l&#8217;Ajuntament de Montbui. Juntament amb la resta de voluntaris del&hellip;  <a href=\"https:\/\/agora.xtec.cat\/iesmontbui\/general\/clean-up-day\/\" title=\"Read Clean Up Day\">Llegeix m\u00e9s\u00bb<\/a><\/p>\n","protected":false},"author":1,"featured_media":676,"comment_status":"open","ping_status":"open","sticky":false,"template":"","format":"standard","meta":{"_bbp_topic_count":0,"_bbp_reply_count":0,"_bbp_total_topic_count":0,"_bbp_total_reply_count":0,"_bbp_voice_count":0,"_bbp_anonymous_reply_count":0,"_bbp_topic_count_hidden":0,"_bbp_reply_count_hidden":0,"_bbp_forum_subforum_count":0,"footnotes":""},"categories":[67,7,24,25,26,66,1,29],"tags":[69,39],"class_list":["post-662","post","type-post","status-publish","format-standard","has-post-thumbnail","hentry","category-batx-1","category-eso-4","category-eso-4a","category-eso-4b","category-eso-4c","category-eso_4d","category-general","category-portada","tag-departament-de-ciencies","tag-sortides"],"post_mailing_queue_ids":[],"_links":{"self":[{"href":"https:\/\/agora.xtec.cat\/iesmontbui\/wp-json\/wp\/v2\/posts\/662","targetHints":{"allow":["GET"]}}],"collection":[{"href":"https:\/\/agora.xtec.cat\/iesmontbui\/wp-json\/wp\/v2\/posts"}],"about":[{"href":"https:\/\/agora.xtec.cat\/iesmontbui\/wp-json\/wp\/v2\/types\/post"}],"author":[{"embeddable":true,"href":"https:\/\/agora.xtec.cat\/iesmontbui\/wp-json\/wp\/v2\/users\/1"}],"replies":[{"embeddable":true,"href":"https:\/\/agora.xtec.cat\/iesmontbui\/wp-json\/wp\/v2\/comments?post=662"}],"version-history":[{"count":3,"href":"https:\/\/agora.xtec.cat\/iesmontbui\/wp-json\/wp\/v2\/posts\/662\/revisions"}],"predecessor-version":[{"id":696,"href":"https:\/\/agora.xtec.cat\/iesmontbui\/wp-json\/wp\/v2\/posts\/662\/revisions\/696"}],"wp:featuredmedia":[{"embeddable":true,"href":"https:\/\/agora.xtec.cat\/iesmontbui\/wp-json\/wp\/v2\/media\/676"}],"wp:attachment":[{"href":"https:\/\/agora.xtec.cat\/iesmontbui\/wp-json\/wp\/v2\/media?parent=662"}],"wp:term":[{"taxonomy":"category","embeddable":true,"href":"https:\/\/agora.xtec.cat\/iesmontbui\/wp-json\/wp\/v2\/categories?post=662"},{"taxonomy":"post_tag","embeddable":true,"href":"https:\/\/agora.xtec.cat\/iesmontbui\/wp-json\/wp\/v2\/tags?post=662"}],"curies":[{"name":"wp","href":"https:\/\/api.w.org\/{rel}","templated":true}]}}