{"id":6579,"date":"2021-07-15T12:22:29","date_gmt":"2021-07-15T10:22:29","guid":{"rendered":"https:\/\/agora.xtec.cat\/iesmontbui\/?p=6579"},"modified":"2021-09-20T21:34:39","modified_gmt":"2021-09-20T19:34:39","slug":"informacions-inici-de-curs-2021-2022","status":"publish","type":"post","link":"https:\/\/agora.xtec.cat\/iesmontbui\/general\/informacions-inici-de-curs-2021-2022\/","title":{"rendered":"Informacions inici de curs 2021-2022"},"content":{"rendered":"<p><b>Dimarts dia 7 de setembre (19:00)<\/b><span style=\"font-weight: 400;\">, reuni\u00f3 de fam\u00edlies d\u2019alumnat de <\/span><b>1r d\u2019ESO<\/b><span style=\"font-weight: 400;\"> i alumnat nou al centre. Molt important l\u2019assist\u00e8ncia per a qu\u00e8 els alumnes rebin el chromebook el primer dia! Preveiem que ser\u00e0 telem\u00e0tica tot i que cal esperar a veure com est\u00e0 la situaci\u00f3 sanit\u00e0ria al setembre. Us mantindrem informats a trav\u00e9s de la p\u00e0gina web.<\/span><\/p>\n<p><b>Dilluns dia 13 de setembre, recepci\u00f3 i presentaci\u00f3 curs a l\u2019alumnat amb els\u00a0 tutors\/es <\/b><span style=\"font-weight: 400;\">de cada nivell (1r, 2n, 3r i 4t d\u2019ESO i 1r i 2n de<\/span> <span style=\"font-weight: 400;\">Batxillerat i PFI). <\/span><b>MOLT IMPORTANT!!<\/b><span style=\"font-weight: 400;\"> Aquest dia cal portar aquesta <\/span><a href=\"https:\/\/agora.xtec.cat\/iesmontbui\/wp-content\/uploads\/usu145\/2021\/07\/declaracio_responsable_2021_2022.pdf\"><b>declaraci\u00f3 responsable<\/b><\/a> <span style=\"font-weight: 400;\">signada (tamb\u00e9 la trobareu a la p\u00e0gina web del centre (www.imontbui.org))<\/span><\/p>\n<table>\n<tbody>\n<tr>\n<td><b>CURS<\/b><\/td>\n<td><b>1r d\u2019ESO<\/b><\/td>\n<td><b>2n d\u2019ESO<\/b><\/td>\n<td><b>3r d\u2019ESO<\/b><\/td>\n<td><b>4t d\u2019ESO<\/b><\/td>\n<td><b>1r i 2n Batxillerat i PFI<\/b><\/td>\n<\/tr>\n<tr>\n<td><b>HORA\u00a0<\/b><\/td>\n<td><span style=\"font-weight: 400;\">10:00 h<\/span><\/td>\n<td><span style=\"font-weight: 400;\">11:30 h<\/span><\/td>\n<td><span style=\"font-weight: 400;\">9:00 h<\/span><\/td>\n<td><span style=\"font-weight: 400;\">12:30 h<\/span><\/td>\n<td><span style=\"font-weight: 400;\">11:00 h<\/span><\/td>\n<\/tr>\n<tr>\n<td><b>MATERIAL<\/b><\/td>\n<td><span style=\"font-weight: 400;\">Portar bol\u00edgraf<\/span><\/td>\n<td><span style=\"font-weight: 400;\">Portar bol\u00edgraf<\/span><\/td>\n<td><span style=\"font-weight: 400;\">Portar bol\u00edgraf<\/span><\/td>\n<td><span style=\"font-weight: 400;\">Portar bol\u00edgraf<\/span><\/td>\n<td><span style=\"font-weight: 400;\">Portar bol\u00edgraf<\/span><\/td>\n<\/tr>\n<\/tbody>\n<\/table>\n<ul>\n<li><b>Dilluns 14 de setembre: <\/b><span style=\"font-weight: 400;\">Inici de les classes a 1r, 2n, 3r i 4t d\u2019ESO i 1r i 2n de Batxillerat i PFI<\/span><\/li>\n<li><b>Dimarts 5 d\u2019octubre<\/b><span style=\"font-weight: 400;\">: Reuni\u00f3 de fam\u00edlies amb els tutors\/es de PFI i 1r i 2n de Batxillerat a les 19h.<\/span><\/li>\n<li><b>Dimarts 9 de novembre: <\/b><span style=\"font-weight: 400;\">Reuni\u00f3 de fam\u00edlies amb els tutors\/es de 1r i 2n d\u2019ESO a les 19h.\u00a0<\/span><\/li>\n<li><b>Dimarts 16 de novembre<\/b><span style=\"font-weight: 400;\">: Reuni\u00f3 de fam\u00edlies amb els tutors\/es de 3r i 4t d\u2019ESO a les 19h.<\/span><\/li>\n<\/ul>\n<p><b>IMPORTANT!!!<\/b> <b>Els dies 2 i 3 de setembre es faran els ex\u00e0mens de convocat\u00f2ria extraordin\u00e0ria a 1r de Batxillerat<\/b><span style=\"font-weight: 400;\">. L\u2019alumnat que t\u00e9 mat\u00e8ries pendents \u00e9s molt important que es presenti seguint l\u2019horari i la informaci\u00f3 que s\u2019ha enviat de manera espec\u00edfica i que s\u2019ha penjat a la p\u00e0gina web del centre. El lliurament de les notes d\u2019aquesta convocat\u00f2ria extraordin\u00e0ria de setembre ser\u00e0 el <\/span><b>dilluns 6 de setembre a les 12:00<\/b><span style=\"font-weight: 400;\"> a la sala d\u2019audiovisuals.<\/span><\/p>\n","protected":false},"excerpt":{"rendered":"<p>Dimarts dia 7 de setembre (19:00), reuni\u00f3 de fam\u00edlies d\u2019alumnat de 1r d\u2019ESO i alumnat nou al centre. Molt important l\u2019assist\u00e8ncia per a qu\u00e8 els alumnes rebin el chromebook el primer dia! Preveiem que ser\u00e0 telem\u00e0tica tot i que cal esperar a veure com est\u00e0&hellip;  <a href=\"https:\/\/agora.xtec.cat\/iesmontbui\/general\/informacions-inici-de-curs-2021-2022\/\" title=\"Read Informacions inici de curs 2021-2022\">Llegeix m\u00e9s\u00bb<\/a><\/p>\n","protected":false},"author":1,"featured_media":6580,"comment_status":"closed","ping_status":"closed","sticky":false,"template":"","format":"standard","meta":{"_bbp_topic_count":0,"_bbp_reply_count":0,"_bbp_total_topic_count":0,"_bbp_total_reply_count":0,"_bbp_voice_count":0,"_bbp_anonymous_reply_count":0,"_bbp_topic_count_hidden":0,"_bbp_reply_count_hidden":0,"_bbp_forum_subforum_count":0,"footnotes":""},"categories":[1,29],"tags":[],"class_list":["post-6579","post","type-post","status-publish","format-standard","has-post-thumbnail","hentry","category-general","category-portada"],"post_mailing_queue_ids":[],"_links":{"self":[{"href":"https:\/\/agora.xtec.cat\/iesmontbui\/wp-json\/wp\/v2\/posts\/6579","targetHints":{"allow":["GET"]}}],"collection":[{"href":"https:\/\/agora.xtec.cat\/iesmontbui\/wp-json\/wp\/v2\/posts"}],"about":[{"href":"https:\/\/agora.xtec.cat\/iesmontbui\/wp-json\/wp\/v2\/types\/post"}],"author":[{"embeddable":true,"href":"https:\/\/agora.xtec.cat\/iesmontbui\/wp-json\/wp\/v2\/users\/1"}],"replies":[{"embeddable":true,"href":"https:\/\/agora.xtec.cat\/iesmontbui\/wp-json\/wp\/v2\/comments?post=6579"}],"version-history":[{"count":1,"href":"https:\/\/agora.xtec.cat\/iesmontbui\/wp-json\/wp\/v2\/posts\/6579\/revisions"}],"predecessor-version":[{"id":6581,"href":"https:\/\/agora.xtec.cat\/iesmontbui\/wp-json\/wp\/v2\/posts\/6579\/revisions\/6581"}],"wp:featuredmedia":[{"embeddable":true,"href":"https:\/\/agora.xtec.cat\/iesmontbui\/wp-json\/wp\/v2\/media\/6580"}],"wp:attachment":[{"href":"https:\/\/agora.xtec.cat\/iesmontbui\/wp-json\/wp\/v2\/media?parent=6579"}],"wp:term":[{"taxonomy":"category","embeddable":true,"href":"https:\/\/agora.xtec.cat\/iesmontbui\/wp-json\/wp\/v2\/categories?post=6579"},{"taxonomy":"post_tag","embeddable":true,"href":"https:\/\/agora.xtec.cat\/iesmontbui\/wp-json\/wp\/v2\/tags?post=6579"}],"curies":[{"name":"wp","href":"https:\/\/api.w.org\/{rel}","templated":true}]}}