{"id":6565,"date":"2021-07-09T00:36:10","date_gmt":"2021-07-08T22:36:10","guid":{"rendered":"https:\/\/agora.xtec.cat\/iesmontbui\/?p=6565"},"modified":"2021-07-09T00:38:01","modified_gmt":"2021-07-08T22:38:01","slug":"felicitacio-alumnat-distingit-pau-2021","status":"publish","type":"post","link":"https:\/\/agora.xtec.cat\/iesmontbui\/batxillerat\/felicitacio-alumnat-distingit-pau-2021\/","title":{"rendered":"Felicitaci\u00f3 alumnat Distingit PAU 2021"},"content":{"rendered":"<p style=\"text-align: justify;\">Despr\u00e9s de la publicaci\u00f3 dels resultats de les PAU d&#8217;aquest any, alumnat del nostre centre ha assolit una nota igual o superior a 9 punts, sent aix\u00ed mereixedors de la Distinci\u00f3 de la Prova d&#8217;Acc\u00e9s a la Universitat. Aquest \u00e9s un reconeixement a l&#8217;esfor\u00e7 d&#8217;aquest alumnat, per\u00f2 que de retruc afecta tamb\u00e9 a tota la comunitat educativa i del qual tots ens hem de congratular.<\/p>\n<p style=\"text-align: justify;\">A continuaci\u00f3 us deixem una imatge de la carta enviada per part de la coordinadora de les PAU a Catalunya, Pilar G\u00f3mez i Card\u00f3.<\/p>\n<p>Moltes felicitats a l&#8217;alumnat que ha rebut aquesta distinci\u00f3!<\/p>\n<p style=\"text-align: right;\"><strong>Comunicaci\u00f3<\/strong><\/p>\n<p><a href=\"https:\/\/agora.xtec.cat\/iesmontbui\/wp-content\/uploads\/usu145\/2021\/07\/cartaPAU.jpg\"><img loading=\"lazy\" decoding=\"async\" class=\"alignnone size-full wp-image-6566\" src=\"https:\/\/agora.xtec.cat\/iesmontbui\/wp-content\/uploads\/usu145\/2021\/07\/cartaPAU.jpg\" alt=\"\" width=\"1352\" height=\"527\" srcset=\"https:\/\/agora.xtec.cat\/iesmontbui\/wp-content\/uploads\/usu145\/2021\/07\/cartaPAU.jpg 1352w, https:\/\/agora.xtec.cat\/iesmontbui\/wp-content\/uploads\/usu145\/2021\/07\/cartaPAU-300x117.jpg 300w, https:\/\/agora.xtec.cat\/iesmontbui\/wp-content\/uploads\/usu145\/2021\/07\/cartaPAU-768x299.jpg 768w, https:\/\/agora.xtec.cat\/iesmontbui\/wp-content\/uploads\/usu145\/2021\/07\/cartaPAU-1024x399.jpg 1024w\" sizes=\"auto, (max-width: 1352px) 100vw, 1352px\" \/><\/a><\/p>\n","protected":false},"excerpt":{"rendered":"<p>Despr\u00e9s de la publicaci\u00f3 dels resultats de les PAU d&#8217;aquest any, alumnat del nostre centre ha assolit una nota igual o superior a 9 punts, sent aix\u00ed mereixedors de la Distinci\u00f3 de la Prova d&#8217;Acc\u00e9s a la Universitat. Aquest \u00e9s un reconeixement a l&#8217;esfor\u00e7 d&#8217;aquest&hellip;  <a href=\"https:\/\/agora.xtec.cat\/iesmontbui\/batxillerat\/felicitacio-alumnat-distingit-pau-2021\/\" title=\"Read Felicitaci\u00f3 alumnat Distingit PAU 2021\">Llegeix m\u00e9s\u00bb<\/a><\/p>\n","protected":false},"author":66,"featured_media":6567,"comment_status":"open","ping_status":"closed","sticky":false,"template":"","format":"standard","meta":{"_bbp_topic_count":0,"_bbp_reply_count":0,"_bbp_total_topic_count":0,"_bbp_total_reply_count":0,"_bbp_voice_count":0,"_bbp_anonymous_reply_count":0,"_bbp_topic_count_hidden":0,"_bbp_reply_count_hidden":0,"_bbp_forum_subforum_count":0,"footnotes":""},"categories":[68,343,344,8,98,117,65,29],"tags":[],"class_list":["post-6565","post","type-post","status-publish","format-standard","has-post-thumbnail","hentry","category-batx-2","category-batx-2a","category-batx-2b","category-batxillerat","category-comunicats","category-comunicats2btx","category-estudis","category-portada"],"post_mailing_queue_ids":[],"_links":{"self":[{"href":"https:\/\/agora.xtec.cat\/iesmontbui\/wp-json\/wp\/v2\/posts\/6565","targetHints":{"allow":["GET"]}}],"collection":[{"href":"https:\/\/agora.xtec.cat\/iesmontbui\/wp-json\/wp\/v2\/posts"}],"about":[{"href":"https:\/\/agora.xtec.cat\/iesmontbui\/wp-json\/wp\/v2\/types\/post"}],"author":[{"embeddable":true,"href":"https:\/\/agora.xtec.cat\/iesmontbui\/wp-json\/wp\/v2\/users\/66"}],"replies":[{"embeddable":true,"href":"https:\/\/agora.xtec.cat\/iesmontbui\/wp-json\/wp\/v2\/comments?post=6565"}],"version-history":[{"count":2,"href":"https:\/\/agora.xtec.cat\/iesmontbui\/wp-json\/wp\/v2\/posts\/6565\/revisions"}],"predecessor-version":[{"id":6569,"href":"https:\/\/agora.xtec.cat\/iesmontbui\/wp-json\/wp\/v2\/posts\/6565\/revisions\/6569"}],"wp:featuredmedia":[{"embeddable":true,"href":"https:\/\/agora.xtec.cat\/iesmontbui\/wp-json\/wp\/v2\/media\/6567"}],"wp:attachment":[{"href":"https:\/\/agora.xtec.cat\/iesmontbui\/wp-json\/wp\/v2\/media?parent=6565"}],"wp:term":[{"taxonomy":"category","embeddable":true,"href":"https:\/\/agora.xtec.cat\/iesmontbui\/wp-json\/wp\/v2\/categories?post=6565"},{"taxonomy":"post_tag","embeddable":true,"href":"https:\/\/agora.xtec.cat\/iesmontbui\/wp-json\/wp\/v2\/tags?post=6565"}],"curies":[{"name":"wp","href":"https:\/\/api.w.org\/{rel}","templated":true}]}}