{"id":6519,"date":"2021-06-30T00:48:15","date_gmt":"2021-06-29T22:48:15","guid":{"rendered":"https:\/\/agora.xtec.cat\/iesmontbui\/?p=6519"},"modified":"2021-06-30T00:48:15","modified_gmt":"2021-06-29T22:48:15","slug":"creem-un-producte-projecte-de-recerca-4t-eso","status":"publish","type":"post","link":"https:\/\/agora.xtec.cat\/iesmontbui\/eso\/creem-un-producte-projecte-de-recerca-4t-eso\/","title":{"rendered":"Creem un producte! (Projecte de recerca 4t ESO)"},"content":{"rendered":"<p><span style=\"font-weight: 400;\">A<\/span><span style=\"font-weight: 400;\">l projecte de recerca de 4t d\u2019ESO \u201cCreem un producte\u201d, els alumnes havien d\u2019inventar i dissenyar un producte \u00fatil per a la societat i el medi ambient. Posteriorment, havien d\u2019analitzar la seva viabilitat comercial i buscar finan\u00e7ament per tal de desenvolupar la seva idea.<\/span><\/p>\n<p><span style=\"font-weight: 400;\">Aqu\u00ed teniu una mostra dels prototips presentats:<\/span><\/p>\n<ol>\n<li style=\"font-weight: 400;\" aria-level=\"1\"><span style=\"font-weight: 400;\">Una paperera plegable per portar en les nostres sortides a muntanya<\/span><\/li>\n<li style=\"font-weight: 400;\" aria-level=\"1\"><span style=\"font-weight: 400;\">Un accessori per a les claus, amb llum i iman incorporat perqu\u00e8 sigui m\u00e9s f\u00e0cil encaixar la clau al pany, molt \u00fatil per a les persones grans<\/span><\/li>\n<li style=\"font-weight: 400;\" aria-level=\"1\"><span style=\"font-weight: 400;\">Un joc per a les escoles, on els nens i nenes aprendran a menjar de manera saludable<\/span><\/li>\n<li style=\"font-weight: 400;\" aria-level=\"1\"><span style=\"font-weight: 400;\">Una samarreta personalitzada feta amb materials i pintura ecol\u00f2gica<\/span><\/li>\n<li style=\"font-weight: 400;\" aria-level=\"1\"><span style=\"font-weight: 400;\">Una rajola que genera energia quan es trepitja<\/span><\/li>\n<li style=\"font-weight: 400;\" aria-level=\"1\"><span style=\"font-weight: 400;\">Un sistema de plaques solars enterrades per eliminar l\u2019impacte visual que genera la seva instal\u00b7laci\u00f3 al medi natural<\/span><\/li>\n<\/ol>\n<p style=\"text-align: right;\"><strong>Rosa Langa<\/strong><\/p>\n\n\t\t<style type=\"text\/css\">\n\t\t\t#gallery-1 {\n\t\t\t\tmargin: auto;\n\t\t\t}\n\t\t\t#gallery-1 .gallery-item {\n\t\t\t\tfloat: left;\n\t\t\t\tmargin-top: 10px;\n\t\t\t\ttext-align: center;\n\t\t\t\twidth: 50%;\n\t\t\t}\n\t\t\t#gallery-1 img {\n\t\t\t\tborder: 2px solid #cfcfcf;\n\t\t\t}\n\t\t\t#gallery-1 .gallery-caption {\n\t\t\t\tmargin-left: 0;\n\t\t\t}\n\t\t\t\/* see gallery_shortcode() in wp-includes\/media.php *\/\n\t\t<\/style>\n\t\t<div id='gallery-1' class='gallery galleryid-6519 gallery-columns-2 gallery-size-large'><dl class='gallery-item'>\n\t\t\t<dt class='gallery-icon landscape'>\n\t\t\t\t<a href='https:\/\/agora.xtec.cat\/iesmontbui\/eso\/creem-un-producte-projecte-de-recerca-4t-eso\/attachment\/fasdfsasdf\/'><img loading=\"lazy\" decoding=\"async\" width=\"1024\" height=\"768\" src=\"https:\/\/agora.xtec.cat\/iesmontbui\/wp-content\/uploads\/usu145\/2021\/06\/fasdfsasdf-1024x768.jpg\" class=\"attachment-large size-large\" alt=\"\" srcset=\"https:\/\/agora.xtec.cat\/iesmontbui\/wp-content\/uploads\/usu145\/2021\/06\/fasdfsasdf.jpg 1024w, https:\/\/agora.xtec.cat\/iesmontbui\/wp-content\/uploads\/usu145\/2021\/06\/fasdfsasdf-300x225.jpg 300w, https:\/\/agora.xtec.cat\/iesmontbui\/wp-content\/uploads\/usu145\/2021\/06\/fasdfsasdf-768x576.jpg 768w, https:\/\/agora.xtec.cat\/iesmontbui\/wp-content\/uploads\/usu145\/2021\/06\/fasdfsasdf-200x150.jpg 200w\" sizes=\"auto, (max-width: 1024px) 100vw, 1024px\" \/><\/a>\n\t\t\t<\/dt><\/dl><dl class='gallery-item'>\n\t\t\t<dt class='gallery-icon landscape'>\n\t\t\t\t<a href='https:\/\/agora.xtec.cat\/iesmontbui\/eso\/creem-un-producte-projecte-de-recerca-4t-eso\/attachment\/sfasfasdfasdf\/'><img loading=\"lazy\" decoding=\"async\" width=\"1024\" height=\"768\" src=\"https:\/\/agora.xtec.cat\/iesmontbui\/wp-content\/uploads\/usu145\/2021\/06\/sfasfasdfasdf-1024x768.jpg\" class=\"attachment-large size-large\" alt=\"\" srcset=\"https:\/\/agora.xtec.cat\/iesmontbui\/wp-content\/uploads\/usu145\/2021\/06\/sfasfasdfasdf.jpg 1024w, https:\/\/agora.xtec.cat\/iesmontbui\/wp-content\/uploads\/usu145\/2021\/06\/sfasfasdfasdf-300x225.jpg 300w, https:\/\/agora.xtec.cat\/iesmontbui\/wp-content\/uploads\/usu145\/2021\/06\/sfasfasdfasdf-768x576.jpg 768w, https:\/\/agora.xtec.cat\/iesmontbui\/wp-content\/uploads\/usu145\/2021\/06\/sfasfasdfasdf-200x150.jpg 200w\" sizes=\"auto, (max-width: 1024px) 100vw, 1024px\" \/><\/a>\n\t\t\t<\/dt><\/dl><br style=\"clear: both\" \/>\n\t\t<\/div>\n\n","protected":false},"excerpt":{"rendered":"<p>Al projecte de recerca de 4t d\u2019ESO \u201cCreem un producte\u201d, els alumnes havien d\u2019inventar i dissenyar un producte \u00fatil per a la societat i el medi ambient. Posteriorment, havien d\u2019analitzar la seva viabilitat comercial i buscar finan\u00e7ament per tal de desenvolupar la seva idea.<br \/>\nAqu\u00ed teniu&hellip;  <a href=\"https:\/\/agora.xtec.cat\/iesmontbui\/eso\/creem-un-producte-projecte-de-recerca-4t-eso\/\" title=\"Read Creem un producte! (Projecte de recerca 4t ESO)\">Llegeix m\u00e9s\u00bb<\/a><\/p>\n","protected":false},"author":66,"featured_media":6527,"comment_status":"closed","ping_status":"closed","sticky":false,"template":"","format":"standard","meta":{"_bbp_topic_count":0,"_bbp_reply_count":0,"_bbp_total_topic_count":0,"_bbp_total_reply_count":0,"_bbp_voice_count":0,"_bbp_anonymous_reply_count":0,"_bbp_topic_count_hidden":0,"_bbp_reply_count_hidden":0,"_bbp_forum_subforum_count":0,"footnotes":""},"categories":[119,3,7,24,25,26,66,29],"tags":[],"class_list":["post-6519","post","type-post","status-publish","format-standard","has-post-thumbnail","hentry","category-depmates","category-eso","category-eso-4","category-eso-4a","category-eso-4b","category-eso-4c","category-eso_4d","category-portada"],"post_mailing_queue_ids":[],"_links":{"self":[{"href":"https:\/\/agora.xtec.cat\/iesmontbui\/wp-json\/wp\/v2\/posts\/6519","targetHints":{"allow":["GET"]}}],"collection":[{"href":"https:\/\/agora.xtec.cat\/iesmontbui\/wp-json\/wp\/v2\/posts"}],"about":[{"href":"https:\/\/agora.xtec.cat\/iesmontbui\/wp-json\/wp\/v2\/types\/post"}],"author":[{"embeddable":true,"href":"https:\/\/agora.xtec.cat\/iesmontbui\/wp-json\/wp\/v2\/users\/66"}],"replies":[{"embeddable":true,"href":"https:\/\/agora.xtec.cat\/iesmontbui\/wp-json\/wp\/v2\/comments?post=6519"}],"version-history":[{"count":2,"href":"https:\/\/agora.xtec.cat\/iesmontbui\/wp-json\/wp\/v2\/posts\/6519\/revisions"}],"predecessor-version":[{"id":6530,"href":"https:\/\/agora.xtec.cat\/iesmontbui\/wp-json\/wp\/v2\/posts\/6519\/revisions\/6530"}],"wp:featuredmedia":[{"embeddable":true,"href":"https:\/\/agora.xtec.cat\/iesmontbui\/wp-json\/wp\/v2\/media\/6527"}],"wp:attachment":[{"href":"https:\/\/agora.xtec.cat\/iesmontbui\/wp-json\/wp\/v2\/media?parent=6519"}],"wp:term":[{"taxonomy":"category","embeddable":true,"href":"https:\/\/agora.xtec.cat\/iesmontbui\/wp-json\/wp\/v2\/categories?post=6519"},{"taxonomy":"post_tag","embeddable":true,"href":"https:\/\/agora.xtec.cat\/iesmontbui\/wp-json\/wp\/v2\/tags?post=6519"}],"curies":[{"name":"wp","href":"https:\/\/api.w.org\/{rel}","templated":true}]}}