{"id":6499,"date":"2021-06-23T13:21:14","date_gmt":"2021-06-23T11:21:14","guid":{"rendered":"https:\/\/agora.xtec.cat\/iesmontbui\/?p=6499"},"modified":"2021-06-23T13:21:14","modified_gmt":"2021-06-23T11:21:14","slug":"fem-un-mural-projecte-de-recerca-4t-deso","status":"publish","type":"post","link":"https:\/\/agora.xtec.cat\/iesmontbui\/eso\/fem-un-mural-projecte-de-recerca-4t-deso\/","title":{"rendered":"Fem un Mural! (Projecte de recerca 4t d&#8217;ESO)"},"content":{"rendered":"<p style=\"text-align: justify;\">Un altre dels projectes de recerca que va dur a terme l&#8217;alumnat de 4t d&#8217;ESO va ser &#8220;Fem un Mural!&#8221;, relacionat amb l&#8217;assignatura d&#8217;Educaci\u00f3 Visual i Pl\u00e0stica.<\/p>\n<p style=\"text-align: justify;\">L&#8217;objectiu d&#8217;aquest projecte era que l&#8217;alumnat disseny\u00e9s i pos\u00e9s en pr\u00e0ctica la creaci\u00f3 d&#8217;un mural per guarnir el mur exterior de l&#8217;hort de l&#8217;institut, al carrer Lope de Vega. Us deixem un videoresum de tot el proc\u00e9s, i us encoratgem a qu\u00e8 visiteu el resultat en persona.<\/p>\n<p style=\"text-align: right;\"><strong>Comunicaci\u00f3<\/strong><\/p>\n<p style=\"text-align: center;\"><iframe loading=\"lazy\" src=\"https:\/\/drive.google.com\/file\/d\/1WLG1auREW6VzFqv5jjWVZJBYxVofoWju\/preview\" width=\"640\" height=\"360\"><\/iframe><\/p>\n","protected":false},"excerpt":{"rendered":"<p>Un altre dels projectes de recerca que va dur a terme l&#8217;alumnat de 4t d&#8217;ESO va ser &#8220;Fem un Mural!&#8221;, relacionat amb l&#8217;assignatura d&#8217;Educaci\u00f3 Visual i Pl\u00e0stica.<br \/>\nL&#8217;objectiu d&#8217;aquest projecte era que l&#8217;alumnat disseny\u00e9s i pos\u00e9s en pr\u00e0ctica la creaci\u00f3 d&#8217;un mural per guarnir el mur&hellip;  <a href=\"https:\/\/agora.xtec.cat\/iesmontbui\/eso\/fem-un-mural-projecte-de-recerca-4t-deso\/\" title=\"Read Fem un Mural! (Projecte de recerca 4t d&#8217;ESO)\">Llegeix m\u00e9s\u00bb<\/a><\/p>\n","protected":false},"author":66,"featured_media":6504,"comment_status":"closed","ping_status":"closed","sticky":false,"template":"","format":"standard","meta":{"_bbp_topic_count":0,"_bbp_reply_count":0,"_bbp_total_topic_count":0,"_bbp_total_reply_count":0,"_bbp_voice_count":0,"_bbp_anonymous_reply_count":0,"_bbp_topic_count_hidden":0,"_bbp_reply_count_hidden":0,"_bbp_forum_subforum_count":0,"footnotes":""},"categories":[190,121,3,7,24,25,26,66,65,29],"tags":[],"class_list":["post-6499","post","type-post","status-publish","format-standard","has-post-thumbnail","hentry","category-araart","category-depexpressio","category-eso","category-eso-4","category-eso-4a","category-eso-4b","category-eso-4c","category-eso_4d","category-estudis","category-portada"],"post_mailing_queue_ids":[],"_links":{"self":[{"href":"https:\/\/agora.xtec.cat\/iesmontbui\/wp-json\/wp\/v2\/posts\/6499","targetHints":{"allow":["GET"]}}],"collection":[{"href":"https:\/\/agora.xtec.cat\/iesmontbui\/wp-json\/wp\/v2\/posts"}],"about":[{"href":"https:\/\/agora.xtec.cat\/iesmontbui\/wp-json\/wp\/v2\/types\/post"}],"author":[{"embeddable":true,"href":"https:\/\/agora.xtec.cat\/iesmontbui\/wp-json\/wp\/v2\/users\/66"}],"replies":[{"embeddable":true,"href":"https:\/\/agora.xtec.cat\/iesmontbui\/wp-json\/wp\/v2\/comments?post=6499"}],"version-history":[{"count":3,"href":"https:\/\/agora.xtec.cat\/iesmontbui\/wp-json\/wp\/v2\/posts\/6499\/revisions"}],"predecessor-version":[{"id":6506,"href":"https:\/\/agora.xtec.cat\/iesmontbui\/wp-json\/wp\/v2\/posts\/6499\/revisions\/6506"}],"wp:featuredmedia":[{"embeddable":true,"href":"https:\/\/agora.xtec.cat\/iesmontbui\/wp-json\/wp\/v2\/media\/6504"}],"wp:attachment":[{"href":"https:\/\/agora.xtec.cat\/iesmontbui\/wp-json\/wp\/v2\/media?parent=6499"}],"wp:term":[{"taxonomy":"category","embeddable":true,"href":"https:\/\/agora.xtec.cat\/iesmontbui\/wp-json\/wp\/v2\/categories?post=6499"},{"taxonomy":"post_tag","embeddable":true,"href":"https:\/\/agora.xtec.cat\/iesmontbui\/wp-json\/wp\/v2\/tags?post=6499"}],"curies":[{"name":"wp","href":"https:\/\/api.w.org\/{rel}","templated":true}]}}