{"id":6367,"date":"2021-05-25T11:12:35","date_gmt":"2021-05-25T09:12:35","guid":{"rendered":"https:\/\/agora.xtec.cat\/iesmontbui\/?p=6367"},"modified":"2021-07-09T00:47:07","modified_gmt":"2021-07-08T22:47:07","slug":"anoiada-2021","status":"publish","type":"post","link":"https:\/\/agora.xtec.cat\/iesmontbui\/eso\/anoiada-2021\/","title":{"rendered":"Anoiada 2021 Telem\u00e0tica (3r d&#8217;ESO)"},"content":{"rendered":"<p style=\"text-align: justify;\"><span style=\"font-weight: 400;\">Com cada any, el nostre centre participa a l\u2019ANOIAda, per\u00f2 en aquesta ocasi\u00f3 ho ha fet en format virtual a conseq\u00fc\u00e8ncia de la COVID19, com tots els altres centres que hi participaven de la comarca.\u00a0<\/span><\/p>\n<p style=\"text-align: justify;\"><span style=\"font-weight: 400;\">A les 9 del mat\u00ed els alumnes de 3r d\u2019ESO van iniciar amb un BREAK OUT que els va aportar la contrasenya necess\u00e0ria per poder accedir posteriorment a l\u2019ANOIAda. En aquesta ocasi\u00f3 els alumnes havien de respondre preguntes que estaven relacionades amb espais emblem\u00e0tics dels diferents pobles de la comarca i en altres ocasions a edificis especialment reconeguts del seu voltant. Despr\u00e9s de respondre cadascuna d\u2019aquestes preguntes, tenien acc\u00e9s a realitzar diferents tipologies de proves (STEAM, Bookface, Entrevista, Cita liter\u00e0ria\u2026,) sempre amb la utilitzaci\u00f3 dels dispositius m\u00f2bils i les aplicacions corresponents.<\/span><\/p>\n<p style=\"text-align: justify;\"><span style=\"font-weight: 400;\">L\u2019acta de cloenda va constar en un gran mural digital, amb les mans de tots els alumnes unides i amb diferents missatges que representaven les emocions viscudes al llarg del dia. El podeu visitar\u00a0<a href=\"https:\/\/drive.google.com\/file\/d\/1l-pvog7Gp6UdSiZ1y38uULFwpPHdP3KH\/view?usp=sharing\">fent clic aqu\u00ed.<\/a><\/span><\/p>\n<p style=\"text-align: justify;\"><span style=\"font-weight: 400;\">Tant alumnes com professor van gaudir de la jornada, i esperen que l\u2019any vinent, pugui ser ja, en format presencial.<\/span><\/p>\n<p style=\"text-align: right;\"><strong>Laura Argerich<\/strong><\/p>\n\n\t\t<style type=\"text\/css\">\n\t\t\t#gallery-1 {\n\t\t\t\tmargin: auto;\n\t\t\t}\n\t\t\t#gallery-1 .gallery-item {\n\t\t\t\tfloat: left;\n\t\t\t\tmargin-top: 10px;\n\t\t\t\ttext-align: center;\n\t\t\t\twidth: 33%;\n\t\t\t}\n\t\t\t#gallery-1 img {\n\t\t\t\tborder: 2px solid #cfcfcf;\n\t\t\t}\n\t\t\t#gallery-1 .gallery-caption {\n\t\t\t\tmargin-left: 0;\n\t\t\t}\n\t\t\t\/* see gallery_shortcode() in wp-includes\/media.php *\/\n\t\t<\/style>\n\t\t<div id='gallery-1' class='gallery galleryid-6367 gallery-columns-3 gallery-size-medium'><dl class='gallery-item'>\n\t\t\t<dt class='gallery-icon portrait'>\n\t\t\t\t<a href='https:\/\/agora.xtec.cat\/iesmontbui\/eso\/anoiada-2021\/attachment\/anoia3\/'><img loading=\"lazy\" decoding=\"async\" width=\"225\" height=\"300\" src=\"https:\/\/agora.xtec.cat\/iesmontbui\/wp-content\/uploads\/usu145\/2021\/05\/anoia3-225x300.jpeg\" class=\"attachment-medium size-medium\" alt=\"\" srcset=\"https:\/\/agora.xtec.cat\/iesmontbui\/wp-content\/uploads\/usu145\/2021\/05\/anoia3-225x300.jpeg 225w, https:\/\/agora.xtec.cat\/iesmontbui\/wp-content\/uploads\/usu145\/2021\/05\/anoia3.jpeg 768w\" sizes=\"auto, (max-width: 225px) 100vw, 225px\" \/><\/a>\n\t\t\t<\/dt><\/dl><dl class='gallery-item'>\n\t\t\t<dt class='gallery-icon portrait'>\n\t\t\t\t<a href='https:\/\/agora.xtec.cat\/iesmontbui\/eso\/anoiada-2021\/attachment\/anoia6\/'><img loading=\"lazy\" decoding=\"async\" width=\"223\" height=\"300\" src=\"https:\/\/agora.xtec.cat\/iesmontbui\/wp-content\/uploads\/usu145\/2021\/05\/anoia6-223x300.jpeg\" class=\"attachment-medium size-medium\" alt=\"\" srcset=\"https:\/\/agora.xtec.cat\/iesmontbui\/wp-content\/uploads\/usu145\/2021\/05\/anoia6-223x300.jpeg 223w, https:\/\/agora.xtec.cat\/iesmontbui\/wp-content\/uploads\/usu145\/2021\/05\/anoia6.jpeg 760w\" sizes=\"auto, (max-width: 223px) 100vw, 223px\" \/><\/a>\n\t\t\t<\/dt><\/dl><dl class='gallery-item'>\n\t\t\t<dt class='gallery-icon portrait'>\n\t\t\t\t<a href='https:\/\/agora.xtec.cat\/iesmontbui\/eso\/anoiada-2021\/attachment\/anoia1\/'><img loading=\"lazy\" decoding=\"async\" width=\"225\" height=\"300\" src=\"https:\/\/agora.xtec.cat\/iesmontbui\/wp-content\/uploads\/usu145\/2021\/05\/anoia1-225x300.jpeg\" class=\"attachment-medium size-medium\" alt=\"\" srcset=\"https:\/\/agora.xtec.cat\/iesmontbui\/wp-content\/uploads\/usu145\/2021\/05\/anoia1-225x300.jpeg 225w, https:\/\/agora.xtec.cat\/iesmontbui\/wp-content\/uploads\/usu145\/2021\/05\/anoia1.jpeg 768w\" sizes=\"auto, (max-width: 225px) 100vw, 225px\" \/><\/a>\n\t\t\t<\/dt><\/dl><br style=\"clear: both\" \/><dl class='gallery-item'>\n\t\t\t<dt class='gallery-icon landscape'>\n\t\t\t\t<a href='https:\/\/agora.xtec.cat\/iesmontbui\/eso\/anoiada-2021\/attachment\/anoia5\/'><img loading=\"lazy\" decoding=\"async\" width=\"300\" height=\"225\" src=\"https:\/\/agora.xtec.cat\/iesmontbui\/wp-content\/uploads\/usu145\/2021\/05\/anoia5-300x225.jpeg\" class=\"attachment-medium size-medium\" alt=\"\" srcset=\"https:\/\/agora.xtec.cat\/iesmontbui\/wp-content\/uploads\/usu145\/2021\/05\/anoia5-300x225.jpeg 300w, https:\/\/agora.xtec.cat\/iesmontbui\/wp-content\/uploads\/usu145\/2021\/05\/anoia5-768x576.jpeg 768w, https:\/\/agora.xtec.cat\/iesmontbui\/wp-content\/uploads\/usu145\/2021\/05\/anoia5.jpeg 1024w, https:\/\/agora.xtec.cat\/iesmontbui\/wp-content\/uploads\/usu145\/2021\/05\/anoia5-200x150.jpeg 200w\" sizes=\"auto, (max-width: 300px) 100vw, 300px\" \/><\/a>\n\t\t\t<\/dt><\/dl><dl class='gallery-item'>\n\t\t\t<dt class='gallery-icon landscape'>\n\t\t\t\t<a href='https:\/\/agora.xtec.cat\/iesmontbui\/eso\/anoiada-2021\/attachment\/anoia4\/'><img loading=\"lazy\" decoding=\"async\" width=\"300\" height=\"225\" src=\"https:\/\/agora.xtec.cat\/iesmontbui\/wp-content\/uploads\/usu145\/2021\/05\/anoia4-300x225.jpeg\" class=\"attachment-medium size-medium\" alt=\"\" srcset=\"https:\/\/agora.xtec.cat\/iesmontbui\/wp-content\/uploads\/usu145\/2021\/05\/anoia4-300x225.jpeg 300w, https:\/\/agora.xtec.cat\/iesmontbui\/wp-content\/uploads\/usu145\/2021\/05\/anoia4-768x576.jpeg 768w, https:\/\/agora.xtec.cat\/iesmontbui\/wp-content\/uploads\/usu145\/2021\/05\/anoia4.jpeg 1024w, https:\/\/agora.xtec.cat\/iesmontbui\/wp-content\/uploads\/usu145\/2021\/05\/anoia4-200x150.jpeg 200w\" sizes=\"auto, (max-width: 300px) 100vw, 300px\" \/><\/a>\n\t\t\t<\/dt><\/dl>\n\t\t\t<br style='clear: both' \/>\n\t\t<\/div>\n\n","protected":false},"excerpt":{"rendered":"<p>Com cada any, el nostre centre participa a l\u2019ANOIAda, per\u00f2 en aquesta ocasi\u00f3 ho ha fet en format virtual a conseq\u00fc\u00e8ncia de la COVID19, com tots els altres centres que hi participaven de la comarca.\u00a0<br \/>\nA les 9 del mat\u00ed els alumnes de 3r d\u2019ESO van&hellip;  <a href=\"https:\/\/agora.xtec.cat\/iesmontbui\/eso\/anoiada-2021\/\" title=\"Read Anoiada 2021 Telem\u00e0tica (3r d&#8217;ESO)\">Llegeix m\u00e9s\u00bb<\/a><\/p>\n","protected":false},"author":66,"featured_media":6369,"comment_status":"closed","ping_status":"closed","sticky":false,"template":"","format":"standard","meta":{"_bbp_topic_count":0,"_bbp_reply_count":0,"_bbp_total_topic_count":0,"_bbp_total_reply_count":0,"_bbp_voice_count":0,"_bbp_anonymous_reply_count":0,"_bbp_topic_count_hidden":0,"_bbp_reply_count_hidden":0,"_bbp_forum_subforum_count":0,"footnotes":""},"categories":[125,122,3,6,19,20,21,340,65,29],"tags":[],"class_list":["post-6367","post","type-post","status-publish","format-standard","has-post-thumbnail","hentry","category-depllengues","category-deptecno","category-eso","category-eso-3","category-eso-3a","category-eso-3b","category-eso-3c","category-eso-3d","category-estudis","category-portada"],"post_mailing_queue_ids":[],"_links":{"self":[{"href":"https:\/\/agora.xtec.cat\/iesmontbui\/wp-json\/wp\/v2\/posts\/6367","targetHints":{"allow":["GET"]}}],"collection":[{"href":"https:\/\/agora.xtec.cat\/iesmontbui\/wp-json\/wp\/v2\/posts"}],"about":[{"href":"https:\/\/agora.xtec.cat\/iesmontbui\/wp-json\/wp\/v2\/types\/post"}],"author":[{"embeddable":true,"href":"https:\/\/agora.xtec.cat\/iesmontbui\/wp-json\/wp\/v2\/users\/66"}],"replies":[{"embeddable":true,"href":"https:\/\/agora.xtec.cat\/iesmontbui\/wp-json\/wp\/v2\/comments?post=6367"}],"version-history":[{"count":3,"href":"https:\/\/agora.xtec.cat\/iesmontbui\/wp-json\/wp\/v2\/posts\/6367\/revisions"}],"predecessor-version":[{"id":6570,"href":"https:\/\/agora.xtec.cat\/iesmontbui\/wp-json\/wp\/v2\/posts\/6367\/revisions\/6570"}],"wp:featuredmedia":[{"embeddable":true,"href":"https:\/\/agora.xtec.cat\/iesmontbui\/wp-json\/wp\/v2\/media\/6369"}],"wp:attachment":[{"href":"https:\/\/agora.xtec.cat\/iesmontbui\/wp-json\/wp\/v2\/media?parent=6367"}],"wp:term":[{"taxonomy":"category","embeddable":true,"href":"https:\/\/agora.xtec.cat\/iesmontbui\/wp-json\/wp\/v2\/categories?post=6367"},{"taxonomy":"post_tag","embeddable":true,"href":"https:\/\/agora.xtec.cat\/iesmontbui\/wp-json\/wp\/v2\/tags?post=6367"}],"curies":[{"name":"wp","href":"https:\/\/api.w.org\/{rel}","templated":true}]}}