{"id":6360,"date":"2021-05-21T12:39:42","date_gmt":"2021-05-21T10:39:42","guid":{"rendered":"https:\/\/agora.xtec.cat\/iesmontbui\/?p=6360"},"modified":"2021-05-21T12:42:02","modified_gmt":"2021-05-21T10:42:02","slug":"activitats-destiu-a-lins-montbui","status":"publish","type":"post","link":"https:\/\/agora.xtec.cat\/iesmontbui\/general\/activitats-destiu-a-lins-montbui\/","title":{"rendered":"Activitats d&#8217;estiu a l&#8217;INS Montbui"},"content":{"rendered":"<p>A continuaci\u00f3 us deixem un recull de les diferents activitats que es duran a terme al nostre centre durant el mes de juliol.<\/p>\n<p><strong>La primera<\/strong> \u00e9s &#8220;ACTIVA&#8217;T 2021&#8221;, dirigida a joves d&#8217;entre 12 i 18 anys, del 28 de juny al 30 de juliol.<\/p>\n<p>Per a m\u00e9s informaci\u00f3 podeu visitar estiu.animans.cat o trucar al 636.285.311<\/p>\n<p><span class=\"\"><strong>La segona<\/strong>\u00a0activitat \u00e9s &#8220;MATINALS ACTIVES&#8221;, dirigida a joves d&#8217;entre 12 i 17 anys, i que tindr\u00e0 lloc entre el 28 de juny i el 30 de juliol.<br \/>\nDestinada al jovent interessat en els diferents esports que es poden practicar a Sta. Margarida de Montbui i que tamb\u00e9 vulguin iniciar-se en la formaci\u00f3 com a monitor\/a<\/span><\/p>\n<p>M\u00e9s info al tel\u00e8fon 636.285.311<\/p>\n<div class=\" Igw0E IwRSH eGOV_ _4EzTm pjcA_ aGBdT \">\n<p>Finalment, l<strong>a tercera activitat<\/strong> \u00e9s &#8220;ESTIU VIU 2021&#8221;, destinada a infants i joves entre 3 i 12 anys, i que tindr\u00e0 lloc entre el 28 de juny i el 30 de juliol.<\/p>\n<p>Per a m\u00e9s informaci\u00f3 i inscripcions us heu d&#8217;adre\u00e7ar al Centre Obert (C\/St. Miquel, 6)<\/p>\n<p>Podeu sol\u00b7licitar la beca de l&#8217;Ajuntament del 18 al 28 de maig<\/p>\n<\/div>\n<div><\/div>\n<div style=\"text-align: right;\"><strong>Comunicaci\u00f3<\/strong><\/div>\n<div><\/div>\n\n\t\t<style type=\"text\/css\">\n\t\t\t#gallery-1 {\n\t\t\t\tmargin: auto;\n\t\t\t}\n\t\t\t#gallery-1 .gallery-item {\n\t\t\t\tfloat: left;\n\t\t\t\tmargin-top: 10px;\n\t\t\t\ttext-align: center;\n\t\t\t\twidth: 33%;\n\t\t\t}\n\t\t\t#gallery-1 img {\n\t\t\t\tborder: 2px solid #cfcfcf;\n\t\t\t}\n\t\t\t#gallery-1 .gallery-caption {\n\t\t\t\tmargin-left: 0;\n\t\t\t}\n\t\t\t\/* see gallery_shortcode() in wp-includes\/media.php *\/\n\t\t<\/style>\n\t\t<div id='gallery-1' class='gallery galleryid-6360 gallery-columns-3 gallery-size-medium'><dl class='gallery-item'>\n\t\t\t<dt class='gallery-icon portrait'>\n\t\t\t\t<a href='https:\/\/agora.xtec.cat\/iesmontbui\/general\/activitats-destiu-a-lins-montbui\/attachment\/estiu1\/'><img loading=\"lazy\" decoding=\"async\" width=\"214\" height=\"300\" src=\"https:\/\/agora.xtec.cat\/iesmontbui\/wp-content\/uploads\/usu145\/2021\/05\/estiu1-214x300.jpeg\" class=\"attachment-medium size-medium\" alt=\"\" srcset=\"https:\/\/agora.xtec.cat\/iesmontbui\/wp-content\/uploads\/usu145\/2021\/05\/estiu1-214x300.jpeg 214w, https:\/\/agora.xtec.cat\/iesmontbui\/wp-content\/uploads\/usu145\/2021\/05\/estiu1.jpeg 729w\" sizes=\"auto, (max-width: 214px) 100vw, 214px\" \/><\/a>\n\t\t\t<\/dt><\/dl><dl class='gallery-item'>\n\t\t\t<dt class='gallery-icon portrait'>\n\t\t\t\t<a href='https:\/\/agora.xtec.cat\/iesmontbui\/general\/activitats-destiu-a-lins-montbui\/attachment\/estiu2\/'><img loading=\"lazy\" decoding=\"async\" width=\"212\" height=\"300\" src=\"https:\/\/agora.xtec.cat\/iesmontbui\/wp-content\/uploads\/usu145\/2021\/05\/estiu2-212x300.jpeg\" class=\"attachment-medium size-medium\" alt=\"\" srcset=\"https:\/\/agora.xtec.cat\/iesmontbui\/wp-content\/uploads\/usu145\/2021\/05\/estiu2-212x300.jpeg 212w, https:\/\/agora.xtec.cat\/iesmontbui\/wp-content\/uploads\/usu145\/2021\/05\/estiu2.jpeg 724w\" sizes=\"auto, (max-width: 212px) 100vw, 212px\" \/><\/a>\n\t\t\t<\/dt><\/dl><dl class='gallery-item'>\n\t\t\t<dt class='gallery-icon portrait'>\n\t\t\t\t<a href='https:\/\/agora.xtec.cat\/iesmontbui\/general\/activitats-destiu-a-lins-montbui\/attachment\/estiu3\/'><img loading=\"lazy\" decoding=\"async\" width=\"213\" height=\"300\" src=\"https:\/\/agora.xtec.cat\/iesmontbui\/wp-content\/uploads\/usu145\/2021\/05\/estiu3-213x300.jpeg\" class=\"attachment-medium size-medium\" alt=\"\" srcset=\"https:\/\/agora.xtec.cat\/iesmontbui\/wp-content\/uploads\/usu145\/2021\/05\/estiu3-213x300.jpeg 213w, https:\/\/agora.xtec.cat\/iesmontbui\/wp-content\/uploads\/usu145\/2021\/05\/estiu3.jpeg 726w\" sizes=\"auto, (max-width: 213px) 100vw, 213px\" \/><\/a>\n\t\t\t<\/dt><\/dl><br style=\"clear: both\" \/>\n\t\t<\/div>\n\n","protected":false},"excerpt":{"rendered":"<p>A continuaci\u00f3 us deixem un recull de les diferents activitats que es duran a terme al nostre centre durant el mes de juliol.<br \/>\nLa primera \u00e9s &#8220;ACTIVA&#8217;T 2021&#8221;, dirigida a joves d&#8217;entre 12 i 18 anys, del 28 de juny al 30 de juliol.<br \/>\nPer a m\u00e9s&hellip;  <a href=\"https:\/\/agora.xtec.cat\/iesmontbui\/general\/activitats-destiu-a-lins-montbui\/\" title=\"Read Activitats d&#8217;estiu a l&#8217;INS Montbui\">Llegeix m\u00e9s\u00bb<\/a><\/p>\n","protected":false},"author":66,"featured_media":6364,"comment_status":"open","ping_status":"closed","sticky":false,"template":"","format":"standard","meta":{"_bbp_topic_count":0,"_bbp_reply_count":0,"_bbp_total_topic_count":0,"_bbp_total_reply_count":0,"_bbp_voice_count":0,"_bbp_anonymous_reply_count":0,"_bbp_topic_count_hidden":0,"_bbp_reply_count_hidden":0,"_bbp_forum_subforum_count":0,"footnotes":""},"categories":[31,98,1,29],"tags":[],"class_list":["post-6360","post","type-post","status-publish","format-standard","has-post-thumbnail","hentry","category-ampa","category-comunicats","category-general","category-portada"],"post_mailing_queue_ids":[],"_links":{"self":[{"href":"https:\/\/agora.xtec.cat\/iesmontbui\/wp-json\/wp\/v2\/posts\/6360","targetHints":{"allow":["GET"]}}],"collection":[{"href":"https:\/\/agora.xtec.cat\/iesmontbui\/wp-json\/wp\/v2\/posts"}],"about":[{"href":"https:\/\/agora.xtec.cat\/iesmontbui\/wp-json\/wp\/v2\/types\/post"}],"author":[{"embeddable":true,"href":"https:\/\/agora.xtec.cat\/iesmontbui\/wp-json\/wp\/v2\/users\/66"}],"replies":[{"embeddable":true,"href":"https:\/\/agora.xtec.cat\/iesmontbui\/wp-json\/wp\/v2\/comments?post=6360"}],"version-history":[{"count":2,"href":"https:\/\/agora.xtec.cat\/iesmontbui\/wp-json\/wp\/v2\/posts\/6360\/revisions"}],"predecessor-version":[{"id":6366,"href":"https:\/\/agora.xtec.cat\/iesmontbui\/wp-json\/wp\/v2\/posts\/6360\/revisions\/6366"}],"wp:featuredmedia":[{"embeddable":true,"href":"https:\/\/agora.xtec.cat\/iesmontbui\/wp-json\/wp\/v2\/media\/6364"}],"wp:attachment":[{"href":"https:\/\/agora.xtec.cat\/iesmontbui\/wp-json\/wp\/v2\/media?parent=6360"}],"wp:term":[{"taxonomy":"category","embeddable":true,"href":"https:\/\/agora.xtec.cat\/iesmontbui\/wp-json\/wp\/v2\/categories?post=6360"},{"taxonomy":"post_tag","embeddable":true,"href":"https:\/\/agora.xtec.cat\/iesmontbui\/wp-json\/wp\/v2\/tags?post=6360"}],"curies":[{"name":"wp","href":"https:\/\/api.w.org\/{rel}","templated":true}]}}