{"id":6333,"date":"2021-05-19T11:12:45","date_gmt":"2021-05-19T09:12:45","guid":{"rendered":"https:\/\/agora.xtec.cat\/iesmontbui\/?p=6333"},"modified":"2021-05-19T11:12:45","modified_gmt":"2021-05-19T09:12:45","slug":"la-convivencia-avui-webinar","status":"publish","type":"post","link":"https:\/\/agora.xtec.cat\/iesmontbui\/portada\/la-convivencia-avui-webinar\/","title":{"rendered":"La conviv\u00e8ncia avui (Webinar)"},"content":{"rendered":"<p style=\"text-align: justify;\">Des de l&#8217;Ajuntament de Santa Margarida de Montbui ens demanen que fem difusi\u00f3 del Webinar gratu\u00eft que tindr\u00e0 lloc el proper dijous 27 a les 18:30 i que tractar\u00e0 sobre el tema de la conviv\u00e8ncia i com podem millorar-la.<\/p>\n<p>Per inscriure&#8217;s cal omplir el seg\u00fcent formulari: <a href=\"https:\/\/forms.gle\/XkRoafVCQ7XwzE6e7\">https:\/\/forms.gle\/XkRoafVCQ7XwzE6e7<\/a><\/p>\n<p style=\"text-align: justify;\">Per a m\u00e9s informaci\u00f3 podeu enviar un correu electr\u00f2nic a <span style=\"text-decoration: underline;\">srodriguez@anoia.cat<\/span><\/p>\n<p><a href=\"https:\/\/agora.xtec.cat\/iesmontbui\/wp-content\/uploads\/usu145\/2021\/05\/Cartell_Sta.Margarida_Montbui.gif\"><img loading=\"lazy\" decoding=\"async\" class=\"alignnone size-medium wp-image-6335\" src=\"https:\/\/agora.xtec.cat\/iesmontbui\/wp-content\/uploads\/usu145\/2021\/05\/Cartell_Sta.Margarida_Montbui-212x300.gif\" alt=\"\" width=\"212\" height=\"300\" srcset=\"https:\/\/agora.xtec.cat\/iesmontbui\/wp-content\/uploads\/usu145\/2021\/05\/Cartell_Sta.Margarida_Montbui-212x300.gif 212w, https:\/\/agora.xtec.cat\/iesmontbui\/wp-content\/uploads\/usu145\/2021\/05\/Cartell_Sta.Margarida_Montbui-768x1086.gif 768w, https:\/\/agora.xtec.cat\/iesmontbui\/wp-content\/uploads\/usu145\/2021\/05\/Cartell_Sta.Margarida_Montbui-724x1024.gif 724w\" sizes=\"auto, (max-width: 212px) 100vw, 212px\" \/><\/a><\/p>\n","protected":false},"excerpt":{"rendered":"<p>Des de l&#8217;Ajuntament de Santa Margarida de Montbui ens demanen que fem difusi\u00f3 del Webinar gratu\u00eft que tindr\u00e0 lloc el proper dijous 27 a les 18:30 i que tractar\u00e0 sobre el tema de la conviv\u00e8ncia i com podem millorar-la.<br \/>\nPer inscriure&#8217;s cal omplir el seg\u00fcent formulari:&hellip;  <a href=\"https:\/\/agora.xtec.cat\/iesmontbui\/portada\/la-convivencia-avui-webinar\/\" title=\"Read La conviv\u00e8ncia avui (Webinar)\">Llegeix m\u00e9s\u00bb<\/a><\/p>\n","protected":false},"author":66,"featured_media":6336,"comment_status":"open","ping_status":"closed","sticky":false,"template":"","format":"standard","meta":{"_bbp_topic_count":0,"_bbp_reply_count":0,"_bbp_total_topic_count":0,"_bbp_total_reply_count":0,"_bbp_voice_count":0,"_bbp_anonymous_reply_count":0,"_bbp_topic_count_hidden":0,"_bbp_reply_count_hidden":0,"_bbp_forum_subforum_count":0,"footnotes":""},"categories":[31,98,29],"tags":[],"class_list":["post-6333","post","type-post","status-publish","format-standard","has-post-thumbnail","hentry","category-ampa","category-comunicats","category-portada"],"post_mailing_queue_ids":[],"_links":{"self":[{"href":"https:\/\/agora.xtec.cat\/iesmontbui\/wp-json\/wp\/v2\/posts\/6333","targetHints":{"allow":["GET"]}}],"collection":[{"href":"https:\/\/agora.xtec.cat\/iesmontbui\/wp-json\/wp\/v2\/posts"}],"about":[{"href":"https:\/\/agora.xtec.cat\/iesmontbui\/wp-json\/wp\/v2\/types\/post"}],"author":[{"embeddable":true,"href":"https:\/\/agora.xtec.cat\/iesmontbui\/wp-json\/wp\/v2\/users\/66"}],"replies":[{"embeddable":true,"href":"https:\/\/agora.xtec.cat\/iesmontbui\/wp-json\/wp\/v2\/comments?post=6333"}],"version-history":[{"count":1,"href":"https:\/\/agora.xtec.cat\/iesmontbui\/wp-json\/wp\/v2\/posts\/6333\/revisions"}],"predecessor-version":[{"id":6337,"href":"https:\/\/agora.xtec.cat\/iesmontbui\/wp-json\/wp\/v2\/posts\/6333\/revisions\/6337"}],"wp:featuredmedia":[{"embeddable":true,"href":"https:\/\/agora.xtec.cat\/iesmontbui\/wp-json\/wp\/v2\/media\/6336"}],"wp:attachment":[{"href":"https:\/\/agora.xtec.cat\/iesmontbui\/wp-json\/wp\/v2\/media?parent=6333"}],"wp:term":[{"taxonomy":"category","embeddable":true,"href":"https:\/\/agora.xtec.cat\/iesmontbui\/wp-json\/wp\/v2\/categories?post=6333"},{"taxonomy":"post_tag","embeddable":true,"href":"https:\/\/agora.xtec.cat\/iesmontbui\/wp-json\/wp\/v2\/tags?post=6333"}],"curies":[{"name":"wp","href":"https:\/\/api.w.org\/{rel}","templated":true}]}}