{"id":6133,"date":"2021-04-13T14:50:37","date_gmt":"2021-04-13T12:50:37","guid":{"rendered":"https:\/\/agora.xtec.cat\/iesmontbui\/?p=6133"},"modified":"2021-04-18T20:50:22","modified_gmt":"2021-04-18T18:50:22","slug":"rayhana-allou-millor-lectora-del-mes-de-marc","status":"publish","type":"post","link":"https:\/\/agora.xtec.cat\/iesmontbui\/general\/rayhana-allou-millor-lectora-del-mes-de-marc\/","title":{"rendered":"Rayhana Allou, millor lectora del mes de mar\u00e7"},"content":{"rendered":"<p style=\"text-align: justify;\">Iniciem la primavera en el mes de mar\u00e7 amb la not\u00edcia de la guanyadora del concurs del millor lector, l&#8217;afortunada \u00e9s la Rayhana Allou de segon d&#8217;ESO. Ella, que \u00e9s una amant de les hist\u00f2ries i experi\u00e8ncies narrades, com moltes altres persones, porta una bona marca de lectura i p\u00e0gines llegides. L&#8217;animem, a ella i a qui vulgui presentar-li escomesa a qu\u00e8 mantingui aquest bon ritme de lectura. I li donem la nostra<br \/>\nenhorabona!!!<\/p>\n<p style=\"text-align: right;\"><strong>Coordinaci\u00f3 de Biblioteca<\/strong><\/p>\n","protected":false},"excerpt":{"rendered":"<p>Iniciem la primavera en el mes de mar\u00e7 amb la not\u00edcia de la guanyadora del concurs del millor lector, l&#8217;afortunada \u00e9s la Rayhana Allou de segon d&#8217;ESO. Ella, que \u00e9s una amant de les hist\u00f2ries i experi\u00e8ncies narrades, com moltes altres persones, porta una bona&hellip;  <a href=\"https:\/\/agora.xtec.cat\/iesmontbui\/general\/rayhana-allou-millor-lectora-del-mes-de-marc\/\" title=\"Read Rayhana Allou, millor lectora del mes de mar\u00e7\">Llegeix m\u00e9s\u00bb<\/a><\/p>\n","protected":false},"author":66,"featured_media":6134,"comment_status":"closed","ping_status":"closed","sticky":false,"template":"","format":"standard","meta":{"_bbp_topic_count":0,"_bbp_reply_count":0,"_bbp_total_topic_count":0,"_bbp_total_reply_count":0,"_bbp_voice_count":0,"_bbp_anonymous_reply_count":0,"_bbp_topic_count_hidden":0,"_bbp_reply_count_hidden":0,"_bbp_forum_subforum_count":0,"footnotes":""},"categories":[141,125,5,14,15,16,187,338,1,29],"tags":[],"class_list":["post-6133","post","type-post","status-publish","format-standard","has-post-thumbnail","hentry","category-biblio","category-depllengues","category-eso-2","category-eso-2a","category-eso-2b","category-eso-2c","category-eso-2d","category-eso-2e","category-general","category-portada"],"post_mailing_queue_ids":[],"_links":{"self":[{"href":"https:\/\/agora.xtec.cat\/iesmontbui\/wp-json\/wp\/v2\/posts\/6133","targetHints":{"allow":["GET"]}}],"collection":[{"href":"https:\/\/agora.xtec.cat\/iesmontbui\/wp-json\/wp\/v2\/posts"}],"about":[{"href":"https:\/\/agora.xtec.cat\/iesmontbui\/wp-json\/wp\/v2\/types\/post"}],"author":[{"embeddable":true,"href":"https:\/\/agora.xtec.cat\/iesmontbui\/wp-json\/wp\/v2\/users\/66"}],"replies":[{"embeddable":true,"href":"https:\/\/agora.xtec.cat\/iesmontbui\/wp-json\/wp\/v2\/comments?post=6133"}],"version-history":[{"count":1,"href":"https:\/\/agora.xtec.cat\/iesmontbui\/wp-json\/wp\/v2\/posts\/6133\/revisions"}],"predecessor-version":[{"id":6135,"href":"https:\/\/agora.xtec.cat\/iesmontbui\/wp-json\/wp\/v2\/posts\/6133\/revisions\/6135"}],"wp:featuredmedia":[{"embeddable":true,"href":"https:\/\/agora.xtec.cat\/iesmontbui\/wp-json\/wp\/v2\/media\/6134"}],"wp:attachment":[{"href":"https:\/\/agora.xtec.cat\/iesmontbui\/wp-json\/wp\/v2\/media?parent=6133"}],"wp:term":[{"taxonomy":"category","embeddable":true,"href":"https:\/\/agora.xtec.cat\/iesmontbui\/wp-json\/wp\/v2\/categories?post=6133"},{"taxonomy":"post_tag","embeddable":true,"href":"https:\/\/agora.xtec.cat\/iesmontbui\/wp-json\/wp\/v2\/tags?post=6133"}],"curies":[{"name":"wp","href":"https:\/\/api.w.org\/{rel}","templated":true}]}}