{"id":6071,"date":"2021-03-30T13:57:31","date_gmt":"2021-03-30T11:57:31","guid":{"rendered":"https:\/\/agora.xtec.cat\/iesmontbui\/?p=6071"},"modified":"2021-03-30T13:58:03","modified_gmt":"2021-03-30T11:58:03","slug":"xerrada-den-moi-torrallardona-1r-batx","status":"publish","type":"post","link":"https:\/\/agora.xtec.cat\/iesmontbui\/batxillerat\/xerrada-den-moi-torrallardona-1r-batx\/","title":{"rendered":"Xerrada d&#8217;en Moi Torrallardona (1r BATX)"},"content":{"rendered":"<p style=\"text-align: justify;\"><span style=\"font-weight: 400;\">El dia 25 de mar\u00e7 va vindre a 1r de Batxillerat A el Moi Torrallardona a fer una xerrada amb el tema principal de motivar als alumnes a seguir els seus objectius.<\/span><\/p>\n<p style=\"text-align: justify;\"><span style=\"font-weight: 400;\">Ens va explicar com va anar avan\u00e7ant la seva vida des de l\u2019edat dels 16 fins a l\u2019actualitat. Comentant-nos que va fer diferents coses importants durant la seva vida, per\u00f2 sobretot destaca que va ser un dels que van fer el recorregut de la torxa ol\u00edmpica l&#8217;any 1992.<\/span><\/p>\n<p style=\"text-align: justify;\"><span style=\"font-weight: 400;\">Gr\u00e0cies al seu treball ens va explicar que ha viatjat per tot el m\u00f3n, pa\u00efsos com: Xina, Argentina, Austr\u00e0lia, Isl\u00e0ndia, entre molts altres llocs. Fet que li ha perm\u00e8s entendre les diferents cultures, i que li ha fet obrir la seva ment.<\/span><\/p>\n<p style=\"text-align: justify;\"><span style=\"font-weight: 400;\">Tamb\u00e9 va treballar per a Land Rover i va fer diferents reptes que l\u2019hi van proposar. Va comen\u00e7ar a fer els reptes amb l\u2019<em>off road<\/em>, per\u00f2 com ho va fer tan b\u00e9, li van trucar per asfalt. Aqu\u00ed, la seva experi\u00e8ncia no va ser tan bona. I, un consell per nosaltres:<\/span><\/p>\n<p style=\"text-align: justify;\"><span style=\"font-weight: 400;\">A la vida, hi haur\u00e0 coses que et sortiran b\u00e9 i d\u2019altres que no tant, per\u00f2 sempre guanyar\u00e0s en valor i aprenentatge.<\/span><\/p>\n<p style=\"text-align: justify;\"><span style=\"font-weight: 400;\">Aix\u00f2 va obrir-li grans portes, com participar en el Dakar de navegant gratu\u00eftament. Va participar en les tres localitzacions del Dakar: \u00c0frica, Sud Am\u00e8rica i Ar\u00e0bia Saudita.\u00a0<\/span><\/p>\n<p style=\"text-align: justify;\"><span style=\"font-weight: 400;\">Primerament anava de navegant (copilot) amb camions tot i que un any va provar de copilot amb cotxes.\u00a0<\/span><\/p>\n<p style=\"text-align: justify;\"><span style=\"font-weight: 400;\">Va donar-nos un gran consell que no tinguem por de moure&#8217;ns per avan\u00e7ar a la vida.<\/span><\/p>\n<p style=\"text-align: justify;\"><span style=\"font-weight: 400;\">Moi tamb\u00e9 ens va explicar que va guanyar el Dakar l&#8217;any 2016.\u00a0<\/span><\/p>\n<p style=\"text-align: justify;\"><span style=\"font-weight: 400;\">Finalment va respondre preguntes que tenien els alumnes, i ens va donar un \u00faltim consell per una motivaci\u00f3 extra per als alumnes.: Inverteix temps pensant en el teu futur, troba all\u00f2 que et faci feli\u00e7 i enfoca cap aqu\u00ed la teva vida amb seny i entusiasme.<\/span><\/p>\n<p style=\"text-align: justify;\"><span style=\"font-weight: 400;\">Des de 1r Batxillerat A donem les gr\u00e0cies al Moi per la xerrada, ja que ha estat d\u2019un inter\u00e8s molt gran.<\/span><\/p>\n<p style=\"text-align: right;\"><strong>Paula Compte i Iker Gil<\/strong><\/p>\n\n\t\t<style type=\"text\/css\">\n\t\t\t#gallery-1 {\n\t\t\t\tmargin: auto;\n\t\t\t}\n\t\t\t#gallery-1 .gallery-item {\n\t\t\t\tfloat: left;\n\t\t\t\tmargin-top: 10px;\n\t\t\t\ttext-align: center;\n\t\t\t\twidth: 25%;\n\t\t\t}\n\t\t\t#gallery-1 img {\n\t\t\t\tborder: 2px solid #cfcfcf;\n\t\t\t}\n\t\t\t#gallery-1 .gallery-caption {\n\t\t\t\tmargin-left: 0;\n\t\t\t}\n\t\t\t\/* see gallery_shortcode() in wp-includes\/media.php *\/\n\t\t<\/style>\n\t\t<div id='gallery-1' class='gallery galleryid-6071 gallery-columns-4 gallery-size-medium'><dl class='gallery-item'>\n\t\t\t<dt class='gallery-icon landscape'>\n\t\t\t\t<a href='https:\/\/agora.xtec.cat\/iesmontbui\/batxillerat\/xerrada-den-moi-torrallardona-1r-batx\/attachment\/moi-2\/'><img loading=\"lazy\" decoding=\"async\" width=\"300\" height=\"225\" src=\"https:\/\/agora.xtec.cat\/iesmontbui\/wp-content\/uploads\/usu145\/2021\/03\/moi-2-300x225.jpeg\" class=\"attachment-medium size-medium\" alt=\"\" srcset=\"https:\/\/agora.xtec.cat\/iesmontbui\/wp-content\/uploads\/usu145\/2021\/03\/moi-2-300x225.jpeg 300w, https:\/\/agora.xtec.cat\/iesmontbui\/wp-content\/uploads\/usu145\/2021\/03\/moi-2-768x576.jpeg 768w, https:\/\/agora.xtec.cat\/iesmontbui\/wp-content\/uploads\/usu145\/2021\/03\/moi-2.jpeg 1024w, https:\/\/agora.xtec.cat\/iesmontbui\/wp-content\/uploads\/usu145\/2021\/03\/moi-2-200x150.jpeg 200w\" sizes=\"auto, (max-width: 300px) 100vw, 300px\" \/><\/a>\n\t\t\t<\/dt><\/dl><dl class='gallery-item'>\n\t\t\t<dt class='gallery-icon portrait'>\n\t\t\t\t<a href='https:\/\/agora.xtec.cat\/iesmontbui\/batxillerat\/xerrada-den-moi-torrallardona-1r-batx\/attachment\/moi-1\/'><img loading=\"lazy\" decoding=\"async\" width=\"225\" height=\"300\" src=\"https:\/\/agora.xtec.cat\/iesmontbui\/wp-content\/uploads\/usu145\/2021\/03\/moi-1-225x300.jpeg\" class=\"attachment-medium size-medium\" alt=\"\" srcset=\"https:\/\/agora.xtec.cat\/iesmontbui\/wp-content\/uploads\/usu145\/2021\/03\/moi-1-225x300.jpeg 225w, https:\/\/agora.xtec.cat\/iesmontbui\/wp-content\/uploads\/usu145\/2021\/03\/moi-1.jpeg 768w\" sizes=\"auto, (max-width: 225px) 100vw, 225px\" \/><\/a>\n\t\t\t<\/dt><\/dl><dl class='gallery-item'>\n\t\t\t<dt class='gallery-icon landscape'>\n\t\t\t\t<a href='https:\/\/agora.xtec.cat\/iesmontbui\/batxillerat\/xerrada-den-moi-torrallardona-1r-batx\/attachment\/moi-3\/'><img loading=\"lazy\" decoding=\"async\" width=\"300\" height=\"200\" src=\"https:\/\/agora.xtec.cat\/iesmontbui\/wp-content\/uploads\/usu145\/2021\/03\/moi-3-300x200.jpg\" class=\"attachment-medium size-medium\" alt=\"\" srcset=\"https:\/\/agora.xtec.cat\/iesmontbui\/wp-content\/uploads\/usu145\/2021\/03\/moi-3-300x200.jpg 300w, https:\/\/agora.xtec.cat\/iesmontbui\/wp-content\/uploads\/usu145\/2021\/03\/moi-3-768x512.jpg 768w, https:\/\/agora.xtec.cat\/iesmontbui\/wp-content\/uploads\/usu145\/2021\/03\/moi-3.jpg 1024w\" sizes=\"auto, (max-width: 300px) 100vw, 300px\" \/><\/a>\n\t\t\t<\/dt><\/dl><dl class='gallery-item'>\n\t\t\t<dt class='gallery-icon landscape'>\n\t\t\t\t<a href='https:\/\/agora.xtec.cat\/iesmontbui\/batxillerat\/xerrada-den-moi-torrallardona-1r-batx\/attachment\/moi-4\/'><img loading=\"lazy\" decoding=\"async\" width=\"300\" height=\"200\" src=\"https:\/\/agora.xtec.cat\/iesmontbui\/wp-content\/uploads\/usu145\/2021\/03\/moi-4-300x200.jpg\" class=\"attachment-medium size-medium\" alt=\"\" srcset=\"https:\/\/agora.xtec.cat\/iesmontbui\/wp-content\/uploads\/usu145\/2021\/03\/moi-4-300x200.jpg 300w, https:\/\/agora.xtec.cat\/iesmontbui\/wp-content\/uploads\/usu145\/2021\/03\/moi-4-768x512.jpg 768w, https:\/\/agora.xtec.cat\/iesmontbui\/wp-content\/uploads\/usu145\/2021\/03\/moi-4.jpg 1024w\" sizes=\"auto, (max-width: 300px) 100vw, 300px\" \/><\/a>\n\t\t\t<\/dt><\/dl><br style=\"clear: both\" \/>\n\t\t<\/div>\n\n","protected":false},"excerpt":{"rendered":"<p>El dia 25 de mar\u00e7 va vindre a 1r de Batxillerat A el Moi Torrallardona a fer una xerrada amb el tema principal de motivar als alumnes a seguir els seus objectius.<br \/>\nEns va explicar com va anar avan\u00e7ant la seva vida des de l\u2019edat dels&hellip;  <a href=\"https:\/\/agora.xtec.cat\/iesmontbui\/batxillerat\/xerrada-den-moi-torrallardona-1r-batx\/\" title=\"Read Xerrada d&#8217;en Moi Torrallardona (1r BATX)\">Llegeix m\u00e9s\u00bb<\/a><\/p>\n","protected":false},"author":66,"featured_media":6097,"comment_status":"closed","ping_status":"closed","sticky":false,"template":"","format":"standard","meta":{"_bbp_topic_count":0,"_bbp_reply_count":0,"_bbp_total_topic_count":0,"_bbp_total_reply_count":0,"_bbp_voice_count":0,"_bbp_anonymous_reply_count":0,"_bbp_topic_count_hidden":0,"_bbp_reply_count_hidden":0,"_bbp_forum_subforum_count":0,"footnotes":""},"categories":[67,341,8,119,29],"tags":[],"class_list":["post-6071","post","type-post","status-publish","format-standard","has-post-thumbnail","hentry","category-batx-1","category-batx-1a","category-batxillerat","category-depmates","category-portada"],"post_mailing_queue_ids":[],"_links":{"self":[{"href":"https:\/\/agora.xtec.cat\/iesmontbui\/wp-json\/wp\/v2\/posts\/6071","targetHints":{"allow":["GET"]}}],"collection":[{"href":"https:\/\/agora.xtec.cat\/iesmontbui\/wp-json\/wp\/v2\/posts"}],"about":[{"href":"https:\/\/agora.xtec.cat\/iesmontbui\/wp-json\/wp\/v2\/types\/post"}],"author":[{"embeddable":true,"href":"https:\/\/agora.xtec.cat\/iesmontbui\/wp-json\/wp\/v2\/users\/66"}],"replies":[{"embeddable":true,"href":"https:\/\/agora.xtec.cat\/iesmontbui\/wp-json\/wp\/v2\/comments?post=6071"}],"version-history":[{"count":2,"href":"https:\/\/agora.xtec.cat\/iesmontbui\/wp-json\/wp\/v2\/posts\/6071\/revisions"}],"predecessor-version":[{"id":6101,"href":"https:\/\/agora.xtec.cat\/iesmontbui\/wp-json\/wp\/v2\/posts\/6071\/revisions\/6101"}],"wp:featuredmedia":[{"embeddable":true,"href":"https:\/\/agora.xtec.cat\/iesmontbui\/wp-json\/wp\/v2\/media\/6097"}],"wp:attachment":[{"href":"https:\/\/agora.xtec.cat\/iesmontbui\/wp-json\/wp\/v2\/media?parent=6071"}],"wp:term":[{"taxonomy":"category","embeddable":true,"href":"https:\/\/agora.xtec.cat\/iesmontbui\/wp-json\/wp\/v2\/categories?post=6071"},{"taxonomy":"post_tag","embeddable":true,"href":"https:\/\/agora.xtec.cat\/iesmontbui\/wp-json\/wp\/v2\/tags?post=6071"}],"curies":[{"name":"wp","href":"https:\/\/api.w.org\/{rel}","templated":true}]}}