{"id":5768,"date":"2021-02-23T13:35:09","date_gmt":"2021-02-23T12:35:09","guid":{"rendered":"https:\/\/agora.xtec.cat\/iesmontbui\/?p=5768"},"modified":"2021-03-03T21:12:58","modified_gmt":"2021-03-03T20:12:58","slug":"preinscripcio-2021-2022-primeres-informacions","status":"publish","type":"post","link":"https:\/\/agora.xtec.cat\/iesmontbui\/general\/preinscripcio-2021-2022-primeres-informacions\/","title":{"rendered":"Preinscripci\u00f3 2021\/2022 &#8211; Primeres informacions"},"content":{"rendered":"<p style=\"text-align: justify;\">Aquesta setmana s&#8217;ha posat en marxa el nou web <a title=\"preinscripcio.gencat.cat\" href=\"https:\/\/preinscripcio.gencat.cat\/ca\/inici\/\" target=\"_blank\" rel=\"noopener noreferrer\" data-saferedirecturl=\"https:\/\/www.google.com\/url?q=https:\/\/preinscripcio.gencat.cat\/ca\/inici\/&amp;source=gmail&amp;ust=1613822735945000&amp;usg=AFQjCNFMxo_PbTPBUJcN0Tgp_7RXVzrUXA\"><strong><span class=\"il\">preinscripcio<\/span>.gencat.cat<\/strong><\/a>, que neix de la voluntat d\u2019acompanyar les fam\u00edlies durant el proc\u00e9s de <span class=\"il\">preinscripci\u00f3<\/span> 2021-2022 als ensenyaments obligatoris, ja que enguany el procediment ser\u00e0 totalment telem\u00e0tic.<\/p>\n<p style=\"text-align: justify;\">El nou web \u00e9s responsiu i, per tant,\u00a0<strong>es pot consultar des de qualsevol dispositiu m\u00f2bil<\/strong>. Aquest portal presenta els continguts redactats en un llenguatge planer i\u00a0<strong>inclou un ampli centre de suport per a cadascun dels estudis<\/strong>. En aquest espai es poden trobar podcasts, v\u00eddeos, un glossari, i tamb\u00e9 un ampli apartat de preguntes m\u00e9s freq\u00fcents, on es dona resposta als dubtes que es plantegen les fam\u00edlies m\u00e9s sovint a l\u2019hora de formalitzar la\u00a0<span class=\"il\">preinscripci\u00f3<\/span>\u00a0dels seus fills i filles.\u00a0A m\u00e9s, incorpora al men\u00fa superior un bot\u00f3 de traducci\u00f3 autom\u00e0tica, que permet navegar per tot el web en catal\u00e0, castell\u00e0, i altres lleng\u00fces.<\/p>\n<p style=\"text-align: justify;\">El portal web <a title=\"preinscripcio.gencat.cat\" href=\"https:\/\/preinscripcio.gencat.cat\/ca\/estudis\/eso\/inici\/\" target=\"_blank\" rel=\"noopener noreferrer\" data-saferedirecturl=\"https:\/\/www.google.com\/url?q=https:\/\/preinscripcio.gencat.cat\/ca\/inici\/&amp;source=gmail&amp;ust=1613822735945000&amp;usg=AFQjCNFMxo_PbTPBUJcN0Tgp_7RXVzrUXA\"><strong><span class=\"il\">preinscripcio<\/span>.gencat.cat<\/strong><\/a> de secund\u00e0ria mostra pas a pas com ser\u00e0 la preinscripci\u00f3. De moment hi ha actiu ja l&#8217;apartat &#8220;Abans de la preinscripci\u00f3&#8221;, on mostra ja els passos que caldr\u00e0 seguir i tamb\u00e9 la documentaci\u00f3 que necessitar\u00e0s el dia de formalitzar la matr\u00edcula. Sobretot, \u00e9s molt interessant l&#8217;<a href=\"https:\/\/preinscripcio.gencat.cat\/ca\/estudis\/eso\/ajuda\/pindoles-multimedia\/\">apartat d&#8217;ajuda a trav\u00e9s de v\u00eddeos i podcast<\/a>, on podr\u00e0s escoltar el proc\u00e9s com si d&#8217;un programa de r\u00e0dio es tract\u00e9s.<\/p>\n<p>Us adjuntem aqu\u00ed un dels v\u00eddeos que fa una explicaci\u00f3 general del proc\u00e9s:<\/p>\n<p><iframe loading=\"lazy\" src=\"https:\/\/www.youtube.com\/embed\/7Jz8gYBFCFM\" width=\"560\" height=\"315\" frameborder=\"0\"><\/iframe><\/p>\n<p>Les dates previstes per a la<strong>\u00a0presentaci\u00f3 de sol\u00b7licituds<\/strong>\u00a0del proc\u00e9s de\u00a0<span class=\"il\">preinscripci\u00f3<\/span> per al curs escolar 2021-2022 s\u00f3n:<\/p>\n<ul>\n<li><strong>Educaci\u00f3 secund\u00e0ria obligat\u00f2ria:<\/strong>\u00a0del 17 al 24 de mar\u00e7 de 2021<\/li>\n<li><strong>Batxillerat i cicles de grau mitj\u00e0 de formaci\u00f3 professional i d&#8217;arts pl\u00e0stiques i disseny<\/strong>:\u00a0de l&#8217;11 al 17 de maig de 2021<\/li>\n<li><strong>PFI: Programa de Formaci\u00f3 i Inserci\u00f3 &#8220;Auxiliar en Serveis Administratius&#8221;<\/strong>: del 10 al 21 de maig de 2021<\/li>\n<\/ul>\n<p>&nbsp;<\/p>\n","protected":false},"excerpt":{"rendered":"<p>Aquesta setmana s&#8217;ha posat en marxa el nou web <a title=\"preinscripcio.gencat.cat\" href=\"https:\/\/preinscripcio.gencat.cat\/ca\/inici\/\" target=\"_blank\" rel=\"noopener noreferrer\" data-saferedirecturl=\"https:\/\/www.google.com\/url?q=https:\/\/preinscripcio.gencat.cat\/ca\/inici\/&amp;source=gmail&amp;ust=1613822735945000&amp;usg=AFQjCNFMxo_PbTPBUJcN0Tgp_7RXVzrUXA\">preinscripcio.gencat.cat<\/a>, que neix de la voluntat d\u2019acompanyar les fam\u00edlies durant el proc\u00e9s de preinscripci\u00f3 2021-2022 als ensenyaments obligatoris, ja que enguany el procediment ser\u00e0 totalment telem\u00e0tic.<br \/>\nEl nou web \u00e9s responsiu&hellip;  <a href=\"https:\/\/agora.xtec.cat\/iesmontbui\/general\/preinscripcio-2021-2022-primeres-informacions\/\" title=\"Read Preinscripci\u00f3 2021\/2022 &#8211; Primeres informacions\">Llegeix m\u00e9s\u00bb<\/a><\/p>\n","protected":false},"author":1,"featured_media":5835,"comment_status":"open","ping_status":"closed","sticky":false,"template":"","format":"standard","meta":{"_bbp_topic_count":0,"_bbp_reply_count":0,"_bbp_total_topic_count":0,"_bbp_total_reply_count":0,"_bbp_voice_count":0,"_bbp_anonymous_reply_count":0,"_bbp_topic_count_hidden":0,"_bbp_reply_count_hidden":0,"_bbp_forum_subforum_count":0,"footnotes":""},"categories":[1,29],"tags":[],"class_list":["post-5768","post","type-post","status-publish","format-standard","has-post-thumbnail","hentry","category-general","category-portada"],"post_mailing_queue_ids":[],"_links":{"self":[{"href":"https:\/\/agora.xtec.cat\/iesmontbui\/wp-json\/wp\/v2\/posts\/5768","targetHints":{"allow":["GET"]}}],"collection":[{"href":"https:\/\/agora.xtec.cat\/iesmontbui\/wp-json\/wp\/v2\/posts"}],"about":[{"href":"https:\/\/agora.xtec.cat\/iesmontbui\/wp-json\/wp\/v2\/types\/post"}],"author":[{"embeddable":true,"href":"https:\/\/agora.xtec.cat\/iesmontbui\/wp-json\/wp\/v2\/users\/1"}],"replies":[{"embeddable":true,"href":"https:\/\/agora.xtec.cat\/iesmontbui\/wp-json\/wp\/v2\/comments?post=5768"}],"version-history":[{"count":3,"href":"https:\/\/agora.xtec.cat\/iesmontbui\/wp-json\/wp\/v2\/posts\/5768\/revisions"}],"predecessor-version":[{"id":5794,"href":"https:\/\/agora.xtec.cat\/iesmontbui\/wp-json\/wp\/v2\/posts\/5768\/revisions\/5794"}],"wp:featuredmedia":[{"embeddable":true,"href":"https:\/\/agora.xtec.cat\/iesmontbui\/wp-json\/wp\/v2\/media\/5835"}],"wp:attachment":[{"href":"https:\/\/agora.xtec.cat\/iesmontbui\/wp-json\/wp\/v2\/media?parent=5768"}],"wp:term":[{"taxonomy":"category","embeddable":true,"href":"https:\/\/agora.xtec.cat\/iesmontbui\/wp-json\/wp\/v2\/categories?post=5768"},{"taxonomy":"post_tag","embeddable":true,"href":"https:\/\/agora.xtec.cat\/iesmontbui\/wp-json\/wp\/v2\/tags?post=5768"}],"curies":[{"name":"wp","href":"https:\/\/api.w.org\/{rel}","templated":true}]}}