{"id":5715,"date":"2021-02-19T18:44:18","date_gmt":"2021-02-19T17:44:18","guid":{"rendered":"https:\/\/agora.xtec.cat\/iesmontbui\/?p=5715"},"modified":"2021-03-07T22:59:17","modified_gmt":"2021-03-07T21:59:17","slug":"comunicat-conjunt-ajuntament-i-ins-montbui","status":"publish","type":"post","link":"https:\/\/agora.xtec.cat\/iesmontbui\/general\/comunicat-conjunt-ajuntament-i-ins-montbui\/","title":{"rendered":"Comunicat conjunt Ajuntament i INS Montbui"},"content":{"rendered":"<p style=\"text-align: justify;\"><span style=\"font-weight: 400;\">L\u2019Ajuntament de Santa Margarida de Montbui, l\u2019Institut Montbui, la Direcci\u00f3 dels Serveis territorials del Departament d\u2019Educaci\u00f3 i el Servei de vigil\u00e0ncia epidemiol\u00f2gica del Departament de Salut de la Generalitat de Catalunya aquest mat\u00ed han tingut una nova reuni\u00f3 de seguiment per continuar coordinant les accions respecte a la situaci\u00f3 epidemiol\u00f2gica del nostre municipi.\u00a0<\/span><\/p>\n<p style=\"text-align: justify;\"><span style=\"font-weight: 400;\">Avui s\u2019han conegut les dades del cribratge preventiu realitzat el passat dimecres 17 de febrer a l\u2019Institut Montbui als alumnes dels 12 grups que no estaven confinats. S\u2019han detectat 6 casos positius a la prova PCR, que afegits als que ja hi havia, dona un total de 68 positius (un 9,02 % del total d\u2019alumnes i personal docent del centre: 614 persones).\u00a0<\/span><\/p>\n<p style=\"text-align: justify;\"><span style=\"font-weight: 400;\">Pel que fa al nombre de grups confinats, la situaci\u00f3 actual \u00e9s de 15 sobre un total de 23 grups. D\u2019aquests, la setmana vinent es reincorporaran al centre -despr\u00e9s d\u2019haver complert els catorze dies de quarantena- 9 grups d\u2019ESO: dilluns (1r A i 2n D), dimarts (2n B i 4t C), dijous (2n A, 4t A, B i D) i divendres (1r E).\u00a0<\/span><\/p>\n<p style=\"text-align: justify;\"><span style=\"font-weight: 400;\">En tot moment s\u2019han activat els protocols establerts amb la finalitat de trencar les cadenes de transmissi\u00f3, considerant com a contactes estrets a tots els alumnes dels grups amb algun alumne\/a PCR+.\u00a0<\/span><\/p>\n<p style=\"text-align: justify;\"><span style=\"font-weight: 400;\">Entre d\u2019altres, les mesures preses han estat:\u00a0<\/span><\/p>\n<ul style=\"text-align: justify;\">\n<li><span style=\"font-weight: 400;\">Realitzaci\u00f3 de cribratges per detectar casos asimptom\u00e0tics.\u00a0<\/span><\/li>\n<li><span style=\"font-weight: 400;\">Insistir en el compliment de les mesures sanit\u00e0ries, d\u2019higiene i neteja tant en el centre com en el dia a dia dels montbuiencs i montbuienques.\u00a0<\/span><\/li>\n<li><span style=\"font-weight: 400;\">Seguiment i vigil\u00e0ncia -a trav\u00e9s de Serveis Socials i la Policia Local- del compliment de les quarantenes.\u00a0<\/span><\/li>\n<li><span style=\"font-weight: 400;\">Continuar amb les classes presencials -grups no confinats- i telem\u00e0tiques -grups confinats- per afavorir el desenvolupament personal i social dels joves.\u00a0<\/span><\/li>\n<\/ul>\n<p style=\"text-align: justify;\"><span style=\"font-weight: 400;\">Ara mateix, probablement ens trobem en el punt d\u2019inflexi\u00f3 d\u2019aquest brot, tot i que no cal descartar la possibilitat que apareguin m\u00e9s PCR+ durant els pr\u00f2xims dies.\u00a0<\/span><\/p>\n<p style=\"text-align: justify;\"><span style=\"font-weight: 400;\">Fem una crida al sentit com\u00fa i a la responsabilitat de totes les persones afectades, per tal de continuar respectant els protocols i els per\u00edodes de quarantena recomanats per les autoritats sanit\u00e0ries. Nom\u00e9s amb la responsabilitat col\u00b7lectiva aconseguirem v\u00e8ncer aquesta complexa situaci\u00f3.\u00a0<\/span><\/p>\n<p style=\"text-align: justify;\"><span style=\"font-weight: 400;\">Com sempre, a Montbui continuarem treballant per una educaci\u00f3 p\u00fablica, segura, i de qualitat. <\/span><\/p>\n<p style=\"text-align: right;\"><span style=\"font-weight: 400;\">Santa Margarida de Montbui, 19 febrer de 2021<\/span><\/p>\n","protected":false},"excerpt":{"rendered":"<p>L\u2019Ajuntament de Santa Margarida de Montbui, l\u2019Institut Montbui, la Direcci\u00f3 dels Serveis territorials del Departament d\u2019Educaci\u00f3 i el Servei de vigil\u00e0ncia epidemiol\u00f2gica del Departament de Salut de la Generalitat de Catalunya aquest mat\u00ed han tingut una nova reuni\u00f3 de seguiment per continuar coordinant les accions&hellip;  <a href=\"https:\/\/agora.xtec.cat\/iesmontbui\/general\/comunicat-conjunt-ajuntament-i-ins-montbui\/\" title=\"Read Comunicat conjunt Ajuntament i INS Montbui\">Llegeix m\u00e9s\u00bb<\/a><\/p>\n","protected":false},"author":66,"featured_media":5716,"comment_status":"closed","ping_status":"closed","sticky":false,"template":"","format":"standard","meta":{"_bbp_topic_count":0,"_bbp_reply_count":0,"_bbp_total_topic_count":0,"_bbp_total_reply_count":0,"_bbp_voice_count":0,"_bbp_anonymous_reply_count":0,"_bbp_topic_count_hidden":0,"_bbp_reply_count_hidden":0,"_bbp_forum_subforum_count":0,"footnotes":""},"categories":[98,1,29],"tags":[],"class_list":["post-5715","post","type-post","status-publish","format-standard","has-post-thumbnail","hentry","category-comunicats","category-general","category-portada"],"post_mailing_queue_ids":[],"_links":{"self":[{"href":"https:\/\/agora.xtec.cat\/iesmontbui\/wp-json\/wp\/v2\/posts\/5715","targetHints":{"allow":["GET"]}}],"collection":[{"href":"https:\/\/agora.xtec.cat\/iesmontbui\/wp-json\/wp\/v2\/posts"}],"about":[{"href":"https:\/\/agora.xtec.cat\/iesmontbui\/wp-json\/wp\/v2\/types\/post"}],"author":[{"embeddable":true,"href":"https:\/\/agora.xtec.cat\/iesmontbui\/wp-json\/wp\/v2\/users\/66"}],"replies":[{"embeddable":true,"href":"https:\/\/agora.xtec.cat\/iesmontbui\/wp-json\/wp\/v2\/comments?post=5715"}],"version-history":[{"count":1,"href":"https:\/\/agora.xtec.cat\/iesmontbui\/wp-json\/wp\/v2\/posts\/5715\/revisions"}],"predecessor-version":[{"id":5717,"href":"https:\/\/agora.xtec.cat\/iesmontbui\/wp-json\/wp\/v2\/posts\/5715\/revisions\/5717"}],"wp:featuredmedia":[{"embeddable":true,"href":"https:\/\/agora.xtec.cat\/iesmontbui\/wp-json\/wp\/v2\/media\/5716"}],"wp:attachment":[{"href":"https:\/\/agora.xtec.cat\/iesmontbui\/wp-json\/wp\/v2\/media?parent=5715"}],"wp:term":[{"taxonomy":"category","embeddable":true,"href":"https:\/\/agora.xtec.cat\/iesmontbui\/wp-json\/wp\/v2\/categories?post=5715"},{"taxonomy":"post_tag","embeddable":true,"href":"https:\/\/agora.xtec.cat\/iesmontbui\/wp-json\/wp\/v2\/tags?post=5715"}],"curies":[{"name":"wp","href":"https:\/\/api.w.org\/{rel}","templated":true}]}}