{"id":5701,"date":"2021-02-17T22:24:02","date_gmt":"2021-02-17T21:24:02","guid":{"rendered":"https:\/\/agora.xtec.cat\/iesmontbui\/?p=5701"},"modified":"2021-03-07T22:59:34","modified_gmt":"2021-03-07T21:59:34","slug":"carta-de-la-directora-sobre-el-cribratge-preventiu","status":"publish","type":"post","link":"https:\/\/agora.xtec.cat\/iesmontbui\/general\/carta-de-la-directora-sobre-el-cribratge-preventiu\/","title":{"rendered":"Carta de la Directora sobre el cribratge preventiu"},"content":{"rendered":"<p dir=\"ltr\">Benvolgudes fam\u00edlies,<\/p>\n<p>Com sabeu avui hem fet cribratge a tothom: alumnes i personal que passa pel centre, amb agra\u00efment als sanitaris que ho han fet possible. La nostra m\u00e9s gran preocupaci\u00f3 \u00e9s el benestar de la comunitat.<\/p>\n<p>Malauradament avui tamb\u00e9 estem de dol, molts hem perdut algun \u00e9sser estimat en aquesta pand\u00e8mia, i ens amo\u00efna que aquest brot sembla que afecta m\u00e9s greument els adolescents. Per tant, si seguim endavant \u00e9s molt a consci\u00e8ncia:<\/p>\n<p style=\"text-align: justify;\">Ja en la circular que vam publicar us vam dir que en tot moment seguim les indicacions de les autoritats sanit\u00e0ries i educatives i nosaltres no decidim si es tanca l&#8217;institut. Nosaltres posem els mitjans per procurar que se segueixen les mesures sanit\u00e0ries, d&#8217;higiene i neteja i procurem educar en la conscienciaci\u00f3 de la import\u00e0ncia de les mateixes.<\/p>\n<p style=\"text-align: justify;\">En reuni\u00f3 amb les autoritats sanit\u00e0ries, educatives i l&#8217;Ajuntament es van decidir les mesures a prendre: en primer lloc el cribratge, en segon el seguiment de les classes, ja que \u00e9s la manera de continuar tenint els joves ocupats, pel seu propi desenvolupament personal i social, i educant en el seguiment de les mesures sanit\u00e0ries (higiene, dist\u00e0ncia i mascareta). Tamb\u00e9 \u00e9s la manera que permet que els m\u00e9s febles puguin continuar tenint les mateixes oportunitats educatives. En tercer lloc les mesures a nivell municipal per aconseguir que se segueixin els confinaments, que aquesta \u00e9s una gran preocupaci\u00f3 de tots plegats i una via de contacte i d&#8217;ajuda entre l&#8217;Ajuntament i les fam\u00edlies s\u00f3n els mateixos centres escolars.<\/p>\n<p style=\"text-align: justify;\">Com segurament sabeu posem tamb\u00e9 el m\u00e0xim esfor\u00e7 en el seguiment telem\u00e0tic dels grups confinats, \u00e9s per tot aix\u00f2 que us demanem que ens feu confian\u00e7a, que seguiu sobretot les mesures de confinament que us expliquem i que rebutgem i apel\u00b7lem a la consci\u00e8ncia\u00a0 d&#8217;aquells que irresponsablement no les segueixen.<\/p>\n<p style=\"text-align: justify;\">Moltes gr\u00e0cies per la vostra comprensi\u00f3,<\/p>\n<p>Eva Raich, Directora INS Montbui<\/p>\n","protected":false},"excerpt":{"rendered":"<p>Benvolgudes fam\u00edlies,<br \/>\nCom sabeu avui hem fet cribratge a tothom: alumnes i personal que passa pel centre, amb agra\u00efment als sanitaris que ho han fet possible. La nostra m\u00e9s gran preocupaci\u00f3 \u00e9s el benestar de la comunitat.<br \/>\nMalauradament avui tamb\u00e9 estem de dol, molts hem perdut algun&hellip;  <a href=\"https:\/\/agora.xtec.cat\/iesmontbui\/general\/carta-de-la-directora-sobre-el-cribratge-preventiu\/\" title=\"Read Carta de la Directora sobre el cribratge preventiu\">Llegeix m\u00e9s\u00bb<\/a><\/p>\n","protected":false},"author":66,"featured_media":5702,"comment_status":"closed","ping_status":"closed","sticky":false,"template":"","format":"standard","meta":{"_bbp_topic_count":0,"_bbp_reply_count":0,"_bbp_total_topic_count":0,"_bbp_total_reply_count":0,"_bbp_voice_count":0,"_bbp_anonymous_reply_count":0,"_bbp_topic_count_hidden":0,"_bbp_reply_count_hidden":0,"_bbp_forum_subforum_count":0,"footnotes":""},"categories":[8,98,3,1,62,339,29],"tags":[],"class_list":["post-5701","post","type-post","status-publish","format-standard","has-post-thumbnail","hentry","category-batxillerat","category-comunicats","category-eso","category-general","category-orgacentre","category-pfi","category-portada"],"post_mailing_queue_ids":[],"_links":{"self":[{"href":"https:\/\/agora.xtec.cat\/iesmontbui\/wp-json\/wp\/v2\/posts\/5701","targetHints":{"allow":["GET"]}}],"collection":[{"href":"https:\/\/agora.xtec.cat\/iesmontbui\/wp-json\/wp\/v2\/posts"}],"about":[{"href":"https:\/\/agora.xtec.cat\/iesmontbui\/wp-json\/wp\/v2\/types\/post"}],"author":[{"embeddable":true,"href":"https:\/\/agora.xtec.cat\/iesmontbui\/wp-json\/wp\/v2\/users\/66"}],"replies":[{"embeddable":true,"href":"https:\/\/agora.xtec.cat\/iesmontbui\/wp-json\/wp\/v2\/comments?post=5701"}],"version-history":[{"count":1,"href":"https:\/\/agora.xtec.cat\/iesmontbui\/wp-json\/wp\/v2\/posts\/5701\/revisions"}],"predecessor-version":[{"id":5703,"href":"https:\/\/agora.xtec.cat\/iesmontbui\/wp-json\/wp\/v2\/posts\/5701\/revisions\/5703"}],"wp:featuredmedia":[{"embeddable":true,"href":"https:\/\/agora.xtec.cat\/iesmontbui\/wp-json\/wp\/v2\/media\/5702"}],"wp:attachment":[{"href":"https:\/\/agora.xtec.cat\/iesmontbui\/wp-json\/wp\/v2\/media?parent=5701"}],"wp:term":[{"taxonomy":"category","embeddable":true,"href":"https:\/\/agora.xtec.cat\/iesmontbui\/wp-json\/wp\/v2\/categories?post=5701"},{"taxonomy":"post_tag","embeddable":true,"href":"https:\/\/agora.xtec.cat\/iesmontbui\/wp-json\/wp\/v2\/tags?post=5701"}],"curies":[{"name":"wp","href":"https:\/\/api.w.org\/{rel}","templated":true}]}}