{"id":562,"date":"2016-03-02T12:30:05","date_gmt":"2016-03-02T11:30:05","guid":{"rendered":"http:\/\/agora.xtec.cat\/iesmontbui\/?p=562"},"modified":"2016-03-02T12:30:22","modified_gmt":"2016-03-02T11:30:22","slug":"calendari-preinscripcio-eso","status":"publish","type":"post","link":"https:\/\/agora.xtec.cat\/iesmontbui\/general\/calendari-preinscripcio-eso\/","title":{"rendered":"Calendari preinscripci\u00f3 ESO"},"content":{"rendered":"<p><a href=\"http:\/\/agora.xtec.cat\/iesmontbui\/wp-content\/uploads\/usu145\/2016\/03\/generalitat_de_catalunya.jpg\"><img loading=\"lazy\" decoding=\"async\" class=\"alignnone  wp-image-563\" src=\"http:\/\/agora.xtec.cat\/iesmontbui\/wp-content\/uploads\/usu145\/2016\/03\/generalitat_de_catalunya.jpg\" alt=\"generalitat_de_catalunya\" width=\"191\" height=\"58\" srcset=\"https:\/\/agora.xtec.cat\/iesmontbui\/wp-content\/uploads\/usu145\/2016\/03\/generalitat_de_catalunya.jpg 759w, https:\/\/agora.xtec.cat\/iesmontbui\/wp-content\/uploads\/usu145\/2016\/03\/generalitat_de_catalunya-300x91.jpg 300w\" sizes=\"auto, (max-width: 191px) 100vw, 191px\" \/><\/a><\/p>\n<p><strong>Institut Montbui<\/strong><\/p>\n<p>C\/ de la Merc\u00e8, 9<\/p>\n<p>08710-Santa Margarida de Montbui Tel\u00e8fon 93.805.60.59<\/p>\n<table width=\"619\">\n<tbody>\n<tr>\n<td colspan=\"2\" width=\"212\"><strong>CALENDARI DE <\/strong><\/td>\n<td colspan=\"2\" width=\"364\"><strong><u>PREINSCRIPCI\u00d3<\/u><\/strong><strong> I <u>MATRICULACI\u00d3<\/u><\/strong><\/td>\n<td rowspan=\"2\" width=\"43\"><\/td>\n<\/tr>\n<tr>\n<td width=\"168\"><strong>A <\/strong><\/td>\n<td colspan=\"2\" width=\"96\"><strong><u>L\u2019ESO<\/u><\/strong><\/td>\n<td width=\"312\"><strong> CURS <\/strong><strong>2016-2017<\/strong><\/td>\n<\/tr>\n<tr>\n<td width=\"168\"><\/td>\n<td width=\"44\"><\/td>\n<td width=\"52\"><\/td>\n<td width=\"312\"><\/td>\n<td width=\"43\"><\/td>\n<\/tr>\n<\/tbody>\n<\/table>\n<table width=\"611\">\n<tbody>\n<tr>\n<td width=\"305\"><strong><u>Proc\u00e9s de preinscripci\u00f3 i<\/u><\/strong><strong> <u>matriculaci\u00f3<\/u> <\/strong><\/td>\n<td width=\"305\"><strong><u>Dates<\/u><\/strong><\/td>\n<\/tr>\n<tr>\n<td width=\"305\">Presentaci\u00f3 de sol\u00b7licituds<\/td>\n<td width=\"305\">Del 30 de mar\u00e7 al 7 d\u2019abril<\/td>\n<\/tr>\n<tr>\n<td width=\"305\">Publicaci\u00f3 llistes amb el barem provisional<\/td>\n<td width=\"305\">15 d\u2019abril<\/td>\n<\/tr>\n<tr>\n<td width=\"305\">Reclamacions a les llistes del barem<\/td>\n<td width=\"305\">Del 15 al 20 d\u2019abril<\/td>\n<\/tr>\n<tr>\n<td width=\"305\">Resoluci\u00f3 de reclamacions<\/td>\n<td width=\"305\">21 d\u2019abril<\/td>\n<\/tr>\n<tr>\n<td width=\"305\">Publicaci\u00f3 llista nou barem una vegada resoltes les reclamacions<\/td>\n<td width=\"305\">25 d\u2019abril<\/td>\n<\/tr>\n<tr>\n<td width=\"305\">Publicaci\u00f3 llistes definitives Alumnat adm\u00e8s<\/td>\n<td width=\"305\">20 de maig<\/td>\n<\/tr>\n<tr>\n<td width=\"305\">Per\u00edode de matriculaci\u00f3(1r d\u2019ESO)<\/td>\n<td width=\"305\">Del 13 al 17 juny<\/td>\n<\/tr>\n<tr>\n<td width=\"305\">Per\u00edode de matriculaci\u00f3 (2n, 3r i 4t d\u2019ESO)<\/td>\n<td width=\"305\">Del 27 de juny a l\u20191 de juliol<\/td>\n<\/tr>\n<tr>\n<td width=\"305\">Per\u00edode de matricula extraordin\u00e0ria (ex\u00e0mens desetembre)<\/td>\n<td width=\"305\">Del 7 al 9 de setembre<\/td>\n<\/tr>\n<\/tbody>\n<\/table>\n<p>Santa Margarida de Montbui, mar\u00e7 de 2016.<\/p>\n<p>La direcci\u00f3<\/p>\n","protected":false},"excerpt":{"rendered":"<p><a href=\"http:\/\/agora.xtec.cat\/iesmontbui\/wp-content\/uploads\/usu145\/2016\/03\/generalitat_de_catalunya.jpg\"><\/a><br \/>\nInstitut Montbui<br \/>\nC\/ de la Merc\u00e8, 9<br \/>\n08710-Santa Margarida de Montbui Tel\u00e8fon 93.805.60.59<\/p>\n<p>CALENDARI DE<br \/>\nPREINSCRIPCI\u00d3 I MATRICULACI\u00d3<\/p>\n<p>A<br \/>\nL\u2019ESO<br \/>\n CURS 2016-2017<\/p>\n<p>Proc\u00e9s de preinscripci\u00f3 i matriculaci\u00f3<br \/>\nDates<\/p>\n<p>Presentaci\u00f3 de sol\u00b7licituds<br \/>\nDel 30 de mar\u00e7 al 7 d\u2019abril<\/p>\n<p>Publicaci\u00f3 llistes amb el barem provisional<br \/>\n15 d\u2019abril<\/p>\n<p>Reclamacions a les llistes del barem<br \/>\nDel 15 al&hellip;  <a href=\"https:\/\/agora.xtec.cat\/iesmontbui\/general\/calendari-preinscripcio-eso\/\" title=\"Read Calendari preinscripci\u00f3 ESO\">Llegeix m\u00e9s\u00bb<\/a><\/p>\n","protected":false},"author":1,"featured_media":570,"comment_status":"open","ping_status":"open","sticky":false,"template":"","format":"standard","meta":{"_bbp_topic_count":0,"_bbp_reply_count":0,"_bbp_total_topic_count":0,"_bbp_total_reply_count":0,"_bbp_voice_count":0,"_bbp_anonymous_reply_count":0,"_bbp_topic_count_hidden":0,"_bbp_reply_count_hidden":0,"_bbp_forum_subforum_count":0,"footnotes":""},"categories":[1,29],"tags":[],"class_list":["post-562","post","type-post","status-publish","format-standard","has-post-thumbnail","hentry","category-general","category-portada"],"post_mailing_queue_ids":[],"_links":{"self":[{"href":"https:\/\/agora.xtec.cat\/iesmontbui\/wp-json\/wp\/v2\/posts\/562","targetHints":{"allow":["GET"]}}],"collection":[{"href":"https:\/\/agora.xtec.cat\/iesmontbui\/wp-json\/wp\/v2\/posts"}],"about":[{"href":"https:\/\/agora.xtec.cat\/iesmontbui\/wp-json\/wp\/v2\/types\/post"}],"author":[{"embeddable":true,"href":"https:\/\/agora.xtec.cat\/iesmontbui\/wp-json\/wp\/v2\/users\/1"}],"replies":[{"embeddable":true,"href":"https:\/\/agora.xtec.cat\/iesmontbui\/wp-json\/wp\/v2\/comments?post=562"}],"version-history":[{"count":2,"href":"https:\/\/agora.xtec.cat\/iesmontbui\/wp-json\/wp\/v2\/posts\/562\/revisions"}],"predecessor-version":[{"id":571,"href":"https:\/\/agora.xtec.cat\/iesmontbui\/wp-json\/wp\/v2\/posts\/562\/revisions\/571"}],"wp:featuredmedia":[{"embeddable":true,"href":"https:\/\/agora.xtec.cat\/iesmontbui\/wp-json\/wp\/v2\/media\/570"}],"wp:attachment":[{"href":"https:\/\/agora.xtec.cat\/iesmontbui\/wp-json\/wp\/v2\/media?parent=562"}],"wp:term":[{"taxonomy":"category","embeddable":true,"href":"https:\/\/agora.xtec.cat\/iesmontbui\/wp-json\/wp\/v2\/categories?post=562"},{"taxonomy":"post_tag","embeddable":true,"href":"https:\/\/agora.xtec.cat\/iesmontbui\/wp-json\/wp\/v2\/tags?post=562"}],"curies":[{"name":"wp","href":"https:\/\/api.w.org\/{rel}","templated":true}]}}