{"id":5594,"date":"2021-01-11T09:53:22","date_gmt":"2021-01-11T08:53:22","guid":{"rendered":"https:\/\/agora.xtec.cat\/iesmontbui\/?p=5594"},"modified":"2021-01-27T20:31:04","modified_gmt":"2021-01-27T19:31:04","slug":"cursos-dacollida-en-linia","status":"publish","type":"post","link":"https:\/\/agora.xtec.cat\/iesmontbui\/general\/cursos-dacollida-en-linia\/","title":{"rendered":"Cursos d&#8217;Acollida en l\u00ednia"},"content":{"rendered":"<div>us informem que\u00a0<b>a partir del 25 de gener i fins el 18 de maig,\u00a0<\/b>el Consell Comarcal de l&#8217;Anoia, en col\u00b7laboraci\u00f3 amb l&#8217;entitat Arrels i Branques per a la cooperaci\u00f3 al desenvolupament, organitzar\u00e0 diversos cursos d&#8217;acollida\u00a0<b>adre\u00e7ats a persones immigrades estrangeres majors de 16 anys\u00a0<\/b>empadronades a la comarca.<\/div>\n<div><\/div>\n<div>El\u00a0<u>circuit de formaci\u00f3<\/u>\u00a0estar\u00e0 format per:<\/div>\n<div>\n<ul>\n<li>Un curs de catal\u00e0 de 90 hores (m\u00f2dul A).<\/li>\n<li>Un curs de coneixement de la societat catalana de 15 hores (m\u00f2dul C).<\/li>\n<li>Un curs de coneixements laborals de 15 hores (m\u00f2dul B).<\/li>\n<li>Un curs de prevenci\u00f3 de viol\u00e8ncies masclistes de 15 hores (m\u00f2dul D) o un curs de compet\u00e8ncies digitals (m\u00f2dul T) de 15 hores.<\/li>\n<\/ul>\n<div>L&#8217;alumnat podr\u00e0 triar entre tres franges hor\u00e0ries diferents per fer les formacions (de 9:30h a 11:30h, de 15h a 17h i de 18:30h a 20:30h).<\/div>\n<div><\/div>\n<div>Les persones que acreditin l&#8217;assist\u00e8ncia a tots els m\u00f2duls podran obtenir el\u00a0<b>CERTIFICAT D&#8217;ACOLLIDA<\/b>, un\u00a0<b>document v\u00e0lid de a tr\u00e0mits d&#8217;estrangeria (arrelament social, renovacions de permisos) i nacionalitat.<\/b><\/div>\n<div><b>\u00a0<\/b><\/div>\n<div><b>Donada la situaci\u00f3 sanit\u00e0ria, els cursos es faran de forma VIRTUAL.<\/b><\/div>\n<div><b>\u00a0<\/b><\/div>\n<div>Les<b>\u00a0inscripcions\u00a0<\/b>es podran realitzar\u00a0<b>a partir del dia 4 de gener de 2021\u00a0<\/b>a trav\u00e9s de l&#8217;adre\u00e7a:\u00a0<b><a href=\"mailto:acollida@anoia.cat\" target=\"_blank\" rel=\"noopener noreferrer\">acollida@anoia.cat<\/a><\/b>\u00a0(<wbr \/>indicant el nom, cognoms, tel\u00e8fon i n\u00ba de NIE o passaport).<\/div>\n<div><\/div>\n<div>Podeu consultar el cartell informatiu fent clic al <a href=\"https:\/\/agora.xtec.cat\/iesmontbui\/wp-content\/uploads\/usu145\/2021\/01\/Cartell-difusi\u00f3-cursos-acollida-en-l\u00ednia-2021v2.pdf\">enlla\u00e7 seg\u00fcent<\/a>.<\/div>\n<div style=\"text-align: right;\"><strong>Consell Comarcal de l&#8217;Anoia<\/strong><\/div>\n<\/div>\n","protected":false},"excerpt":{"rendered":"<p>us informem que\u00a0a partir del 25 de gener i fins el 18 de maig,\u00a0el Consell Comarcal de l&#8217;Anoia, en col\u00b7laboraci\u00f3 amb l&#8217;entitat Arrels i Branques per a la cooperaci\u00f3 al desenvolupament, organitzar\u00e0 diversos cursos d&#8217;acollida\u00a0adre\u00e7ats a persones immigrades estrangeres majors de 16 anys\u00a0empadronades a la&hellip;  <a href=\"https:\/\/agora.xtec.cat\/iesmontbui\/general\/cursos-dacollida-en-linia\/\" title=\"Read Cursos d&#8217;Acollida en l\u00ednia\">Llegeix m\u00e9s\u00bb<\/a><\/p>\n","protected":false},"author":66,"featured_media":5596,"comment_status":"open","ping_status":"closed","sticky":false,"template":"","format":"standard","meta":{"_bbp_topic_count":0,"_bbp_reply_count":0,"_bbp_total_topic_count":0,"_bbp_total_reply_count":0,"_bbp_voice_count":0,"_bbp_anonymous_reply_count":0,"_bbp_topic_count_hidden":0,"_bbp_reply_count_hidden":0,"_bbp_forum_subforum_count":0,"footnotes":""},"categories":[65,1,29],"tags":[],"class_list":["post-5594","post","type-post","status-publish","format-standard","has-post-thumbnail","hentry","category-estudis","category-general","category-portada"],"post_mailing_queue_ids":[],"_links":{"self":[{"href":"https:\/\/agora.xtec.cat\/iesmontbui\/wp-json\/wp\/v2\/posts\/5594","targetHints":{"allow":["GET"]}}],"collection":[{"href":"https:\/\/agora.xtec.cat\/iesmontbui\/wp-json\/wp\/v2\/posts"}],"about":[{"href":"https:\/\/agora.xtec.cat\/iesmontbui\/wp-json\/wp\/v2\/types\/post"}],"author":[{"embeddable":true,"href":"https:\/\/agora.xtec.cat\/iesmontbui\/wp-json\/wp\/v2\/users\/66"}],"replies":[{"embeddable":true,"href":"https:\/\/agora.xtec.cat\/iesmontbui\/wp-json\/wp\/v2\/comments?post=5594"}],"version-history":[{"count":1,"href":"https:\/\/agora.xtec.cat\/iesmontbui\/wp-json\/wp\/v2\/posts\/5594\/revisions"}],"predecessor-version":[{"id":5597,"href":"https:\/\/agora.xtec.cat\/iesmontbui\/wp-json\/wp\/v2\/posts\/5594\/revisions\/5597"}],"wp:featuredmedia":[{"embeddable":true,"href":"https:\/\/agora.xtec.cat\/iesmontbui\/wp-json\/wp\/v2\/media\/5596"}],"wp:attachment":[{"href":"https:\/\/agora.xtec.cat\/iesmontbui\/wp-json\/wp\/v2\/media?parent=5594"}],"wp:term":[{"taxonomy":"category","embeddable":true,"href":"https:\/\/agora.xtec.cat\/iesmontbui\/wp-json\/wp\/v2\/categories?post=5594"},{"taxonomy":"post_tag","embeddable":true,"href":"https:\/\/agora.xtec.cat\/iesmontbui\/wp-json\/wp\/v2\/tags?post=5594"}],"curies":[{"name":"wp","href":"https:\/\/api.w.org\/{rel}","templated":true}]}}