{"id":5557,"date":"2020-12-21T00:02:38","date_gmt":"2020-12-20T23:02:38","guid":{"rendered":"https:\/\/agora.xtec.cat\/iesmontbui\/?p=5557"},"modified":"2020-12-21T00:20:24","modified_gmt":"2020-12-20T23:20:24","slug":"la-marato-2020","status":"publish","type":"post","link":"https:\/\/agora.xtec.cat\/iesmontbui\/general\/la-marato-2020\/","title":{"rendered":"La Marat\u00f3 2020"},"content":{"rendered":"<p style=\"text-align: justify;\"><span style=\"font-weight: 400;\">Aquesta setmana els alumnes de 4t d\u2019ESO i de Biologia de Batxillerat han participat\u00a0 en unes sessions divulgatives online de la Marat\u00f3 de TV3.\u00a0<\/span><\/p>\n<p style=\"text-align: justify;\"><span style=\"font-weight: 400;\">Han estat 60 minuts en que una metgessa els ha explicat algunes dades relacionades amb la Covid-19, qu\u00e8 \u00e9s, com i a qui afecta, s\u00edmptomes,&#8230; per tal de sensibilitzar l\u2019alumnat amb aquest nou virus. Tamb\u00e9 els ha respost q\u00fcestions i inquietuds que li han plantejat els alumnes.<\/span><\/p>\n<p style=\"text-align: justify;\"><span style=\"font-weight: 400;\">Aquesta activitat no \u00e9s l\u2019\u00fanica que\u00a0 s\u2019ha dut a terme relacionada amb la Marat\u00f3. Els nostres alumnes han aprofundit en el camp de la Covid-19 en algunes tutories; aix\u00ed com tamb\u00e9 han col\u00b7laborat en la recaptaci\u00f3 de fons. Podeu veure la not\u00edcia\u00a0 \u201cOrigamis solidaris\u201d a la nostra web.<\/span><\/p>\n<p style=\"text-align: justify;\"><span style=\"font-weight: 400;\">Us animem a\u00a0 veure el v\u00eddeo divulgatiu que han vist en aquesta sessi\u00f3. Podeu clicar al seg\u00fcent enlla\u00e7:\u00a0<\/span><\/p>\n<p style=\"text-align: justify;\"><a href=\"https:\/\/www.ccma.cat\/tv3\/alacarta\/programa\/video-divulgatiu-sobre-la-covid-19\/video\/6062158\/\"><span style=\"font-weight: 400;\">https:\/\/www.ccma.cat\/tv3\/alacarta\/programa\/video-divulgatiu-sobre-la-covid-19\/video\/6062158\/<\/span><\/a><\/p>\n<p style=\"text-align: justify;\"><span style=\"font-weight: 400;\">Recordeu que esteu a temps de <a href=\"https:\/\/www.ccma.cat\/tv3\/marato\/donatiu\/\">participar i col\u00b7laborar<\/a> amb la Marat\u00f3 que se celebrar\u00e0 aquest diumenge 20 de desembre!\u00a0<\/span><\/p>\n<p style=\"text-align: right;\"><strong>Giannina Barba<\/strong><\/p>\n","protected":false},"excerpt":{"rendered":"<p>Aquesta setmana els alumnes de 4t d\u2019ESO i de Biologia de Batxillerat han participat\u00a0 en unes sessions divulgatives online de la Marat\u00f3 de TV3.\u00a0<br \/>\nHan estat 60 minuts en que una metgessa els ha explicat algunes dades relacionades amb la Covid-19, qu\u00e8 \u00e9s, com i a&hellip;  <a href=\"https:\/\/agora.xtec.cat\/iesmontbui\/general\/la-marato-2020\/\" title=\"Read La Marat\u00f3 2020\">Llegeix m\u00e9s\u00bb<\/a><\/p>\n","protected":false},"author":66,"featured_media":5558,"comment_status":"open","ping_status":"closed","sticky":false,"template":"","format":"standard","meta":{"_bbp_topic_count":0,"_bbp_reply_count":0,"_bbp_total_topic_count":0,"_bbp_total_reply_count":0,"_bbp_voice_count":0,"_bbp_anonymous_reply_count":0,"_bbp_topic_count_hidden":0,"_bbp_reply_count_hidden":0,"_bbp_forum_subforum_count":0,"footnotes":""},"categories":[67,68,8,3,7,24,25,26,66,1,29],"tags":[],"class_list":["post-5557","post","type-post","status-publish","format-standard","has-post-thumbnail","hentry","category-batx-1","category-batx-2","category-batxillerat","category-eso","category-eso-4","category-eso-4a","category-eso-4b","category-eso-4c","category-eso_4d","category-general","category-portada"],"post_mailing_queue_ids":[],"_links":{"self":[{"href":"https:\/\/agora.xtec.cat\/iesmontbui\/wp-json\/wp\/v2\/posts\/5557","targetHints":{"allow":["GET"]}}],"collection":[{"href":"https:\/\/agora.xtec.cat\/iesmontbui\/wp-json\/wp\/v2\/posts"}],"about":[{"href":"https:\/\/agora.xtec.cat\/iesmontbui\/wp-json\/wp\/v2\/types\/post"}],"author":[{"embeddable":true,"href":"https:\/\/agora.xtec.cat\/iesmontbui\/wp-json\/wp\/v2\/users\/66"}],"replies":[{"embeddable":true,"href":"https:\/\/agora.xtec.cat\/iesmontbui\/wp-json\/wp\/v2\/comments?post=5557"}],"version-history":[{"count":1,"href":"https:\/\/agora.xtec.cat\/iesmontbui\/wp-json\/wp\/v2\/posts\/5557\/revisions"}],"predecessor-version":[{"id":5559,"href":"https:\/\/agora.xtec.cat\/iesmontbui\/wp-json\/wp\/v2\/posts\/5557\/revisions\/5559"}],"wp:featuredmedia":[{"embeddable":true,"href":"https:\/\/agora.xtec.cat\/iesmontbui\/wp-json\/wp\/v2\/media\/5558"}],"wp:attachment":[{"href":"https:\/\/agora.xtec.cat\/iesmontbui\/wp-json\/wp\/v2\/media?parent=5557"}],"wp:term":[{"taxonomy":"category","embeddable":true,"href":"https:\/\/agora.xtec.cat\/iesmontbui\/wp-json\/wp\/v2\/categories?post=5557"},{"taxonomy":"post_tag","embeddable":true,"href":"https:\/\/agora.xtec.cat\/iesmontbui\/wp-json\/wp\/v2\/tags?post=5557"}],"curies":[{"name":"wp","href":"https:\/\/api.w.org\/{rel}","templated":true}]}}