{"id":5459,"date":"2020-12-15T23:59:12","date_gmt":"2020-12-15T22:59:12","guid":{"rendered":"https:\/\/agora.xtec.cat\/iesmontbui\/?p=5459"},"modified":"2020-12-15T23:59:12","modified_gmt":"2020-12-15T22:59:12","slug":"what-is-the-weather-like-1r-deso","status":"publish","type":"post","link":"https:\/\/agora.xtec.cat\/iesmontbui\/general\/what-is-the-weather-like-1r-deso\/","title":{"rendered":"What is the weather like? (1r d&#8217;ESO)"},"content":{"rendered":"<p style=\"text-align: justify;\">Durant les \u00faltimes setmanes, els alumnes de 1r ESO A i B han estat treballant els adjectius comparatius i superlatius. A m\u00e9s, han repassat vocabulari relacionat amb el temps meteorol\u00f2gic. Per tal de posar-ho tot en conjunt, han buscat informaci\u00f3 sobre diferents ciutats d&#8217;arreu del m\u00f3n (on estan situades, la poblaci\u00f3, la previsi\u00f3 meteorol\u00f2gica, etc.), s&#8217;han gravat explicant dades sobre aquestes ciutats i han posat els \u00e0udios en un Padlet col\u00b7laboratiu. Aqu\u00ed podeu fer un cop d&#8217;ull a la seva feina!<\/p>\n<p style=\"text-align: justify;\"><i>During the last few weeks, 1st ESO A and B students have been working on comparatives, superlatives and weather vocabulary. In order to put everything together, they have looked for some information about different cities (like where they are, their population, weather forecast, etc.), they have recorded themselves explaining some facts about those cities and then they have added the audio files in a Padlet. Check out their work!<\/i><\/p>\n<p style=\"text-align: right;\"><strong>M.\u00c0ngels Cuevas<\/strong><\/p>\n<table class=\" aligncenter\" style=\"width: 639px;\">\n<tbody>\n<tr>\n<td style=\"width: 315px;\"><strong>1 ESO A<\/strong><\/td>\n<td style=\"width: 316px;\"><strong>1 ESO B<\/strong><\/td>\n<\/tr>\n<tr>\n<td style=\"width: 315px;\"><a href=\"https:\/\/padlet.com\/mcueva72\/lf83wyz0it3rqb1l\"><img loading=\"lazy\" decoding=\"async\" class=\"alignnone wp-image-5478 size-medium\" src=\"https:\/\/agora.xtec.cat\/iesmontbui\/wp-content\/uploads\/usu145\/2020\/12\/Screenshot-2020-12-15-at-23.42.54-e1608072474789-300x150.png\" alt=\"\" width=\"300\" height=\"150\" \/><\/a><\/td>\n<td style=\"width: 316px;\"><a href=\"https:\/\/padlet.com\/mcueva72\/vmlyizcx2rxpcumi\"><img loading=\"lazy\" decoding=\"async\" class=\"alignnone wp-image-5479 size-medium\" src=\"https:\/\/agora.xtec.cat\/iesmontbui\/wp-content\/uploads\/usu145\/2020\/12\/Screenshot-2020-12-15-at-23.44.32-e1608072423514-300x150.png\" alt=\"\" width=\"300\" height=\"150\" \/><\/a><\/td>\n<\/tr>\n<\/tbody>\n<\/table>\n","protected":false},"excerpt":{"rendered":"<p>Durant les \u00faltimes setmanes, els alumnes de 1r ESO A i B han estat treballant els adjectius comparatius i superlatius. A m\u00e9s, han repassat vocabulari relacionat amb el temps meteorol\u00f2gic. Per tal de posar-ho tot en conjunt, han buscat informaci\u00f3 sobre diferents ciutats d&#8217;arreu del&hellip;  <a href=\"https:\/\/agora.xtec.cat\/iesmontbui\/general\/what-is-the-weather-like-1r-deso\/\" title=\"Read What is the weather like? (1r d&#8217;ESO)\">Llegeix m\u00e9s\u00bb<\/a><\/p>\n","protected":false},"author":66,"featured_media":5481,"comment_status":"closed","ping_status":"closed","sticky":false,"template":"","format":"standard","meta":{"_bbp_topic_count":0,"_bbp_reply_count":0,"_bbp_total_topic_count":0,"_bbp_total_reply_count":0,"_bbp_voice_count":0,"_bbp_anonymous_reply_count":0,"_bbp_topic_count_hidden":0,"_bbp_reply_count_hidden":0,"_bbp_forum_subforum_count":0,"footnotes":""},"categories":[124,3,4,175,10,1,29],"tags":[],"class_list":["post-5459","post","type-post","status-publish","format-standard","has-post-thumbnail","hentry","category-depangles","category-eso","category-eso-1","category-eso-1a","category-eso-1b","category-general","category-portada"],"post_mailing_queue_ids":[],"_links":{"self":[{"href":"https:\/\/agora.xtec.cat\/iesmontbui\/wp-json\/wp\/v2\/posts\/5459","targetHints":{"allow":["GET"]}}],"collection":[{"href":"https:\/\/agora.xtec.cat\/iesmontbui\/wp-json\/wp\/v2\/posts"}],"about":[{"href":"https:\/\/agora.xtec.cat\/iesmontbui\/wp-json\/wp\/v2\/types\/post"}],"author":[{"embeddable":true,"href":"https:\/\/agora.xtec.cat\/iesmontbui\/wp-json\/wp\/v2\/users\/66"}],"replies":[{"embeddable":true,"href":"https:\/\/agora.xtec.cat\/iesmontbui\/wp-json\/wp\/v2\/comments?post=5459"}],"version-history":[{"count":3,"href":"https:\/\/agora.xtec.cat\/iesmontbui\/wp-json\/wp\/v2\/posts\/5459\/revisions"}],"predecessor-version":[{"id":5480,"href":"https:\/\/agora.xtec.cat\/iesmontbui\/wp-json\/wp\/v2\/posts\/5459\/revisions\/5480"}],"wp:featuredmedia":[{"embeddable":true,"href":"https:\/\/agora.xtec.cat\/iesmontbui\/wp-json\/wp\/v2\/media\/5481"}],"wp:attachment":[{"href":"https:\/\/agora.xtec.cat\/iesmontbui\/wp-json\/wp\/v2\/media?parent=5459"}],"wp:term":[{"taxonomy":"category","embeddable":true,"href":"https:\/\/agora.xtec.cat\/iesmontbui\/wp-json\/wp\/v2\/categories?post=5459"},{"taxonomy":"post_tag","embeddable":true,"href":"https:\/\/agora.xtec.cat\/iesmontbui\/wp-json\/wp\/v2\/tags?post=5459"}],"curies":[{"name":"wp","href":"https:\/\/api.w.org\/{rel}","templated":true}]}}