{"id":5431,"date":"2020-12-20T20:26:43","date_gmt":"2020-12-20T19:26:43","guid":{"rendered":"https:\/\/agora.xtec.cat\/iesmontbui\/?p=5431"},"modified":"2020-12-20T20:28:28","modified_gmt":"2020-12-20T19:28:28","slug":"inama-dinamitza-els-patis-a-lins-montbui","status":"publish","type":"post","link":"https:\/\/agora.xtec.cat\/iesmontbui\/general\/inama-dinamitza-els-patis-a-lins-montbui\/","title":{"rendered":"INAMA dinamitza els patis a l&#8217;INS Montbui"},"content":{"rendered":"<p style=\"text-align: justify;\">Aquests dies ha comen\u00e7at una nova activitat pels alumnes de 1r d&#8217;ESO, de la m\u00e0 de la Associaci\u00f3 Inama.<\/p>\n<p style=\"text-align: justify;\">A les estones d&#8217;esbarjo, dos monitors de l&#8217;entitat que tamb\u00e9 s\u00f3n ex-alumnes, la Irene i el Javi, organitzen activitats molt diverses i engrescadores amb l&#8217;objectiu de crear un bon clima de col\u00b7laboraci\u00f3 i companyerisme entre l&#8217;alumnat d&#8217;aquest nivell.<\/p>\n<p style=\"text-align: justify;\">La experi\u00e8ncia, que ja porta dues setmanes en funcionament, ha tingut molt bona acollida i acceptaci\u00f3 per part dels m\u00e9s joves del centre.<\/p>\n<p style=\"text-align: justify;\">Aquesta actuaci\u00f3 forma part del Programa d\u2019orientaci\u00f3 i refor\u00e7 per a l\u2019avan\u00e7 i suport a l\u2019educaci\u00f3 del Ministeri d\u2019Educaci\u00f3 i Formaci\u00f3 Professional i est\u00e0 cofinan\u00e7at pel Programa operatiu d\u2019ocupaci\u00f3, formaci\u00f3 i educaci\u00f3 del Fons Social Europeu 2014-2020.<\/p>\n<p style=\"text-align: right;\"><strong>Comunicaci\u00f3<\/strong><\/p>\n\n\t\t<style type=\"text\/css\">\n\t\t\t#gallery-1 {\n\t\t\t\tmargin: auto;\n\t\t\t}\n\t\t\t#gallery-1 .gallery-item {\n\t\t\t\tfloat: left;\n\t\t\t\tmargin-top: 10px;\n\t\t\t\ttext-align: center;\n\t\t\t\twidth: 50%;\n\t\t\t}\n\t\t\t#gallery-1 img {\n\t\t\t\tborder: 2px solid #cfcfcf;\n\t\t\t}\n\t\t\t#gallery-1 .gallery-caption {\n\t\t\t\tmargin-left: 0;\n\t\t\t}\n\t\t\t\/* see gallery_shortcode() in wp-includes\/media.php *\/\n\t\t<\/style>\n\t\t<div id='gallery-1' class='gallery galleryid-5431 gallery-columns-2 gallery-size-medium'><dl class='gallery-item'>\n\t\t\t<dt class='gallery-icon landscape'>\n\t\t\t\t<a href='https:\/\/agora.xtec.cat\/iesmontbui\/general\/inama-dinamitza-els-patis-a-lins-montbui\/attachment\/whatsapp-image-2020-12-15-at-10-42-18\/'><img loading=\"lazy\" decoding=\"async\" width=\"300\" height=\"206\" src=\"https:\/\/agora.xtec.cat\/iesmontbui\/wp-content\/uploads\/usu145\/2020\/12\/WhatsApp-Image-2020-12-15-at-10.42.18-300x206.jpeg\" class=\"attachment-medium size-medium\" alt=\"\" srcset=\"https:\/\/agora.xtec.cat\/iesmontbui\/wp-content\/uploads\/usu145\/2020\/12\/WhatsApp-Image-2020-12-15-at-10.42.18-300x206.jpeg 300w, https:\/\/agora.xtec.cat\/iesmontbui\/wp-content\/uploads\/usu145\/2020\/12\/WhatsApp-Image-2020-12-15-at-10.42.18-768x529.jpeg 768w, https:\/\/agora.xtec.cat\/iesmontbui\/wp-content\/uploads\/usu145\/2020\/12\/WhatsApp-Image-2020-12-15-at-10.42.18-1024x705.jpeg 1024w, https:\/\/agora.xtec.cat\/iesmontbui\/wp-content\/uploads\/usu145\/2020\/12\/WhatsApp-Image-2020-12-15-at-10.42.18.jpeg 1033w\" sizes=\"auto, (max-width: 300px) 100vw, 300px\" \/><\/a>\n\t\t\t<\/dt><\/dl><dl class='gallery-item'>\n\t\t\t<dt class='gallery-icon landscape'>\n\t\t\t\t<a href='https:\/\/agora.xtec.cat\/iesmontbui\/general\/inama-dinamitza-els-patis-a-lins-montbui\/attachment\/whatsapp-image-2020-12-15-at-10-40-57\/'><img loading=\"lazy\" decoding=\"async\" width=\"300\" height=\"211\" src=\"https:\/\/agora.xtec.cat\/iesmontbui\/wp-content\/uploads\/usu145\/2020\/12\/WhatsApp-Image-2020-12-15-at-10.40.57-300x211.jpeg\" class=\"attachment-medium size-medium\" alt=\"\" srcset=\"https:\/\/agora.xtec.cat\/iesmontbui\/wp-content\/uploads\/usu145\/2020\/12\/WhatsApp-Image-2020-12-15-at-10.40.57-300x211.jpeg 300w, https:\/\/agora.xtec.cat\/iesmontbui\/wp-content\/uploads\/usu145\/2020\/12\/WhatsApp-Image-2020-12-15-at-10.40.57-768x539.jpeg 768w, https:\/\/agora.xtec.cat\/iesmontbui\/wp-content\/uploads\/usu145\/2020\/12\/WhatsApp-Image-2020-12-15-at-10.40.57.jpeg 1024w\" sizes=\"auto, (max-width: 300px) 100vw, 300px\" \/><\/a>\n\t\t\t<\/dt><\/dl><br style=\"clear: both\" \/>\n\t\t<\/div>\n\n<p>&nbsp;<\/p>\n","protected":false},"excerpt":{"rendered":"<p>Aquests dies ha comen\u00e7at una nova activitat pels alumnes de 1r d&#8217;ESO, de la m\u00e0 de la Associaci\u00f3 Inama.<br \/>\nA les estones d&#8217;esbarjo, dos monitors de l&#8217;entitat que tamb\u00e9 s\u00f3n ex-alumnes, la Irene i el Javi, organitzen activitats molt diverses i engrescadores amb l&#8217;objectiu de crear&hellip;  <a href=\"https:\/\/agora.xtec.cat\/iesmontbui\/general\/inama-dinamitza-els-patis-a-lins-montbui\/\" title=\"Read INAMA dinamitza els patis a l&#8217;INS Montbui\">Llegeix m\u00e9s\u00bb<\/a><\/p>\n","protected":false},"author":66,"featured_media":5514,"comment_status":"open","ping_status":"closed","sticky":false,"template":"","format":"standard","meta":{"_bbp_topic_count":0,"_bbp_reply_count":0,"_bbp_total_topic_count":0,"_bbp_total_reply_count":0,"_bbp_voice_count":0,"_bbp_anonymous_reply_count":0,"_bbp_topic_count_hidden":0,"_bbp_reply_count_hidden":0,"_bbp_forum_subforum_count":0,"footnotes":""},"categories":[3,4,175,10,11,185,186,1,29],"tags":[],"class_list":["post-5431","post","type-post","status-publish","format-standard","has-post-thumbnail","hentry","category-eso","category-eso-1","category-eso-1a","category-eso-1b","category-eso-1c","category-eso-1d","category-eso-1e","category-general","category-portada"],"post_mailing_queue_ids":[],"_links":{"self":[{"href":"https:\/\/agora.xtec.cat\/iesmontbui\/wp-json\/wp\/v2\/posts\/5431","targetHints":{"allow":["GET"]}}],"collection":[{"href":"https:\/\/agora.xtec.cat\/iesmontbui\/wp-json\/wp\/v2\/posts"}],"about":[{"href":"https:\/\/agora.xtec.cat\/iesmontbui\/wp-json\/wp\/v2\/types\/post"}],"author":[{"embeddable":true,"href":"https:\/\/agora.xtec.cat\/iesmontbui\/wp-json\/wp\/v2\/users\/66"}],"replies":[{"embeddable":true,"href":"https:\/\/agora.xtec.cat\/iesmontbui\/wp-json\/wp\/v2\/comments?post=5431"}],"version-history":[{"count":3,"href":"https:\/\/agora.xtec.cat\/iesmontbui\/wp-json\/wp\/v2\/posts\/5431\/revisions"}],"predecessor-version":[{"id":5518,"href":"https:\/\/agora.xtec.cat\/iesmontbui\/wp-json\/wp\/v2\/posts\/5431\/revisions\/5518"}],"wp:featuredmedia":[{"embeddable":true,"href":"https:\/\/agora.xtec.cat\/iesmontbui\/wp-json\/wp\/v2\/media\/5514"}],"wp:attachment":[{"href":"https:\/\/agora.xtec.cat\/iesmontbui\/wp-json\/wp\/v2\/media?parent=5431"}],"wp:term":[{"taxonomy":"category","embeddable":true,"href":"https:\/\/agora.xtec.cat\/iesmontbui\/wp-json\/wp\/v2\/categories?post=5431"},{"taxonomy":"post_tag","embeddable":true,"href":"https:\/\/agora.xtec.cat\/iesmontbui\/wp-json\/wp\/v2\/tags?post=5431"}],"curies":[{"name":"wp","href":"https:\/\/api.w.org\/{rel}","templated":true}]}}