{"id":5385,"date":"2020-11-24T10:44:29","date_gmt":"2020-11-24T09:44:29","guid":{"rendered":"https:\/\/agora.xtec.cat\/iesmontbui\/?p=5385"},"modified":"2020-11-24T11:17:01","modified_gmt":"2020-11-24T10:17:01","slug":"musica-per-santa-cecilia-a-lins-montbui","status":"publish","type":"post","link":"https:\/\/agora.xtec.cat\/iesmontbui\/portada\/musica-per-santa-cecilia-a-lins-montbui\/","title":{"rendered":"M\u00fasica per Santa Cec\u00edlia a l&#8217;INS Montbui"},"content":{"rendered":"<p style=\"text-align: justify;\">Cada any des de la seva creaci\u00f3, la coral de l&#8217;INS Montbui ha celebrat al centre un petit concert durant el primer pati per celebrar la diada de Santa Cec\u00edlia i oferim postres de m\u00fasic per al professorat.<\/p>\n<p style=\"text-align: justify;\">Per\u00f2 aquest dif\u00edcil any, al no ser possible, ho hem celebrat d&#8217;una manera especial. Durant el primer pati s&#8217;ha pogut escoltar per la megafonia del centre un fil musical amb gravacions de la coral durant els \u00faltims anys, i pel professorat des de la coordinaci\u00f3 d&#8217;activitats del centre, s&#8217;han preparat unes petites bosses amb postre de m\u00fasic com a detall.<\/p>\n<p style=\"text-align: justify;\">Tamb\u00e9 hem preparat aquest muntatge amb l&#8217;\u00faltim tema que hem comen\u00e7at a preparar: &#8220;Vestida de Nit&#8221; de S\u00edlvia P\u00e9rez Cruz. Esperem que en gaudiu, i us desitjem una molt feli\u00e7 diada de Santa Cec\u00edlia 2020!!<\/p>\n<p><a> <iframe loading=\"lazy\" src=\"https:\/\/drive.google.com\/file\/d\/1OBp3ZwmOeHkULw8_Ui1MWjrq_XtOlcRG\/preview\" width=\"852\" height=\"480\"><\/iframe> <\/a><\/p>\n","protected":false},"excerpt":{"rendered":"<p>Cada any des de la seva creaci\u00f3, la coral de l&#8217;INS Montbui ha celebrat al centre un petit concert durant el primer pati per celebrar la diada de Santa Cec\u00edlia i oferim postres de m\u00fasic per al professorat.<br \/>\nPer\u00f2 aquest dif\u00edcil any, al no ser possible,&hellip;  <a href=\"https:\/\/agora.xtec.cat\/iesmontbui\/portada\/musica-per-santa-cecilia-a-lins-montbui\/\" title=\"Read M\u00fasica per Santa Cec\u00edlia a l&#8217;INS Montbui\">Llegeix m\u00e9s\u00bb<\/a><\/p>\n","protected":false},"author":66,"featured_media":5388,"comment_status":"closed","ping_status":"closed","sticky":false,"template":"","format":"standard","meta":{"_bbp_topic_count":0,"_bbp_reply_count":0,"_bbp_total_topic_count":0,"_bbp_total_reply_count":0,"_bbp_voice_count":0,"_bbp_anonymous_reply_count":0,"_bbp_topic_count_hidden":0,"_bbp_reply_count_hidden":0,"_bbp_forum_subforum_count":0,"footnotes":""},"categories":[161,29],"tags":[],"class_list":["post-5385","post","type-post","status-publish","format-standard","has-post-thumbnail","hentry","category-coral","category-portada"],"post_mailing_queue_ids":[],"_links":{"self":[{"href":"https:\/\/agora.xtec.cat\/iesmontbui\/wp-json\/wp\/v2\/posts\/5385","targetHints":{"allow":["GET"]}}],"collection":[{"href":"https:\/\/agora.xtec.cat\/iesmontbui\/wp-json\/wp\/v2\/posts"}],"about":[{"href":"https:\/\/agora.xtec.cat\/iesmontbui\/wp-json\/wp\/v2\/types\/post"}],"author":[{"embeddable":true,"href":"https:\/\/agora.xtec.cat\/iesmontbui\/wp-json\/wp\/v2\/users\/66"}],"replies":[{"embeddable":true,"href":"https:\/\/agora.xtec.cat\/iesmontbui\/wp-json\/wp\/v2\/comments?post=5385"}],"version-history":[{"count":3,"href":"https:\/\/agora.xtec.cat\/iesmontbui\/wp-json\/wp\/v2\/posts\/5385\/revisions"}],"predecessor-version":[{"id":5392,"href":"https:\/\/agora.xtec.cat\/iesmontbui\/wp-json\/wp\/v2\/posts\/5385\/revisions\/5392"}],"wp:featuredmedia":[{"embeddable":true,"href":"https:\/\/agora.xtec.cat\/iesmontbui\/wp-json\/wp\/v2\/media\/5388"}],"wp:attachment":[{"href":"https:\/\/agora.xtec.cat\/iesmontbui\/wp-json\/wp\/v2\/media?parent=5385"}],"wp:term":[{"taxonomy":"category","embeddable":true,"href":"https:\/\/agora.xtec.cat\/iesmontbui\/wp-json\/wp\/v2\/categories?post=5385"},{"taxonomy":"post_tag","embeddable":true,"href":"https:\/\/agora.xtec.cat\/iesmontbui\/wp-json\/wp\/v2\/tags?post=5385"}],"curies":[{"name":"wp","href":"https:\/\/api.w.org\/{rel}","templated":true}]}}