{"id":5254,"date":"2020-10-29T21:07:05","date_gmt":"2020-10-29T20:07:05","guid":{"rendered":"https:\/\/agora.xtec.cat\/iesmontbui\/?p=5254"},"modified":"2020-11-05T22:11:47","modified_gmt":"2020-11-05T21:11:47","slug":"educacio-mantindra-la-presencialitat-a-secundaria","status":"publish","type":"post","link":"https:\/\/agora.xtec.cat\/iesmontbui\/general\/educacio-mantindra-la-presencialitat-a-secundaria\/","title":{"rendered":"Educaci\u00f3 mantindr\u00e0 la presencialitat a secund\u00e0ria"},"content":{"rendered":"<p style=\"text-align: justify;\">A conseq\u00fc\u00e8ncia de la Resoluci\u00f3 de la conselleria de Salut i del conseller d&#8217;Interior, des de l&#8217;Institut Montbui volem informar a les fam\u00edlies de com afectaran aquestes al dia a dia del centre.<\/p>\n<p style=\"text-align: justify;\">Pel que fa a la <span style=\"text-decoration: underline;\"><strong>presencialitat<\/strong><\/span>:<\/p>\n<ul style=\"text-align: justify;\">\n<li style=\"text-align: justify;\">A tots els nivells d&#8217;ESO <strong>ES MANT\u00c9 LA PRESENCIALITAT<\/strong><\/li>\n<li style=\"text-align: justify;\">Als nivells postobligatoris (PFI i Batxillerat)\u00a0<strong>ES REDUIR\u00c0 LA PRESENCIALITAT<\/strong>, una mesura que haur\u00e0 de desenvolupar-se al llarg de la setmana vinent, segons el pla d&#8217;obertura del centre preveia. Ja anirem informant segons es vagin produint els canvis.<\/li>\n<\/ul>\n<p style=\"text-align: justify;\">Pel que fa a la <span style=\"text-decoration: underline;\"><strong>mobilitat<\/strong><\/span> de la comunitat educativa, davant dels confinaments perimetrals, aquesta est\u00e0 garantida amb la <a href=\"https:\/\/interior.gencat.cat\/web\/.content\/home\/030_arees_dactuacio\/proteccio_civil\/consells_autoproteccio_emergencies\/coronavirus\/Noves_mesures_per_contenir_els_brots_COVID-19\/Certificat-responsable-PDFs\/certificat_autorresponsable_desplacament.pdf\">declaraci\u00f3 responsable<\/a>, sempre que aquest despla\u00e7ament impliqui sortir del municipi.<\/p>\n<p>Us deixem la infografia resum enviada pel Departament de Salut.<\/p>\n<p><a href=\"https:\/\/agora.xtec.cat\/iesmontbui\/wp-content\/uploads\/usu145\/2020\/10\/Mesures-\u00e0mbit-educatiu-30_10.jpeg\"><img loading=\"lazy\" decoding=\"async\" class=\"alignnone size-full wp-image-5260\" src=\"https:\/\/agora.xtec.cat\/iesmontbui\/wp-content\/uploads\/usu145\/2020\/10\/Mesures-\u00e0mbit-educatiu-30_10.jpeg\" alt=\"\" width=\"719\" height=\"977\" srcset=\"https:\/\/agora.xtec.cat\/iesmontbui\/wp-content\/uploads\/usu145\/2020\/10\/Mesures-\u00e0mbit-educatiu-30_10.jpeg 719w, https:\/\/agora.xtec.cat\/iesmontbui\/wp-content\/uploads\/usu145\/2020\/10\/Mesures-\u00e0mbit-educatiu-30_10-221x300.jpeg 221w\" sizes=\"auto, (max-width: 719px) 100vw, 719px\" \/><\/a><\/p>\n<p>Equip directiu<\/p>\n","protected":false},"excerpt":{"rendered":"<p>A conseq\u00fc\u00e8ncia de la Resoluci\u00f3 de la conselleria de Salut i del conseller d&#8217;Interior, des de l&#8217;Institut Montbui volem informar a les fam\u00edlies de com afectaran aquestes al dia a dia del centre.<br \/>\nPel que fa a la presencialitat:<\/p>\n<ul style=\"text-align: justify;\">\n<li style=\"text-align: justify;\">A tots els nivells&hellip;  <a href=\"https:\/\/agora.xtec.cat\/iesmontbui\/general\/educacio-mantindra-la-presencialitat-a-secundaria\/\" title=\"Read Educaci\u00f3 mantindr\u00e0 la presencialitat a secund\u00e0ria\">Llegeix m\u00e9s\u00bb<\/a><br \/>\n","protected":false},"author":66,"featured_media":5258,"comment_status":"open","ping_status":"closed","sticky":false,"template":"","format":"standard","meta":{"_bbp_topic_count":0,"_bbp_reply_count":0,"_bbp_total_topic_count":0,"_bbp_total_reply_count":0,"_bbp_voice_count":0,"_bbp_anonymous_reply_count":0,"_bbp_topic_count_hidden":0,"_bbp_reply_count_hidden":0,"_bbp_forum_subforum_count":0,"footnotes":""},"categories":[8,3,1,62,29],"tags":[],"class_list":["post-5254","post","type-post","status-publish","format-standard","has-post-thumbnail","hentry","category-batxillerat","category-eso","category-general","category-orgacentre","category-portada"],"post_mailing_queue_ids":[],"_links":{"self":[{"href":"https:\/\/agora.xtec.cat\/iesmontbui\/wp-json\/wp\/v2\/posts\/5254","targetHints":{"allow":["GET"]}}],"collection":[{"href":"https:\/\/agora.xtec.cat\/iesmontbui\/wp-json\/wp\/v2\/posts"}],"about":[{"href":"https:\/\/agora.xtec.cat\/iesmontbui\/wp-json\/wp\/v2\/types\/post"}],"author":[{"embeddable":true,"href":"https:\/\/agora.xtec.cat\/iesmontbui\/wp-json\/wp\/v2\/users\/66"}],"replies":[{"embeddable":true,"href":"https:\/\/agora.xtec.cat\/iesmontbui\/wp-json\/wp\/v2\/comments?post=5254"}],"version-history":[{"count":3,"href":"https:\/\/agora.xtec.cat\/iesmontbui\/wp-json\/wp\/v2\/posts\/5254\/revisions"}],"predecessor-version":[{"id":5262,"href":"https:\/\/agora.xtec.cat\/iesmontbui\/wp-json\/wp\/v2\/posts\/5254\/revisions\/5262"}],"wp:featuredmedia":[{"embeddable":true,"href":"https:\/\/agora.xtec.cat\/iesmontbui\/wp-json\/wp\/v2\/media\/5258"}],"wp:attachment":[{"href":"https:\/\/agora.xtec.cat\/iesmontbui\/wp-json\/wp\/v2\/media?parent=5254"}],"wp:term":[{"taxonomy":"category","embeddable":true,"href":"https:\/\/agora.xtec.cat\/iesmontbui\/wp-json\/wp\/v2\/categories?post=5254"},{"taxonomy":"post_tag","embeddable":true,"href":"https:\/\/agora.xtec.cat\/iesmontbui\/wp-json\/wp\/v2\/tags?post=5254"}],"curies":[{"name":"wp","href":"https:\/\/api.w.org\/{rel}","templated":true}]}}