{"id":5233,"date":"2020-10-27T11:33:18","date_gmt":"2020-10-27T10:33:18","guid":{"rendered":"https:\/\/agora.xtec.cat\/iesmontbui\/?p=5233"},"modified":"2020-10-27T11:33:18","modified_gmt":"2020-10-27T10:33:18","slug":"estades-dimmersio-linguistica-a-coma-ruga-4-eso","status":"publish","type":"post","link":"https:\/\/agora.xtec.cat\/iesmontbui\/general\/estades-dimmersio-linguistica-a-coma-ruga-4-eso\/","title":{"rendered":"Estades d&#8217;immersi\u00f3 ling\u00fc\u00edstica a Coma-ruga (4 ESO)"},"content":{"rendered":"<p>Els propers dies 28, 29 i 30 d&#8217;octubre l&#8217;alumnat de 4t d&#8217;ESO participar\u00e0 a unes Estades d&#8217;immersi\u00f3 ling\u00fc\u00edstica en llengua anglesa al CdA Pau Casals, a Coma-ruga.<\/p>\n<p>L&#8217;objectiu d&#8217;aquestes estades \u00e9s millorar la comprensi\u00f3 oral de la llengua anglesa i fomentar l&#8217;atreviment, la flu\u00efdesa i els recursos a l&#8217;hora de parlar-la. Tot aix\u00f2 es treballar\u00e0 des d&#8217;una perspectiva l\u00fadica, treballant a m\u00e9s a m\u00e9s valors com el respecte a la diversitat, la sostenibilitat ecol\u00f2gica i la integraci\u00f3 i coneixement del territori.<\/p>\n<p>Aquesta actuaci\u00f3 forma part del Programa d&#8217;orientaci\u00f3 i refor\u00e7 per a l&#8217;avan\u00e7 i suport a l&#8217;educaci\u00f3 del Ministeri d\u2019Educaci\u00f3 i Formaci\u00f3 Professional i est\u00e0 cofinan\u00e7at pel Programa operatiu d\u2019ocupaci\u00f3, formaci\u00f3 i educaci\u00f3 del Fons Social Europeu 2014-2020<\/p>\n<p>Comunicaci\u00f3<\/p>\n","protected":false},"excerpt":{"rendered":"<p>Els propers dies 28, 29 i 30 d&#8217;octubre l&#8217;alumnat de 4t d&#8217;ESO participar\u00e0 a unes Estades d&#8217;immersi\u00f3 ling\u00fc\u00edstica en llengua anglesa al CdA Pau Casals, a Coma-ruga.<br \/>\nL&#8217;objectiu d&#8217;aquestes estades \u00e9s millorar la comprensi\u00f3 oral de la llengua anglesa i fomentar l&#8217;atreviment, la flu\u00efdesa i els&hellip;  <a href=\"https:\/\/agora.xtec.cat\/iesmontbui\/general\/estades-dimmersio-linguistica-a-coma-ruga-4-eso\/\" title=\"Read Estades d&#8217;immersi\u00f3 ling\u00fc\u00edstica a Coma-ruga (4 ESO)\">Llegeix m\u00e9s\u00bb<\/a><\/p>\n","protected":false},"author":66,"featured_media":5234,"comment_status":"open","ping_status":"closed","sticky":false,"template":"","format":"standard","meta":{"_bbp_topic_count":0,"_bbp_reply_count":0,"_bbp_total_topic_count":0,"_bbp_total_reply_count":0,"_bbp_voice_count":0,"_bbp_anonymous_reply_count":0,"_bbp_topic_count_hidden":0,"_bbp_reply_count_hidden":0,"_bbp_forum_subforum_count":0,"footnotes":""},"categories":[124,7,65,1,29],"tags":[],"class_list":["post-5233","post","type-post","status-publish","format-standard","has-post-thumbnail","hentry","category-depangles","category-eso-4","category-estudis","category-general","category-portada"],"post_mailing_queue_ids":[],"_links":{"self":[{"href":"https:\/\/agora.xtec.cat\/iesmontbui\/wp-json\/wp\/v2\/posts\/5233","targetHints":{"allow":["GET"]}}],"collection":[{"href":"https:\/\/agora.xtec.cat\/iesmontbui\/wp-json\/wp\/v2\/posts"}],"about":[{"href":"https:\/\/agora.xtec.cat\/iesmontbui\/wp-json\/wp\/v2\/types\/post"}],"author":[{"embeddable":true,"href":"https:\/\/agora.xtec.cat\/iesmontbui\/wp-json\/wp\/v2\/users\/66"}],"replies":[{"embeddable":true,"href":"https:\/\/agora.xtec.cat\/iesmontbui\/wp-json\/wp\/v2\/comments?post=5233"}],"version-history":[{"count":1,"href":"https:\/\/agora.xtec.cat\/iesmontbui\/wp-json\/wp\/v2\/posts\/5233\/revisions"}],"predecessor-version":[{"id":5238,"href":"https:\/\/agora.xtec.cat\/iesmontbui\/wp-json\/wp\/v2\/posts\/5233\/revisions\/5238"}],"wp:featuredmedia":[{"embeddable":true,"href":"https:\/\/agora.xtec.cat\/iesmontbui\/wp-json\/wp\/v2\/media\/5234"}],"wp:attachment":[{"href":"https:\/\/agora.xtec.cat\/iesmontbui\/wp-json\/wp\/v2\/media?parent=5233"}],"wp:term":[{"taxonomy":"category","embeddable":true,"href":"https:\/\/agora.xtec.cat\/iesmontbui\/wp-json\/wp\/v2\/categories?post=5233"},{"taxonomy":"post_tag","embeddable":true,"href":"https:\/\/agora.xtec.cat\/iesmontbui\/wp-json\/wp\/v2\/tags?post=5233"}],"curies":[{"name":"wp","href":"https:\/\/api.w.org\/{rel}","templated":true}]}}