{"id":5219,"date":"2020-10-13T10:14:20","date_gmt":"2020-10-13T08:14:20","guid":{"rendered":"https:\/\/agora.xtec.cat\/iesmontbui\/?p=5219"},"modified":"2020-10-29T20:41:08","modified_gmt":"2020-10-29T19:41:08","slug":"nova-junta-dafa","status":"publish","type":"post","link":"https:\/\/agora.xtec.cat\/iesmontbui\/general\/nova-junta-dafa\/","title":{"rendered":"Nova Junta d&#8217;AFA"},"content":{"rendered":"<p><a href=\"https:\/\/agora.xtec.cat\/iesmontbui\/wp-content\/uploads\/usu145\/2020\/10\/AFA-INS-Montbui.png\"><img loading=\"lazy\" decoding=\"async\" class=\"size-full wp-image-5222 aligncenter\" src=\"https:\/\/agora.xtec.cat\/iesmontbui\/wp-content\/uploads\/usu145\/2020\/10\/AFA-INS-Montbui.png\" alt=\"\" width=\"619\" height=\"210\" \/><\/a><\/p>\n<p><span style=\"font-weight: 400;\">Bona tarda,<\/span><\/p>\n<p>&nbsp;<\/p>\n<p><span style=\"font-weight: 400;\">Des de la Direcci\u00f3 de l\u2019INS Montbui volem donar a con\u00e9ixer a tota la comunitat educativa que es vol constituir una Associaci\u00f3 de Fam\u00edlies d\u2019Alumnes que substitueixi l\u2019AMPA que hi havia fins el curs passat.<\/span><\/p>\n<p>&nbsp;<\/p>\n<p><span style=\"font-weight: 400;\">Tal com diu el Projecte de Direcci\u00f3 que vam engegar el curs passat, la participaci\u00f3 de tots els sectors de la comunitat amb un lideratge distribu\u00eft \u00e9s un dels objectius fonamentals que nom\u00e9s assolirem amb la participaci\u00f3 de tots.<\/span><\/p>\n<p>&nbsp;<\/p>\n<p><span style=\"font-weight: 400;\">\u00c9s per aix\u00f2 que us convidem a formar-ne part. D\u2019una banda s\u2019han fet algunes reunions per tal d\u2019impulsar que sorgeixi una junta d\u2019AFA. Tenim persones disposades a constituir la junta i des d\u2019aqu\u00ed volem fer una crida a participar-hi, la voluntat que ha sortit d\u2019aquestes trobades \u00e9s que sigui oberta a tothom qui en vulgui formar part. D\u2019altra banda, dins del Pla de Fam\u00edlies de l\u2019 Institut Montbui hi ha la figura dels Pares i Mares Delegats de curs que ja ens est\u00e0 funcionant i hi ha for\u00e7a pares i mares implicats. Ara es tractaria d\u2019unir esfor\u00e7os i treballar plegats.<\/span><\/p>\n<p><span style=\"font-weight: 400;\">\u00a0<\/span><\/p>\n<p><span style=\"font-weight: 400;\">N<\/span><span style=\"font-weight: 400;\">ecessitem candidats i candidates, per comen\u00e7ar a treballar aquest inici de curs com Associaci\u00f3 de Fam\u00edlies d\u2019Alumnes, amb l\u2019\u00fanic objectiu de millorar com a centre i oferir una educaci\u00f3 de qualitat per als vostres fills i filles.<\/span><\/p>\n<p>&nbsp;<\/p>\n<p><span style=\"font-weight: 400;\">Si voleu participar en aquest projecte de millora, ompliu la butlleta de participaci\u00f3 que hi ha a continuaci\u00f3 i la lliureu al tutor\/a. <a href=\"https:\/\/agora.xtec.cat\/iesmontbui\/wp-content\/uploads\/usu145\/2020\/10\/Butlleta-AFA.pdf\">Butlleta AFA<\/a><\/span><\/p>\n<p><span style=\"font-weight: 400;\">\u00a0<\/span><\/p>\n<p><span style=\"font-weight: 400;\">Gr\u00e0cies per la vostra col\u00b7laboraci\u00f3 !<\/span><\/p>\n<p>&nbsp;<\/p>\n<p><span style=\"font-weight: 400;\">La direcci\u00f3<\/span><\/p>\n","protected":false},"excerpt":{"rendered":"<p><a href=\"https:\/\/agora.xtec.cat\/iesmontbui\/wp-content\/uploads\/usu145\/2020\/10\/AFA-INS-Montbui.png\"><\/a><br \/>\nBona tarda,<br \/>\n&nbsp;<br \/>\nDes de la Direcci\u00f3 de l\u2019INS Montbui volem donar a con\u00e9ixer a tota la comunitat educativa que es vol constituir una Associaci\u00f3 de Fam\u00edlies d\u2019Alumnes que substitueixi l\u2019AMPA que hi havia fins el curs passat.<br \/>\n&nbsp;<br \/>\nTal com diu el Projecte de Direcci\u00f3 que vam&hellip;  <a href=\"https:\/\/agora.xtec.cat\/iesmontbui\/general\/nova-junta-dafa\/\" title=\"Read Nova Junta d&#8217;AFA\">Llegeix m\u00e9s\u00bb<\/a><\/p>\n","protected":false},"author":66,"featured_media":5222,"comment_status":"closed","ping_status":"closed","sticky":false,"template":"","format":"standard","meta":{"_bbp_topic_count":0,"_bbp_reply_count":0,"_bbp_total_topic_count":0,"_bbp_total_reply_count":0,"_bbp_voice_count":0,"_bbp_anonymous_reply_count":0,"_bbp_topic_count_hidden":0,"_bbp_reply_count_hidden":0,"_bbp_forum_subforum_count":0,"footnotes":""},"categories":[31,1,63,29],"tags":[],"class_list":["post-5219","post","type-post","status-publish","format-standard","has-post-thumbnail","hentry","category-ampa","category-general","category-organscentre","category-portada"],"post_mailing_queue_ids":[],"_links":{"self":[{"href":"https:\/\/agora.xtec.cat\/iesmontbui\/wp-json\/wp\/v2\/posts\/5219","targetHints":{"allow":["GET"]}}],"collection":[{"href":"https:\/\/agora.xtec.cat\/iesmontbui\/wp-json\/wp\/v2\/posts"}],"about":[{"href":"https:\/\/agora.xtec.cat\/iesmontbui\/wp-json\/wp\/v2\/types\/post"}],"author":[{"embeddable":true,"href":"https:\/\/agora.xtec.cat\/iesmontbui\/wp-json\/wp\/v2\/users\/66"}],"replies":[{"embeddable":true,"href":"https:\/\/agora.xtec.cat\/iesmontbui\/wp-json\/wp\/v2\/comments?post=5219"}],"version-history":[{"count":2,"href":"https:\/\/agora.xtec.cat\/iesmontbui\/wp-json\/wp\/v2\/posts\/5219\/revisions"}],"predecessor-version":[{"id":5224,"href":"https:\/\/agora.xtec.cat\/iesmontbui\/wp-json\/wp\/v2\/posts\/5219\/revisions\/5224"}],"wp:featuredmedia":[{"embeddable":true,"href":"https:\/\/agora.xtec.cat\/iesmontbui\/wp-json\/wp\/v2\/media\/5222"}],"wp:attachment":[{"href":"https:\/\/agora.xtec.cat\/iesmontbui\/wp-json\/wp\/v2\/media?parent=5219"}],"wp:term":[{"taxonomy":"category","embeddable":true,"href":"https:\/\/agora.xtec.cat\/iesmontbui\/wp-json\/wp\/v2\/categories?post=5219"},{"taxonomy":"post_tag","embeddable":true,"href":"https:\/\/agora.xtec.cat\/iesmontbui\/wp-json\/wp\/v2\/tags?post=5219"}],"curies":[{"name":"wp","href":"https:\/\/api.w.org\/{rel}","templated":true}]}}