{"id":5204,"date":"2020-10-06T17:31:14","date_gmt":"2020-10-06T15:31:14","guid":{"rendered":"https:\/\/agora.xtec.cat\/iesmontbui\/?p=5204"},"modified":"2020-10-06T17:32:01","modified_gmt":"2020-10-06T15:32:01","slug":"lins-montbui-reinterpreta-campeny","status":"publish","type":"post","link":"https:\/\/agora.xtec.cat\/iesmontbui\/general\/lins-montbui-reinterpreta-campeny\/","title":{"rendered":"L&#8217;INS Montbui reinterpreta Campeny"},"content":{"rendered":"<p>El passat dimarts, 28 de setembre, els alumnes de Literatura catalana de 2n. de<br \/>\nbatxillerat de l\u2019Institut Montbui van visitar l\u2019exposici\u00f3 d\u2019obra escult\u00f2rica \u201cRitmes.<br \/>\nJosep Campeny Santamaria (Igualada, 1858 &#8211; Barcelona, 1922)\u201d, que fins al febrer<br \/>\nde 2021 t\u00e9 lloc a la Sala d\u2019exposicions temporals del Museu de la Pell d\u2019Igualada i<br \/>\nComarcal de l\u2019Anoia.<\/p>\n<p>L\u2019obra escult\u00f2rica exposada, provinent dels fons familiars, representats per Xavier<br \/>\nMedina Campeny, de la Biblioteca Museu V\u00edctor Balaguer de Vilanova i la Geltr\u00fa, de<br \/>\nla Biblioteca de Catalunya, del Museu Comarcal de l\u2019Anoia i del Centre d\u2019Art del<br \/>\nMuseu de Matar\u00f3, entre altres, ofereixen una visi\u00f3 global de la traject\u00f2ria de l\u2019artista<br \/>\nigualad\u00ed Josep Campeny i Santamaria, format a l\u2019Escola de Belles Arts de Barcelona<br \/>\ni a Par\u00eds, sota la tutela dels seus parents Muntadas-Campeny, emprenedora fam\u00edlia<br \/>\nigualadina que tamb\u00e9 s\u2019havia instal\u00b7lat a Barcelona, on van fundar diverses f\u00e0briques<br \/>\nt\u00e8xtils, entre elles la coneguda Espa\u00f1a Industrial.<\/p>\n<p>Els alumnes de 2n. de batxillerat de l\u2019Institut Montbui, en la visita a l\u2019exposici\u00f3, van<br \/>\nreinterpretar l\u2019art escult\u00f2ric campenyi\u00e0 a partir de la base liter\u00e0ria dels moviments de<br \/>\nla Renaixen\u00e7a i del Modernisme (concretament des d\u2019un punt de vista d\u2019\u00c0ngel<br \/>\nGuimer\u00e0, Santiago Rusi\u00f1ol i Joan Maragall), tenint en compte que l\u2019artista va rebre<br \/>\nuna educaci\u00f3 renaixentista que despr\u00e9s aplic\u00e0 en la seva professi\u00f3, adaptant-lo al<br \/>\nper\u00edode del Modernisme i de l\u2019eclecticisme de la Mancomunitat, en qu\u00e8 esdevingu\u00e9<br \/>\nun escultor de prestigi. Aix\u00ed, una reinterpretaci\u00f3 amb base liter\u00e0ria d\u2019una obra<br \/>\nextensa, per\u00f2 centrada sobretot en les tem\u00e0tiques d\u2019animals en lluita i de la<br \/>\nnaturalesa, i de llur simbolisme, aix\u00ed com de l\u2019al\u00b7legoria mitol\u00f2gica i humana. L\u2019an\u00e0lisi<br \/>\nfou completada amb una interpretaci\u00f3 tamb\u00e9 de les t\u00e8cniques escult\u00f2riques<br \/>\nemprades per Josep Campeny i Santamaria.<\/p>\n","protected":false},"excerpt":{"rendered":"<p>El passat dimarts, 28 de setembre, els alumnes de Literatura catalana de 2n. de<br \/>\nbatxillerat de l\u2019Institut Montbui van visitar l\u2019exposici\u00f3 d\u2019obra escult\u00f2rica \u201cRitmes.<br \/>\nJosep Campeny Santamaria (Igualada, 1858 &#8211; Barcelona, 1922)\u201d, que fins al febrer<br \/>\nde 2021 t\u00e9 lloc a la Sala d\u2019exposicions temporals del Museu de&hellip;  <a href=\"https:\/\/agora.xtec.cat\/iesmontbui\/general\/lins-montbui-reinterpreta-campeny\/\" title=\"Read L&#8217;INS Montbui reinterpreta Campeny\">Llegeix m\u00e9s\u00bb<\/a><\/p>\n","protected":false},"author":66,"featured_media":5205,"comment_status":"open","ping_status":"closed","sticky":false,"template":"","format":"standard","meta":{"_bbp_topic_count":0,"_bbp_reply_count":0,"_bbp_total_topic_count":0,"_bbp_total_reply_count":0,"_bbp_voice_count":0,"_bbp_anonymous_reply_count":0,"_bbp_topic_count_hidden":0,"_bbp_reply_count_hidden":0,"_bbp_forum_subforum_count":0,"footnotes":""},"categories":[68,8,125,1,29],"tags":[],"class_list":["post-5204","post","type-post","status-publish","format-standard","has-post-thumbnail","hentry","category-batx-2","category-batxillerat","category-depllengues","category-general","category-portada"],"post_mailing_queue_ids":[],"_links":{"self":[{"href":"https:\/\/agora.xtec.cat\/iesmontbui\/wp-json\/wp\/v2\/posts\/5204","targetHints":{"allow":["GET"]}}],"collection":[{"href":"https:\/\/agora.xtec.cat\/iesmontbui\/wp-json\/wp\/v2\/posts"}],"about":[{"href":"https:\/\/agora.xtec.cat\/iesmontbui\/wp-json\/wp\/v2\/types\/post"}],"author":[{"embeddable":true,"href":"https:\/\/agora.xtec.cat\/iesmontbui\/wp-json\/wp\/v2\/users\/66"}],"replies":[{"embeddable":true,"href":"https:\/\/agora.xtec.cat\/iesmontbui\/wp-json\/wp\/v2\/comments?post=5204"}],"version-history":[{"count":1,"href":"https:\/\/agora.xtec.cat\/iesmontbui\/wp-json\/wp\/v2\/posts\/5204\/revisions"}],"predecessor-version":[{"id":5206,"href":"https:\/\/agora.xtec.cat\/iesmontbui\/wp-json\/wp\/v2\/posts\/5204\/revisions\/5206"}],"wp:featuredmedia":[{"embeddable":true,"href":"https:\/\/agora.xtec.cat\/iesmontbui\/wp-json\/wp\/v2\/media\/5205"}],"wp:attachment":[{"href":"https:\/\/agora.xtec.cat\/iesmontbui\/wp-json\/wp\/v2\/media?parent=5204"}],"wp:term":[{"taxonomy":"category","embeddable":true,"href":"https:\/\/agora.xtec.cat\/iesmontbui\/wp-json\/wp\/v2\/categories?post=5204"},{"taxonomy":"post_tag","embeddable":true,"href":"https:\/\/agora.xtec.cat\/iesmontbui\/wp-json\/wp\/v2\/tags?post=5204"}],"curies":[{"name":"wp","href":"https:\/\/api.w.org\/{rel}","templated":true}]}}