{"id":5174,"date":"2020-10-05T09:38:38","date_gmt":"2020-10-05T07:38:38","guid":{"rendered":"https:\/\/agora.xtec.cat\/iesmontbui\/?p=5174"},"modified":"2020-10-06T11:18:48","modified_gmt":"2020-10-06T09:18:48","slug":"programes-atrapallibres-i-protagonista-jove-2020-2021","status":"publish","type":"post","link":"https:\/\/agora.xtec.cat\/iesmontbui\/general\/programes-atrapallibres-i-protagonista-jove-2020-2021\/","title":{"rendered":"Programes Atrapallibres i Protagonista Jove   2020-2021"},"content":{"rendered":"<p>El centre treballa conjuntament amb la Biblioteca Municipal, Mont-\u00e0gora, per al foment de la lectura en l&#8217;alumnat amb els programes l&#8217;Atrapallibres per a primer d&#8217;ESO i el Protagonista Jove per als restants cursos. Els programes, organitzats pel Consell Catal\u00e0 del Llibre infantil i Juvenil(CLIJ), ofereixen la lectura de tres llibres,l&#8217;alumnat que vulgui participar ha d&#8217;anar a buscar a la Biblioteca, llavors despr\u00e9s de la lectura dels tres llibres, cap a finals d&#8217;abril inicis de maig, ha d&#8217;emetre uns vots per fer-nos saber quines lectures els han agradat m\u00e9s. Aquest alumnat t\u00e9 un reconeixement podent assistir als actes programats pel centre el dia de Sant Jordi i a la festa de graduaci\u00f3 que es far\u00e0 entrega d&#8217;un diploma i un val.<br \/>\nUs animem a participar-hi!!!<!--more--><\/p>\n<p>Ja us podeu inscriure a l&#8217;Atrapallibres (11-12 anys) i al Protagonista Jove (13-14 anys i 15-16 anys), qu\u00e8 heu de fer?:<br \/>\nAnar a la biblioteca Mont-\u00e0gora i despr\u00e9s d&#8217;inscriure-us, us donaran el primer exemplar de la lectura.<br \/>\nLlegir-vos les tres obres seleccionades.<br \/>\nEmetre el vostre vot tenint en compte la que m\u00e9s us ha agradat i la que menys.<br \/>\nPel fet de haver participat, teniu un diploma i un obsequi de l&#8217;Institut, que ser\u00e0 entregat a la festa de graduaci\u00f3.<br \/>\nParticipeu-hi!!!<br \/>\nLectures escollides:<br \/>\nAtrapallibres:<br \/>\nHOLM, Jennifer L. El peix n\u00famero 14. Il.lustr Gustavo Rold\u00e1n. Trad. Marc Donat. Viena.(El Jard\u00ed secret de Viena; 25)<br \/>\nGUTERSON, Ben.\u00a0Hotel Winterhouse.\u00a0Il.lustr: Cloe Bristol. Trad. Oriol S\u00e0nchez.<br \/>\nPOU, Gisela.\u00a0Palmira i l&#8217;efecte cris\u00e0lide. Ilustr. Francesc Rovira. Edeb\u00e9<\/p>\n<p>I si\u00a0 vols saber la tem\u00e0tica consulta la p\u00e0gina\u00a0https:\/\/iii.clijcat.cat\/Atrapallibres-Llibres-seleccionats<br \/>\nPROTAGONISTA JOVE:<br \/>\nCategoria\u00a0 13-14 anys<br \/>\nAVI.\u00a0La guerra dels botons.\u00a0Trad. David Nel.lo. Bamb\u00fa. (\u00c8xit; 12)<br \/>\nCORTES, Jes\u00fas.\u00a0Magus\u00a0(El mag). Bromera (Esfera;51)<br \/>\nSMY, Pan.\u00a0Thornhill. Blackie Books<br \/>\nP\u00e0gina de consulta:\u00a0<a href=\"https:\/\/iii.clijcat.cat\/Protagonista-Jove-Llibres-seleccionats\">https:\/\/iii.clijcat.cat\/Protagonista-Jove-Llibres-seleccionats<\/a><\/p>\n<p>Categoria 15- 16 anys<br \/>\nALIRE, Benjamin.\u00a0Arist\u00f2til i Dante descobreixen els secrets de l&#8217;univers. Trad. Maria Climent. L&#8217;Altra (L&#8217;Altra Tribu;4)<br \/>\nVIGAN, Delphine de.\u00a0Les lleialtats.\u00a0Trad. Jordi Mart\u00edn Lloret. Edicions 62 (Balanc\u00ed)<br \/>\nWINDHAM, John\u00a0El dia dels tr\u00edfids.\u00a0Trad. Ram\u00f3n Folch. L&#8217;Altra (L&#8217;Altra Tribu;3)<br \/>\nP\u00e0gina de consulta:\u00a0<a href=\"https:\/\/iii.clijcat.cat\/Protagonista-Jove-Llibres-seleccionats\">https:\/\/iii.clijcat.cat\/Protagonista-Jove-Llibres-seleccionats<\/a><br \/>\nQue tingueu molta i bona lectura!!!<\/p>\n","protected":false},"excerpt":{"rendered":"<p>El centre treballa conjuntament amb la Biblioteca Municipal, Mont-\u00e0gora, per al foment de la lectura en l&#8217;alumnat amb els programes l&#8217;Atrapallibres per a primer d&#8217;ESO i el Protagonista Jove per als restants cursos. Els programes, organitzats pel Consell Catal\u00e0 del Llibre infantil i Juvenil(CLIJ), ofereixen&hellip;  <a href=\"https:\/\/agora.xtec.cat\/iesmontbui\/general\/programes-atrapallibres-i-protagonista-jove-2020-2021\/\" title=\"Read Programes Atrapallibres i Protagonista Jove   2020-2021\">Llegeix m\u00e9s\u00bb<\/a><\/p>\n","protected":false},"author":55,"featured_media":5193,"comment_status":"open","ping_status":"closed","sticky":false,"template":"","format":"standard","meta":{"_bbp_topic_count":0,"_bbp_reply_count":0,"_bbp_total_topic_count":0,"_bbp_total_reply_count":0,"_bbp_voice_count":0,"_bbp_anonymous_reply_count":0,"_bbp_topic_count_hidden":0,"_bbp_reply_count_hidden":0,"_bbp_forum_subforum_count":0,"footnotes":""},"categories":[141,98,65,1,29],"tags":[],"class_list":["post-5174","post","type-post","status-publish","format-standard","has-post-thumbnail","hentry","category-biblio","category-comunicats","category-estudis","category-general","category-portada"],"post_mailing_queue_ids":[],"_links":{"self":[{"href":"https:\/\/agora.xtec.cat\/iesmontbui\/wp-json\/wp\/v2\/posts\/5174","targetHints":{"allow":["GET"]}}],"collection":[{"href":"https:\/\/agora.xtec.cat\/iesmontbui\/wp-json\/wp\/v2\/posts"}],"about":[{"href":"https:\/\/agora.xtec.cat\/iesmontbui\/wp-json\/wp\/v2\/types\/post"}],"author":[{"embeddable":true,"href":"https:\/\/agora.xtec.cat\/iesmontbui\/wp-json\/wp\/v2\/users\/55"}],"replies":[{"embeddable":true,"href":"https:\/\/agora.xtec.cat\/iesmontbui\/wp-json\/wp\/v2\/comments?post=5174"}],"version-history":[{"count":4,"href":"https:\/\/agora.xtec.cat\/iesmontbui\/wp-json\/wp\/v2\/posts\/5174\/revisions"}],"predecessor-version":[{"id":5197,"href":"https:\/\/agora.xtec.cat\/iesmontbui\/wp-json\/wp\/v2\/posts\/5174\/revisions\/5197"}],"wp:featuredmedia":[{"embeddable":true,"href":"https:\/\/agora.xtec.cat\/iesmontbui\/wp-json\/wp\/v2\/media\/5193"}],"wp:attachment":[{"href":"https:\/\/agora.xtec.cat\/iesmontbui\/wp-json\/wp\/v2\/media?parent=5174"}],"wp:term":[{"taxonomy":"category","embeddable":true,"href":"https:\/\/agora.xtec.cat\/iesmontbui\/wp-json\/wp\/v2\/categories?post=5174"},{"taxonomy":"post_tag","embeddable":true,"href":"https:\/\/agora.xtec.cat\/iesmontbui\/wp-json\/wp\/v2\/tags?post=5174"}],"curies":[{"name":"wp","href":"https:\/\/api.w.org\/{rel}","templated":true}]}}