{"id":5109,"date":"2020-09-15T08:00:20","date_gmt":"2020-09-15T06:00:20","guid":{"rendered":"https:\/\/agora.xtec.cat\/iesmontbui\/?p=5109"},"modified":"2020-09-15T00:57:08","modified_gmt":"2020-09-14T22:57:08","slug":"adequem-el-centre-al-nou-curs","status":"publish","type":"post","link":"https:\/\/agora.xtec.cat\/iesmontbui\/general\/adequem-el-centre-al-nou-curs\/","title":{"rendered":"Adeq\u00fcem el centre al nou curs"},"content":{"rendered":"<p>Durant tota la setmana s&#8217;han dut a terme una s\u00e8rie de mesures d&#8217;adequaci\u00f3 del centre per tal que puguem engegar el curs tots plegats de forma presencial.<\/p>\n<p>Entre d&#8217;altres actuacions, s&#8217;ha procedit a dividir els diversos patis per nivells, i a marcar els passadissos amb diferents colors, per controlar que durant els fluxos de moviment entre aquests patis i les aules els diferents nivells no es creuin.<\/p>\n<p>Totes les aules han estat dotades amb gel hidroalcoh\u00f2lic i altres productes desinfectants per assegurar en tot moment una higiene adequada, i les taules i cadires dels alumnes s&#8217;han col\u00b7locat individualment a suficient dist\u00e0ncia les unes de les altres.<\/p>\n<p>Finalment a la zona de consergeria i secretaria, per la seva especial naturalesa donat que hi poden confluir durant el dia els diferents cursos i tamb\u00e9 les possibles visites al centre, s&#8217;han col\u00b7locat unes mampares de separaci\u00f3 i s&#8217;ha marcat el terra amb les dist\u00e0ncies m\u00ednimes a respectar en cas de cues.<\/p>\n<p>Estem vivint un moments en que cal vetllar per la seguretat de tothom, i des de l&#8217;INS Montbui estem sempre alerta per introduir les mesures necess\u00e0ries per tal que el nostre centre es pugui considerar un entorn segur.<\/p>\n<p>&nbsp;<\/p>\n<p>Redacci\u00f3<\/p>\n\n\t\t<style type=\"text\/css\">\n\t\t\t#gallery-1 {\n\t\t\t\tmargin: auto;\n\t\t\t}\n\t\t\t#gallery-1 .gallery-item {\n\t\t\t\tfloat: left;\n\t\t\t\tmargin-top: 10px;\n\t\t\t\ttext-align: center;\n\t\t\t\twidth: 20%;\n\t\t\t}\n\t\t\t#gallery-1 img {\n\t\t\t\tborder: 2px solid #cfcfcf;\n\t\t\t}\n\t\t\t#gallery-1 .gallery-caption {\n\t\t\t\tmargin-left: 0;\n\t\t\t}\n\t\t\t\/* see gallery_shortcode() in wp-includes\/media.php *\/\n\t\t<\/style>\n\t\t<div id='gallery-1' class='gallery galleryid-5109 gallery-columns-5 gallery-size-thumbnail'><dl class='gallery-item'>\n\t\t\t<dt class='gallery-icon landscape'>\n\t\t\t\t<a href='https:\/\/agora.xtec.cat\/iesmontbui\/general\/adequem-el-centre-al-nou-curs\/attachment\/whatsapp-image-2020-09-09-at-09-15-29\/'><img loading=\"lazy\" decoding=\"async\" width=\"150\" height=\"150\" src=\"https:\/\/agora.xtec.cat\/iesmontbui\/wp-content\/uploads\/usu145\/2020\/09\/WhatsApp-Image-2020-09-09-at-09.15.29-150x150.jpeg\" class=\"attachment-thumbnail size-thumbnail\" alt=\"\" aria-describedby=\"gallery-1-5118\" \/><\/a>\n\t\t\t<\/dt>\n\t\t\t\t<dd class='wp-caption-text gallery-caption' id='gallery-1-5118'>\n\t\t\t\tProfessorat preparant els separadors dels patis\n\t\t\t\t<\/dd><\/dl><dl class='gallery-item'>\n\t\t\t<dt class='gallery-icon landscape'>\n\t\t\t\t<a href='https:\/\/agora.xtec.cat\/iesmontbui\/general\/adequem-el-centre-al-nou-curs\/attachment\/whatsapp-image-2020-09-09-at-09-15-28\/'><img loading=\"lazy\" decoding=\"async\" width=\"150\" height=\"150\" src=\"https:\/\/agora.xtec.cat\/iesmontbui\/wp-content\/uploads\/usu145\/2020\/09\/WhatsApp-Image-2020-09-09-at-09.15.28-150x150.jpeg\" class=\"attachment-thumbnail size-thumbnail\" alt=\"\" aria-describedby=\"gallery-1-5117\" \/><\/a>\n\t\t\t<\/dt>\n\t\t\t\t<dd class='wp-caption-text gallery-caption' id='gallery-1-5117'>\n\t\t\t\tSeparadors ja preparats\n\t\t\t\t<\/dd><\/dl><dl class='gallery-item'>\n\t\t\t<dt class='gallery-icon landscape'>\n\t\t\t\t<a href='https:\/\/agora.xtec.cat\/iesmontbui\/general\/adequem-el-centre-al-nou-curs\/attachment\/img_20200908_134056\/'><img loading=\"lazy\" decoding=\"async\" width=\"150\" height=\"150\" src=\"https:\/\/agora.xtec.cat\/iesmontbui\/wp-content\/uploads\/usu145\/2020\/09\/IMG_20200908_134056-150x150.jpg\" class=\"attachment-thumbnail size-thumbnail\" alt=\"\" aria-describedby=\"gallery-1-5110\" \/><\/a>\n\t\t\t<\/dt>\n\t\t\t\t<dd class='wp-caption-text gallery-caption' id='gallery-1-5110'>\n\t\t\t\tSeparador entre les zones de pati de 3r i 2n d&#8217;ESO\n\t\t\t\t<\/dd><\/dl><dl class='gallery-item'>\n\t\t\t<dt class='gallery-icon landscape'>\n\t\t\t\t<a href='https:\/\/agora.xtec.cat\/iesmontbui\/general\/adequem-el-centre-al-nou-curs\/attachment\/img_20200908_134031\/'><img loading=\"lazy\" decoding=\"async\" width=\"150\" height=\"150\" src=\"https:\/\/agora.xtec.cat\/iesmontbui\/wp-content\/uploads\/usu145\/2020\/09\/IMG_20200908_134031-150x150.jpg\" class=\"attachment-thumbnail size-thumbnail\" alt=\"\" aria-describedby=\"gallery-1-5116\" \/><\/a>\n\t\t\t<\/dt>\n\t\t\t\t<dd class='wp-caption-text gallery-caption' id='gallery-1-5116'>\n\t\t\t\tSeparador entre les zones de pati de 1r i 3r d&#8217;ESO\n\t\t\t\t<\/dd><\/dl><dl class='gallery-item'>\n\t\t\t<dt class='gallery-icon landscape'>\n\t\t\t\t<a href='https:\/\/agora.xtec.cat\/iesmontbui\/general\/adequem-el-centre-al-nou-curs\/attachment\/img_20200908_134144\/'><img loading=\"lazy\" decoding=\"async\" width=\"150\" height=\"150\" src=\"https:\/\/agora.xtec.cat\/iesmontbui\/wp-content\/uploads\/usu145\/2020\/09\/IMG_20200908_134144-150x150.jpg\" class=\"attachment-thumbnail size-thumbnail\" alt=\"\" aria-describedby=\"gallery-1-5111\" \/><\/a>\n\t\t\t<\/dt>\n\t\t\t\t<dd class='wp-caption-text gallery-caption' id='gallery-1-5111'>\n\t\t\t\tL&#8217;alumnat de 1r d&#8217;ESO ha de seguir les indicacions en color verd\n\t\t\t\t<\/dd><\/dl><br style=\"clear: both\" \/><dl class='gallery-item'>\n\t\t\t<dt class='gallery-icon landscape'>\n\t\t\t\t<a href='https:\/\/agora.xtec.cat\/iesmontbui\/general\/adequem-el-centre-al-nou-curs\/attachment\/img_20200908_134212\/'><img loading=\"lazy\" decoding=\"async\" width=\"150\" height=\"150\" src=\"https:\/\/agora.xtec.cat\/iesmontbui\/wp-content\/uploads\/usu145\/2020\/09\/IMG_20200908_134212-150x150.jpg\" class=\"attachment-thumbnail size-thumbnail\" alt=\"\" aria-describedby=\"gallery-1-5112\" \/><\/a>\n\t\t\t<\/dt>\n\t\t\t\t<dd class='wp-caption-text gallery-caption' id='gallery-1-5112'>\n\t\t\t\tL&#8217;alumnat de 4t d&#8217;ESO ha de seguir les indicacions en color blau\n\t\t\t\t<\/dd><\/dl><dl class='gallery-item'>\n\t\t\t<dt class='gallery-icon portrait'>\n\t\t\t\t<a href='https:\/\/agora.xtec.cat\/iesmontbui\/general\/adequem-el-centre-al-nou-curs\/attachment\/img_20200908_134743\/'><img loading=\"lazy\" decoding=\"async\" width=\"150\" height=\"150\" src=\"https:\/\/agora.xtec.cat\/iesmontbui\/wp-content\/uploads\/usu145\/2020\/09\/IMG_20200908_134743-150x150.jpg\" class=\"attachment-thumbnail size-thumbnail\" alt=\"\" aria-describedby=\"gallery-1-5114\" \/><\/a>\n\t\t\t<\/dt>\n\t\t\t\t<dd class='wp-caption-text gallery-caption' id='gallery-1-5114'>\n\t\t\t\tL&#8217;alumnat de 3r ha de seguir les indicacions en color vermell\n\t\t\t\t<\/dd><\/dl><dl class='gallery-item'>\n\t\t\t<dt class='gallery-icon portrait'>\n\t\t\t\t<a href='https:\/\/agora.xtec.cat\/iesmontbui\/general\/adequem-el-centre-al-nou-curs\/attachment\/img_20200908_134246\/'><img loading=\"lazy\" decoding=\"async\" width=\"150\" height=\"150\" src=\"https:\/\/agora.xtec.cat\/iesmontbui\/wp-content\/uploads\/usu145\/2020\/09\/IMG_20200908_134246-150x150.jpg\" class=\"attachment-thumbnail size-thumbnail\" alt=\"\" aria-describedby=\"gallery-1-5113\" \/><\/a>\n\t\t\t<\/dt>\n\t\t\t\t<dd class='wp-caption-text gallery-caption' id='gallery-1-5113'>\n\t\t\t\tLa zona de consergeria\/secretaria amb marcadors de dist\u00e0ncia al terra\n\t\t\t\t<\/dd><\/dl><dl class='gallery-item'>\n\t\t\t<dt class='gallery-icon landscape'>\n\t\t\t\t<a href='https:\/\/agora.xtec.cat\/iesmontbui\/general\/adequem-el-centre-al-nou-curs\/attachment\/img_20200910_151249\/'><img loading=\"lazy\" decoding=\"async\" width=\"150\" height=\"150\" src=\"https:\/\/agora.xtec.cat\/iesmontbui\/wp-content\/uploads\/usu145\/2020\/09\/IMG_20200910_151249-150x150.jpg\" class=\"attachment-thumbnail size-thumbnail\" alt=\"\" aria-describedby=\"gallery-1-5115\" \/><\/a>\n\t\t\t<\/dt>\n\t\t\t\t<dd class='wp-caption-text gallery-caption' id='gallery-1-5115'>\n\t\t\t\tLa zona de consergeria\/secretaria amb les noves mampares de seguretat\n\t\t\t\t<\/dd><\/dl>\n\t\t\t<br style='clear: both' \/>\n\t\t<\/div>\n\n","protected":false},"excerpt":{"rendered":"<p>Durant tota la setmana s&#8217;han dut a terme una s\u00e8rie de mesures d&#8217;adequaci\u00f3 del centre per tal que puguem engegar el curs tots plegats de forma presencial.<br \/>\nEntre d&#8217;altres actuacions, s&#8217;ha procedit a dividir els diversos patis per nivells, i a marcar els passadissos amb diferents&hellip;  <a href=\"https:\/\/agora.xtec.cat\/iesmontbui\/general\/adequem-el-centre-al-nou-curs\/\" title=\"Read Adeq\u00fcem el centre al nou curs\">Llegeix m\u00e9s\u00bb<\/a><\/p>\n","protected":false},"author":66,"featured_media":5115,"comment_status":"open","ping_status":"closed","sticky":false,"template":"","format":"standard","meta":{"_bbp_topic_count":0,"_bbp_reply_count":0,"_bbp_total_topic_count":0,"_bbp_total_reply_count":0,"_bbp_voice_count":0,"_bbp_anonymous_reply_count":0,"_bbp_topic_count_hidden":0,"_bbp_reply_count_hidden":0,"_bbp_forum_subforum_count":0,"footnotes":""},"categories":[31,3,1,62,29],"tags":[],"class_list":["post-5109","post","type-post","status-publish","format-standard","has-post-thumbnail","hentry","category-ampa","category-eso","category-general","category-orgacentre","category-portada"],"post_mailing_queue_ids":[],"_links":{"self":[{"href":"https:\/\/agora.xtec.cat\/iesmontbui\/wp-json\/wp\/v2\/posts\/5109","targetHints":{"allow":["GET"]}}],"collection":[{"href":"https:\/\/agora.xtec.cat\/iesmontbui\/wp-json\/wp\/v2\/posts"}],"about":[{"href":"https:\/\/agora.xtec.cat\/iesmontbui\/wp-json\/wp\/v2\/types\/post"}],"author":[{"embeddable":true,"href":"https:\/\/agora.xtec.cat\/iesmontbui\/wp-json\/wp\/v2\/users\/66"}],"replies":[{"embeddable":true,"href":"https:\/\/agora.xtec.cat\/iesmontbui\/wp-json\/wp\/v2\/comments?post=5109"}],"version-history":[{"count":1,"href":"https:\/\/agora.xtec.cat\/iesmontbui\/wp-json\/wp\/v2\/posts\/5109\/revisions"}],"predecessor-version":[{"id":5119,"href":"https:\/\/agora.xtec.cat\/iesmontbui\/wp-json\/wp\/v2\/posts\/5109\/revisions\/5119"}],"wp:featuredmedia":[{"embeddable":true,"href":"https:\/\/agora.xtec.cat\/iesmontbui\/wp-json\/wp\/v2\/media\/5115"}],"wp:attachment":[{"href":"https:\/\/agora.xtec.cat\/iesmontbui\/wp-json\/wp\/v2\/media?parent=5109"}],"wp:term":[{"taxonomy":"category","embeddable":true,"href":"https:\/\/agora.xtec.cat\/iesmontbui\/wp-json\/wp\/v2\/categories?post=5109"},{"taxonomy":"post_tag","embeddable":true,"href":"https:\/\/agora.xtec.cat\/iesmontbui\/wp-json\/wp\/v2\/tags?post=5109"}],"curies":[{"name":"wp","href":"https:\/\/api.w.org\/{rel}","templated":true}]}}