{"id":5084,"date":"2020-09-04T11:19:11","date_gmt":"2020-09-04T09:19:11","guid":{"rendered":"https:\/\/agora.xtec.cat\/iesmontbui\/?p=5084"},"modified":"2020-09-14T23:34:14","modified_gmt":"2020-09-14T21:34:14","slug":"benvinguda-a-les-families","status":"publish","type":"post","link":"https:\/\/agora.xtec.cat\/iesmontbui\/general\/benvinguda-a-les-families\/","title":{"rendered":"Benvinguda a les fam\u00edlies"},"content":{"rendered":"<p><span style=\"font-weight: 400;\">Benvolgudes fam\u00edlies,\u00a0<\/span><\/p>\n<p><span style=\"font-weight: 400;\">\u00a0<\/span><span style=\"font-weight: 400;\">Ens adrecem a vosaltres per explicar-vos quin ser\u00e0 el funcionament de l\u2019Institut en aquest curs que iniciem amb mesures extraordin\u00e0ries per motiu de la pand\u00e8mia.<\/span><\/p>\n<p><span style=\"font-weight: 400;\">La situaci\u00f3 canviant que estem vivim ens ha obligat a modificar bona part del nostre funcionament i adaptar-nos segons les pautes que marquen els Departaments de Salut i d\u2019Educaci\u00f3. Els centres educatius hem elaborat un <\/span><b>Pla d\u2019obertura per al curs 2020-2021<\/b><span style=\"font-weight: 400;\"> que defineix tamb\u00e9 un <\/span><b>Pla de Conting\u00e8ncia<\/b><span style=\"font-weight: 400;\"> en cas de confinament. El Pla provisional va ser posat en coneixement d\u2019Inspecci\u00f3 i explicat al Consell Escolar el mes de juliol, en aquests primers dies de setembre ha estat adaptat a les noves instruccions dels Departaments de Salut i Educaci\u00f3\u00a0 i\u00a0 properament el penjarem a la web del centre.<\/span><\/p>\n<p><span style=\"font-weight: 400;\">Volem remarcar especialment que <\/span><b>l\u2019\u00fas de la mascareta ser\u00e0 obligat\u00f2ria SEMPRE <\/b><span style=\"font-weight: 400;\">tal com definiran les Normes d\u2019Organitzaci\u00f3 i Funcionament de Centre (NOFC). I cal accedir al centre amb la Declaraci\u00f3 responsable signada.<\/span><\/p>\n<p><span style=\"font-weight: 400;\">Les condicions sanit\u00e0ries han fet que h\u00e0gim hagut d\u2019adaptar el nostre projecte educatiu. A continuaci\u00f3 us detallem els aspectes m\u00e9s destacats:\u00a0<\/span><\/p>\n<p><b>ESO:\u00a0<\/b><\/p>\n<ul>\n<li><span style=\"font-weight: 400;\"> \u00a0 \u00a0 <\/span><span style=\"font-weight: 400;\">A fi de tenir grups estables, l\u2019horari ser\u00e0 quadrimestral, fet que implica que algunes mat\u00e8ries s\u2019imparteixin de setembre a febrer, i d\u2019altres,\u00a0 de febrer a juny. N\u2019hi ha d\u2019altres, per\u00f2, que seguiran sent anuals.\u00a0<\/span><\/li>\n<li><span style=\"font-weight: 400;\"> \u00a0 \u00a0 <\/span><span style=\"font-weight: 400;\">Els grups d\u2019ESO tindran una mitjana d\u2019entre 22-25 alumnes per aula.\u00a0<\/span><\/li>\n<li><span style=\"font-weight: 400;\"> \u00a0 <\/span><span style=\"font-weight: 400;\">Projectes<\/span><span style=\"font-weight: 400;\">: els alumnes que facin AraArt (1r i 2n ESO) i Franc\u00e8s (1r, 2n, 3r i 4t ESO) els faran durant tot el curs i sortiran de tots els grups-classe del nivell. La resta de l\u2019alumnat de <\/span><i><span style=\"font-weight: 400;\">Projectes<\/span><\/i><span style=\"font-weight: 400;\"> far\u00e0 tots els 5 Projectes del nivell i els faran a l\u2019aula del grup-classe. A 3r d\u2019ESO el model \u00e9s amb major rotaci\u00f3 de projectes, per\u00f2 sempre mantenint o partint en 2 els grups estables. A 4t ESO: mat\u00e8ries de modalitat (franges 1, 2, i 3): \u00fas de mascareta i dist\u00e0ncia de seguretat.<\/span><\/li>\n<li><span style=\"font-weight: 400;\"> \u00a0 \u00a0 <\/span><span style=\"font-weight: 400;\">El curs comen\u00e7ar\u00e0 de manera presencial, i en cas d\u2019haver-nos de confinar, les classes seran telem\u00e0tiques com diu la part del Pla de conting\u00e8ncia a semblan\u00e7a del final de curs passat.<\/span><\/li>\n<\/ul>\n<p><b>\u00a0BATXILLERAT:\u00a0<\/b><\/p>\n<ul>\n<li><span style=\"font-weight: 400;\"> \u00a0 \u00a0 <\/span><span style=\"font-weight: 400;\">A\u00a0 Batxillerat els grups es faran per modalitats, agrupant dues modalitats. A 1r de batxillerat es faran quadrimestrals les mat\u00e8ries de catal\u00e0\/castell\u00e0 i CMC\/filosofia.<\/span><\/li>\n<li><span style=\"font-weight: 400;\"> \u00a0 \u00a0 <\/span><span style=\"font-weight: 400;\">Algunes classes, de la modalitat triada, seran sempre els mateixos alumnes. D\u2019altres, en funci\u00f3 de les mat\u00e8ries triades, seran mantenint la dist\u00e0ncia i amb la mascareta posada.<\/span><\/li>\n<li><span style=\"font-weight: 400;\"> \u00a0 \u00a0 <\/span><span style=\"font-weight: 400;\">El curs comen\u00e7ar\u00e0 de manera presencial, i en cas d\u2019haver-nos de confinar, les classes seran telem\u00e0tiques com diu la part del Pla de conting\u00e8ncia a semblan\u00e7a del final de curs passat.<\/span><\/li>\n<\/ul>\n<p><b>PFI:<\/b><\/p>\n<ul>\n<li>Pel que fa al PFI, els horaris es mantenen iguals que al curs anterior<\/li>\n<li><span style=\"font-weight: 400;\">El curs comen\u00e7ar\u00e0 de manera presencial, i en cas d\u2019haver-nos de confinar, les classes seran telem\u00e0tiques com diu la part del Pla de conting\u00e8ncia a semblan\u00e7a del final de curs passat.<\/span><\/li>\n<\/ul>\n<p><span style=\"font-weight: 400;\">Les <\/span><b>entrades i sortides<\/b><span style=\"font-weight: 400;\"> seran esglaonades i per 3 portes diferents. Cada nivell d\u2019ESO tindr\u00e0 el seu espai sectoritzat al pati, aix\u00ed com l\u2019acc\u00e9s al centre. El Pla d\u2019obertura detalla per on seran les entrades i sortides.\u00a0<\/span><\/p>\n<p><span style=\"font-weight: 400;\">Tot l\u2019alumnat menor de 18 anys haur\u00e0 de venir amb la <\/span><b>Declaraci\u00f3 responsable signada <\/b><span style=\"font-weight: 400;\">per un dels tutors legals (poden descarregar-la al <a href=\"https:\/\/drive.google.com\/file\/d\/1jECm9c2Ff0wsUb7Gg0HD1D6MAde8hE5n\/view?usp=sharing\">seg\u00fcent enlla\u00e7)<\/a> o major de 18 anys signada per a ell mateix (pot descarregar-la <a href=\"https:\/\/drive.google.com\/file\/d\/1__heq7KJnr1tRHsqJjpE7HS83GnP6X8o\/view?usp=sharing\" target=\"_blank\" rel=\"noopener noreferrer\">al seg\u00fcent enlla\u00e7<\/a>), <\/span><b>amb mascareta<\/b><span style=\"font-weight: 400;\"> i es recomana portar gel hidroalcoh\u00f2lic. Al web tamb\u00e9 trobareu la carta a les fam\u00edlies del Departament de Salut que descriu un <\/span><b>llistat de s\u00edmptomes<\/b><span style=\"font-weight: 400;\"> que us permetr\u00e0 saber en quins casos el vostre fill no pot venir al centre (poden consultar-la a <a href=\"https:\/\/drive.google.com\/file\/d\/1K7Zfrmf8cZ4Y3ofSf1oD7ydVTSx9gomz\/view?usp=sharing\">aquest enlla\u00e7<\/a>).\u00a0<\/span><\/p>\n<p><span style=\"font-weight: 400;\">Les presentacions entre alumnes i tutors seran el 14<\/span><b> de setembre<\/b><span style=\"font-weight: 400;\"> al llarg del mat\u00ed. Cada nivell i grup entrar\u00e0 de forma esglaonada i per portes diferents al centre. <\/span><b>Properament<\/b><span style=\"font-weight: 400;\">, els tutors de cada grup es posaran en contacte personalitzat amb cadascun de vosaltres informant-vos del grup-classe on estar\u00e0 assignat el vostre fill i de l\u2019hora i porta d\u2019entrada a l\u2019Institut. Pel que fa a la plataforma d&#8217;i<\/span><b>ntranet ieducaci\u00f3<\/b><span style=\"font-weight: 400;\">, actualment no est\u00e0 del tot operativa, ja que encara s&#8217;hi estan carregant dades. Els qui hi teniu acc\u00e9s la podreu consultar com sempre quan comencin les classes.<\/span><\/p>\n<p><span style=\"font-weight: 400;\">La situaci\u00f3 de pand\u00e8mia far\u00e0 que les sortides i\/o activitats complement\u00e0ries que es duien a terme en un curs normal s\u2019adaptin a les condicions que especifica el Pla. Esperem i desitgem que puguem tornar a la normalitat el m\u00e9s aviat possible. Mentrestant, us agra\u00efm per endavant la vostra col\u00b7laboraci\u00f3, comprensi\u00f3 i paci\u00e8ncia.\u00a0\u00a0<\/span><\/p>\n<p><span style=\"font-weight: 400;\">Per a qualsevol dubte, estem a la vostra disposici\u00f3.\u00a0<\/span><\/p>\n<p><span style=\"font-weight: 400;\">Ben cordialment,\u00a0<\/span><\/p>\n<p><span style=\"font-weight: 400;\">Equip Directiu<\/span><\/p>\n","protected":false},"excerpt":{"rendered":"<p>Benvolgudes fam\u00edlies,\u00a0<br \/>\n\u00a0Ens adrecem a vosaltres per explicar-vos quin ser\u00e0 el funcionament de l\u2019Institut en aquest curs que iniciem amb mesures extraordin\u00e0ries per motiu de la pand\u00e8mia.<br \/>\nLa situaci\u00f3 canviant que estem vivim ens ha obligat a modificar bona part del nostre funcionament i adaptar-nos segons les&hellip;  <a href=\"https:\/\/agora.xtec.cat\/iesmontbui\/general\/benvinguda-a-les-families\/\" title=\"Read Benvinguda a les fam\u00edlies\">Llegeix m\u00e9s\u00bb<\/a><\/p>\n","protected":false},"author":66,"featured_media":5085,"comment_status":"open","ping_status":"closed","sticky":false,"template":"","format":"standard","meta":{"_bbp_topic_count":0,"_bbp_reply_count":0,"_bbp_total_topic_count":0,"_bbp_total_reply_count":0,"_bbp_voice_count":0,"_bbp_anonymous_reply_count":0,"_bbp_topic_count_hidden":0,"_bbp_reply_count_hidden":0,"_bbp_forum_subforum_count":0,"footnotes":""},"categories":[31,98,1,29],"tags":[],"class_list":["post-5084","post","type-post","status-publish","format-standard","has-post-thumbnail","hentry","category-ampa","category-comunicats","category-general","category-portada"],"post_mailing_queue_ids":[],"_links":{"self":[{"href":"https:\/\/agora.xtec.cat\/iesmontbui\/wp-json\/wp\/v2\/posts\/5084","targetHints":{"allow":["GET"]}}],"collection":[{"href":"https:\/\/agora.xtec.cat\/iesmontbui\/wp-json\/wp\/v2\/posts"}],"about":[{"href":"https:\/\/agora.xtec.cat\/iesmontbui\/wp-json\/wp\/v2\/types\/post"}],"author":[{"embeddable":true,"href":"https:\/\/agora.xtec.cat\/iesmontbui\/wp-json\/wp\/v2\/users\/66"}],"replies":[{"embeddable":true,"href":"https:\/\/agora.xtec.cat\/iesmontbui\/wp-json\/wp\/v2\/comments?post=5084"}],"version-history":[{"count":4,"href":"https:\/\/agora.xtec.cat\/iesmontbui\/wp-json\/wp\/v2\/posts\/5084\/revisions"}],"predecessor-version":[{"id":5100,"href":"https:\/\/agora.xtec.cat\/iesmontbui\/wp-json\/wp\/v2\/posts\/5084\/revisions\/5100"}],"wp:featuredmedia":[{"embeddable":true,"href":"https:\/\/agora.xtec.cat\/iesmontbui\/wp-json\/wp\/v2\/media\/5085"}],"wp:attachment":[{"href":"https:\/\/agora.xtec.cat\/iesmontbui\/wp-json\/wp\/v2\/media?parent=5084"}],"wp:term":[{"taxonomy":"category","embeddable":true,"href":"https:\/\/agora.xtec.cat\/iesmontbui\/wp-json\/wp\/v2\/categories?post=5084"},{"taxonomy":"post_tag","embeddable":true,"href":"https:\/\/agora.xtec.cat\/iesmontbui\/wp-json\/wp\/v2\/tags?post=5084"}],"curies":[{"name":"wp","href":"https:\/\/api.w.org\/{rel}","templated":true}]}}