{"id":5079,"date":"2020-09-02T13:24:59","date_gmt":"2020-09-02T11:24:59","guid":{"rendered":"https:\/\/agora.xtec.cat\/iesmontbui\/?p=5079"},"modified":"2020-09-04T10:27:58","modified_gmt":"2020-09-04T08:27:58","slug":"informacio-important-inici-de-curs-2020-2021","status":"publish","type":"post","link":"https:\/\/agora.xtec.cat\/iesmontbui\/general\/informacio-important-inici-de-curs-2020-2021\/","title":{"rendered":"Informaci\u00f3 important inici de curs 2020-2021"},"content":{"rendered":"<p>Benvolgudes fam\u00edlies, ens adrecem a vost\u00e8s per informar-los sobre diferents aspectes a tenir en compte pel proper curs 2020-2021. Podeu trobar i descarregar tota aquesta informaci\u00f3 al <a href=\"https:\/\/drive.google.com\/file\/d\/1-RtIaWtsdqC-DIfGJXPXFTLBrJGDRQgE\/view?usp=sharing\">document seg\u00fcent<\/a><\/p>\n<p>&nbsp;<\/p>\n<p><strong>1.- HORARI MARC ESO, BATXILLERAT I PFI<\/strong><\/p>\n<p>De dilluns a divendres de 8 a 2\/4 de 3 (08:00 \u2013 14:30).<\/p>\n<p>Aquest horari contempla dos patis de 20 i 10 minuts respectivament, el primer a les 10:00 i el segon a les 12:20.<\/p>\n<p>A les tardes, Coordinaci\u00f3 d\u2019entorn i Coordinaci\u00f3 de l\u2019Associaci\u00f3 Esportiva Escolar han organitzat l\u2019oferta d\u2019activitats extraescolars que els presentarem a primers de setembre.<\/p>\n<p>&nbsp;<\/p>\n<p><strong>2.- CALENDARI SETEMBRE<\/strong><\/p>\n<p><strong><u>Dilluns 7 de setembre:<\/u><\/strong><\/p>\n<p>Recollida de Chromebooks (alumnat nou 1r, 2n i 3r d\u2019ESO) de 12:00 a 14:00 i de 15:00 a 17:00. No s\u2019entregar\u00e0 cap equip als alumnes, ha de venir un adult i caldr\u00e0 presentar el justificant del 2n pagament<strong>*<\/strong>, si no es va fer un pagament complet. Qui no pugui recollir l\u2019equip aquest dia, haur\u00e0 de pagar els ports de l\u2019enviament per missatgeria.<\/p>\n<p><em>*Recordin que cal realitzar el 2n pagament abans del dia 5 de setembre per ingr\u00e9s bancari, ja que per seguretat no s\u2019accepten pagaments en efectiu o targeta. Per m\u00e9s informaci\u00f3 sobre els pagaments, poden consultar el <a href=\"https:\/\/agora.xtec.cat\/iesmontbui\/general\/informacio-compra-chromebooks-curs-2020-2021\/\">seg\u00fcent enlla\u00e7<\/a><\/em><\/p>\n<p><strong><u>Dimecres 9 de setembre:<\/u><\/strong><\/p>\n<p>Recollida dels lots de llibres de reutilitzaci\u00f3 4t d\u2019ESO al local de l\u2019AMPA de 19:00 a 21:00.<\/p>\n<p><strong><u>Dilluns 14 de setembre:<\/u><\/strong><\/p>\n<p>Presentaci\u00f3 curs a l\u2019alumnat amb les tutores. <strong>Cal portar bol\u00edgraf<\/strong><\/p>\n<p><strong>09:00 h <\/strong>\u2013 Recepci\u00f3 alumnes 2n d\u2019ESO<\/p>\n<p><strong>10:00 h <\/strong>\u2013 Recepci\u00f3 alumnes 1r d\u2019ESO<\/p>\n<p><strong>11:00 h <\/strong>\u2013 Recepci\u00f3 alumnes 1r i 2n de Batxillerat i PFI<\/p>\n<p><strong>11:30 h <\/strong>\u2013 Recepci\u00f3 alumnes 3r d\u2019ESO<\/p>\n<p><strong>12:30 h <\/strong>\u2013 Recepci\u00f3 alumnes 4t d\u2019ESO<\/p>\n<p><strong><u>Dimarts 15 de setembre<\/u><\/strong><\/p>\n<p>Inici de les classes d\u2019ESO, Batxillerat i PFI, a l\u2019horari habitual.<\/p>\n<p>&nbsp;<\/p>\n<p><strong>3.- MESURES EXTRAORDIN\u00c0RIES COVID-19<\/strong><\/p>\n<p>Des de la Conselleria de Salut ens han fet arribar una carta amb una s\u00e8rie de mesures a tenir en compte a l\u2019accedir al centre per tal d\u2019evitar i controlar els possibles casos de Covid-19. Podeu consultar la carta completa en <a href=\"https:\/\/drive.google.com\/file\/d\/1K7Zfrmf8cZ4Y3ofSf1oD7ydVTSx9gomz\/view?usp=sharing\">aquest enlla\u00e7<\/a><\/p>\n<p><strong><u>Qu\u00e8 heu de tenir en compte a diari abans d\u2019accedir al centre educatiu?<\/u><\/strong><\/p>\n<ul>\n<li><strong>L\u2019alumne\/a no pot tenir una temperatura superior als 37,5\u00ba, ni haver redu\u00eft la temperatura amb antit\u00e8rmics.<\/strong><\/li>\n<li><strong>L\u2019alumnat m\u00e9s gran de 6 anys hi ha d\u2019entrar amb la mascareta ben posada<\/strong><\/li>\n<li><strong>L\u2019alumne\/a no pot tenir cap d\u2019aquests s\u00edmptomes:<\/strong><\/li>\n<\/ul>\n<p>Menor o igual a 14 anys<\/p>\n<p><em>Febre o febr\u00edcula, tos, dificultat per a respirar, mal de coll, congesti\u00f3 nasal, v\u00f2mits o diarrees, mal de cap, malestar i dolor muscular<\/em><\/p>\n<p><em>\u00a0<\/em><\/p>\n<p>M\u00e9s de 14 anys<\/p>\n<p><em>Febre o febr\u00edcula, tos, dificultat per a respirar, mal de coll, alteraci\u00f3 del gust o de l\u2019olfacte, v\u00f2mits o diarrees, mal de cap, malestar, calfreds i dolor muscular<\/em><\/p>\n<p><strong><u>A m\u00e9s, cap persona pot accedir-hi si:<\/u><\/strong><\/p>\n<ul>\n<li><strong>Est\u00e0 en a\u00efllament per ser positiu per COVID-19<\/strong><\/li>\n<li><strong>Est\u00e0 en espera del resultat d\u2019una PCR o una altra prova de diagn\u00f2stic de COVID-19<\/strong><\/li>\n<li><strong>Conviu amb una persona diagnosticada de COVID-19<\/strong><\/li>\n<li><strong>Est\u00e0 en a\u00efllament preventiu per ser contacte estret d\u2019un positiu per COVID-19<\/strong><\/li>\n<\/ul>\n<p><strong><u>Com es fa la prevenci\u00f3 de casos de la COVID-19<\/u><\/strong><\/p>\n<ul>\n<li><strong>Mascareta<em>:<\/em><\/strong><em> s\u2019haur\u00e0 de dur posada de casa i en bon estat. A partir de secund\u00e0ria la mascareta \u00e9s obligat\u00f2ria per a tot l\u2019alumnat en tot el recinte escolar<\/em><\/li>\n<li><strong>Higiene<em>: <\/em><\/strong><em>per augmentar la freq\u00fc\u00e8ncia en la higiene de mans el centre assegurar\u00e0 l\u2019acc\u00e9s a gel hidroalcoh\u00f2lic, per\u00f2 tamb\u00e9 es recomana que l\u2019alumnat en porti des de casa per a \u00fas personal.<\/em><\/li>\n<\/ul>\n<p><em>\u00a0<\/em><\/p>\n<p>La Direcci\u00f3<\/p>\n","protected":false},"excerpt":{"rendered":"<p>Benvolgudes fam\u00edlies, ens adrecem a vost\u00e8s per informar-los sobre diferents aspectes a tenir en compte pel proper curs 2020-2021. Podeu trobar i descarregar tota aquesta informaci\u00f3 al <a href=\"https:\/\/drive.google.com\/file\/d\/1-RtIaWtsdqC-DIfGJXPXFTLBrJGDRQgE\/view?usp=sharing\">document seg\u00fcent<\/a><br \/>\n&nbsp;<br \/>\n1.- HORARI MARC ESO, BATXILLERAT I PFI<br \/>\nDe dilluns a divendres de 8 a 2\/4 de 3&hellip;  <a href=\"https:\/\/agora.xtec.cat\/iesmontbui\/general\/informacio-important-inici-de-curs-2020-2021\/\" title=\"Read Informaci\u00f3 important inici de curs 2020-2021\">Llegeix m\u00e9s\u00bb<\/a><\/p>\n","protected":false},"author":66,"featured_media":3454,"comment_status":"open","ping_status":"closed","sticky":false,"template":"","format":"standard","meta":{"_bbp_topic_count":0,"_bbp_reply_count":0,"_bbp_total_topic_count":0,"_bbp_total_reply_count":0,"_bbp_voice_count":0,"_bbp_anonymous_reply_count":0,"_bbp_topic_count_hidden":0,"_bbp_reply_count_hidden":0,"_bbp_forum_subforum_count":0,"footnotes":""},"categories":[31,98,3,1,62,29],"tags":[],"class_list":["post-5079","post","type-post","status-publish","format-standard","has-post-thumbnail","hentry","category-ampa","category-comunicats","category-eso","category-general","category-orgacentre","category-portada"],"post_mailing_queue_ids":[],"_links":{"self":[{"href":"https:\/\/agora.xtec.cat\/iesmontbui\/wp-json\/wp\/v2\/posts\/5079","targetHints":{"allow":["GET"]}}],"collection":[{"href":"https:\/\/agora.xtec.cat\/iesmontbui\/wp-json\/wp\/v2\/posts"}],"about":[{"href":"https:\/\/agora.xtec.cat\/iesmontbui\/wp-json\/wp\/v2\/types\/post"}],"author":[{"embeddable":true,"href":"https:\/\/agora.xtec.cat\/iesmontbui\/wp-json\/wp\/v2\/users\/66"}],"replies":[{"embeddable":true,"href":"https:\/\/agora.xtec.cat\/iesmontbui\/wp-json\/wp\/v2\/comments?post=5079"}],"version-history":[{"count":3,"href":"https:\/\/agora.xtec.cat\/iesmontbui\/wp-json\/wp\/v2\/posts\/5079\/revisions"}],"predecessor-version":[{"id":5082,"href":"https:\/\/agora.xtec.cat\/iesmontbui\/wp-json\/wp\/v2\/posts\/5079\/revisions\/5082"}],"wp:featuredmedia":[{"embeddable":true,"href":"https:\/\/agora.xtec.cat\/iesmontbui\/wp-json\/wp\/v2\/media\/3454"}],"wp:attachment":[{"href":"https:\/\/agora.xtec.cat\/iesmontbui\/wp-json\/wp\/v2\/media?parent=5079"}],"wp:term":[{"taxonomy":"category","embeddable":true,"href":"https:\/\/agora.xtec.cat\/iesmontbui\/wp-json\/wp\/v2\/categories?post=5079"},{"taxonomy":"post_tag","embeddable":true,"href":"https:\/\/agora.xtec.cat\/iesmontbui\/wp-json\/wp\/v2\/tags?post=5079"}],"curies":[{"name":"wp","href":"https:\/\/api.w.org\/{rel}","templated":true}]}}